{"id":960,"date":"2020-03-02T10:43:13","date_gmt":"2020-03-02T10:43:13","guid":{"rendered":"https:\/\/zupnija-menges.rkc.si\/?p=960"},"modified":"2020-03-02T10:43:53","modified_gmt":"2020-03-02T10:43:53","slug":"prva-postna-nedelja","status":"publish","type":"post","link":"https:\/\/zupnija-menges.rkc.si\/index.php\/2020\/03\/02\/prva-postna-nedelja\/","title":{"rendered":"Prva postna nedelja"},"content":{"rendered":"<p>Ponedeljek, 2. marec<br \/>\npo sveti ma\u0161i, verou\u010dna u\u010dilnica: sestanek za katehiste in\u00a0katehistinje<br \/>\npo sveti ma\u0161i, \u017eupni\u0161\u010de: verouk za\u00a0odrasle<\/p>\n<p>Torek, 3. marec<br \/>\n20:00, \u017eupni\u0161\u010de: seja \u017dPS<\/p>\n<p>Sreda, 4. marec<br \/>\npo sveti ma\u0161i: molitev pred Najsvetej\u0161im v \u010dast sv. Jo\u017eefu<br \/>\n19:00,\u00a0\u017eupnijski dom: priprava star\u0161ev in botrov na krst otrok<\/p>\n<p>\u010cetrtek, 5. marec<br \/>\npo sveti ma\u0161i: molitev za nove duhovne poklice<\/p>\n<p>Petek, 6. marec<br \/>\nObisk bolnikov po domovih.<br \/>\n17:00, \u017eupnijska cerkev: molitev za\u00a0nerojene otroke<br \/>\n18:00, Pre\u017eganje: pri\u010detek duhovnega vikenda za birmance<\/p>\n<p>Sobota, 7. marec<br \/>\nCerkev in \u017eupnijski dom \u010disti skupina iz Malega Meng\u0161a vzhodno\u00a0od Liparjeve<br \/>\n17:00, \u017eupnijska cerkev bo molitev ro\u017enega venca pred najsvetej\u0161im na fatimski na\u010din<br \/>\npo sveti ma\u0161i:\u00a0celono\u010dno \u010de\u0161\u010denje pred Najsvetej\u0161im<\/p>\n<p>Nedelja, 8. marec<br \/>\n15:00, lo\u0161ka cerkev: pobo\u017enost kri\u017eevega pota<\/p>\n<p>Ma\u0161ni nameni<br \/>\n<img decoding=\"async\" loading=\"lazy\" class=\"alignleft size-large wp-image-961\" src=\"https:\/\/zupnija-menges.rkc.si\/wp-content\/uploads\/2020\/03\/ma\u0161e-8-20-791x1024.jpg\" alt=\"\" width=\"791\" height=\"1024\" srcset=\"https:\/\/zupnija-menges.rkc.si\/wp-content\/uploads\/2020\/03\/ma\u0161e-8-20-791x1024.jpg 791w, https:\/\/zupnija-menges.rkc.si\/wp-content\/uploads\/2020\/03\/ma\u0161e-8-20-232x300.jpg 232w, https:\/\/zupnija-menges.rkc.si\/wp-content\/uploads\/2020\/03\/ma\u0161e-8-20-768x994.jpg 768w, https:\/\/zupnija-menges.rkc.si\/wp-content\/uploads\/2020\/03\/ma\u0161e-8-20-830x1074.jpg 830w, https:\/\/zupnija-menges.rkc.si\/wp-content\/uploads\/2020\/03\/ma\u0161e-8-20-230x298.jpg 230w, https:\/\/zupnija-menges.rkc.si\/wp-content\/uploads\/2020\/03\/ma\u0161e-8-20-350x453.jpg 350w, https:\/\/zupnija-menges.rkc.si\/wp-content\/uploads\/2020\/03\/ma\u0161e-8-20-480x621.jpg 480w, https:\/\/zupnija-menges.rkc.si\/wp-content\/uploads\/2020\/03\/ma\u0161e-8-20.jpg 1989w\" sizes=\"(max-width: 791px) 100vw, 791px\" \/><\/p>\n","protected":false},"excerpt":{"rendered":"<p>Ponedeljek, 2. marec po sveti ma\u0161i, verou\u010dna u\u010dilnica: sestanek za katehiste in\u00a0katehistinje po sveti ma\u0161i, \u017eupni\u0161\u010de: verouk za\u00a0odrasle Torek, 3. marec 20:00, \u017eupni\u0161\u010de: seja \u017dPS Sreda, 4. marec po sveti [&hellip;]<\/p>\n","protected":false},"author":2,"featured_media":641,"comment_status":"closed","ping_status":"closed","sticky":false,"template":"","format":"standard","meta":[],"categories":[3],"tags":[],"yoast_head":"<!-- This site is optimized with the Yoast SEO plugin v20.5 - https:\/\/yoast.com\/wordpress\/plugins\/seo\/ -->\n<title>Prva postna nedelja - \u017dupnija Menge\u0161<\/title>\n<meta name=\"robots\" content=\"index, follow, max-snippet:-1, max-image-preview:large, max-video-preview:-1\" \/>\n<link rel=\"canonical\" href=\"https:\/\/zupnija-menges.rkc.si\/index.php\/2020\/03\/02\/prva-postna-nedelja\/\" \/>\n<meta property=\"og:locale\" content=\"sl_SI\" \/>\n<meta property=\"og:type\" content=\"article\" \/>\n<meta property=\"og:title\" content=\"Prva postna nedelja - \u017dupnija Menge\u0161\" \/>\n<meta property=\"og:description\" content=\"Ponedeljek, 2. marec po sveti ma\u0161i, verou\u010dna u\u010dilnica: sestanek za katehiste in\u00a0katehistinje po sveti ma\u0161i, \u017eupni\u0161\u010de: verouk za\u00a0odrasle Torek, 3. marec 20:00, \u017eupni\u0161\u010de: seja \u017dPS Sreda, 4. marec po sveti [&hellip;]\" \/>\n<meta property=\"og:url\" content=\"https:\/\/zupnija-menges.rkc.si\/index.php\/2020\/03\/02\/prva-postna-nedelja\/\" \/>\n<meta property=\"og:site_name\" content=\"\u017dupnija Menge\u0161\" \/>\n<meta property=\"article:published_time\" content=\"2020-03-02T10:43:13+00:00\" \/>\n<meta property=\"article:modified_time\" content=\"2020-03-02T10:43:53+00:00\" \/>\n<meta property=\"og:image\" content=\"https:\/\/zupnija-menges.rkc.si\/wp-content\/uploads\/2019\/03\/Fa\u0142at_Julian_Popielec-e1551813847393.jpg\" \/>\n\t<meta property=\"og:image:width\" content=\"431\" \/>\n\t<meta property=\"og:image:height\" content=\"300\" \/>\n\t<meta property=\"og:image:type\" content=\"image\/jpeg\" \/>\n<meta name=\"author\" content=\"\u017dupnija Menge\u0161\" \/>\n<meta name=\"twitter:card\" content=\"summary_large_image\" \/>\n<meta name=\"twitter:label1\" content=\"Written by\" \/>\n\t<meta name=\"twitter:data1\" content=\"\u017dupnija Menge\u0161\" \/>\n\t<meta name=\"twitter:label2\" content=\"Est. reading time\" \/>\n\t<meta name=\"twitter:data2\" content=\"1 minuta\" \/>\n<script type=\"application\/ld+json\" class=\"yoast-schema-graph\">{\"@context\":\"https:\/\/schema.org\",\"@graph\":[{\"@type\":\"WebPage\",\"@id\":\"https:\/\/zupnija-menges.rkc.si\/index.php\/2020\/03\/02\/prva-postna-nedelja\/\",\"url\":\"https:\/\/zupnija-menges.rkc.si\/index.php\/2020\/03\/02\/prva-postna-nedelja\/\",\"name\":\"Prva postna nedelja - \u017dupnija Menge\u0161\",\"isPartOf\":{\"@id\":\"https:\/\/zupnija-menges.rkc.si\/#website\"},\"datePublished\":\"2020-03-02T10:43:13+00:00\",\"dateModified\":\"2020-03-02T10:43:53+00:00\",\"author\":{\"@id\":\"https:\/\/zupnija-menges.rkc.si\/#\/schema\/person\/30a6136b3e62fe0948bbeadab6a011c8\"},\"breadcrumb\":{\"@id\":\"https:\/\/zupnija-menges.rkc.si\/index.php\/2020\/03\/02\/prva-postna-nedelja\/#breadcrumb\"},\"inLanguage\":\"sl-SI\",\"potentialAction\":[{\"@type\":\"ReadAction\",\"target\":[\"https:\/\/zupnija-menges.rkc.si\/index.php\/2020\/03\/02\/prva-postna-nedelja\/\"]}]},{\"@type\":\"BreadcrumbList\",\"@id\":\"https:\/\/zupnija-menges.rkc.si\/index.php\/2020\/03\/02\/prva-postna-nedelja\/#breadcrumb\",\"itemListElement\":[{\"@type\":\"ListItem\",\"position\":1,\"name\":\"Home\",\"item\":\"https:\/\/zupnija-menges.rkc.si\/\"},{\"@type\":\"ListItem\",\"position\":2,\"name\":\"Prva postna nedelja\"}]},{\"@type\":\"WebSite\",\"@id\":\"https:\/\/zupnija-menges.rkc.si\/#website\",\"url\":\"https:\/\/zupnija-menges.rkc.si\/\",\"name\":\"\u017dupnija Menge\u0161\",\"description\":\"\",\"potentialAction\":[{\"@type\":\"SearchAction\",\"target\":{\"@type\":\"EntryPoint\",\"urlTemplate\":\"https:\/\/zupnija-menges.rkc.si\/?s={search_term_string}\"},\"query-input\":\"required name=search_term_string\"}],\"inLanguage\":\"sl-SI\"},{\"@type\":\"Person\",\"@id\":\"https:\/\/zupnija-menges.rkc.si\/#\/schema\/person\/30a6136b3e62fe0948bbeadab6a011c8\",\"name\":\"\u017dupnija Menge\u0161\",\"image\":{\"@type\":\"ImageObject\",\"inLanguage\":\"sl-SI\",\"@id\":\"https:\/\/zupnija-menges.rkc.si\/#\/schema\/person\/image\/\",\"url\":\"https:\/\/secure.gravatar.com\/avatar\/5ab28e97e020e17154731a602459bd9e?s=96&d=mm&r=g\",\"contentUrl\":\"https:\/\/secure.gravatar.com\/avatar\/5ab28e97e020e17154731a602459bd9e?s=96&d=mm&r=g\",\"caption\":\"\u017dupnija Menge\u0161\"},\"url\":\"https:\/\/zupnija-menges.rkc.si\/index.php\/author\/zumenges\/\"}]}<\/script>\n<!-- \/ Yoast SEO plugin. -->","yoast_head_json":{"title":"Prva postna nedelja - \u017dupnija Menge\u0161","robots":{"index":"index","follow":"follow","max-snippet":"max-snippet:-1","max-image-preview":"max-image-preview:large","max-video-preview":"max-video-preview:-1"},"canonical":"https:\/\/zupnija-menges.rkc.si\/index.php\/2020\/03\/02\/prva-postna-nedelja\/","og_locale":"sl_SI","og_type":"article","og_title":"Prva postna nedelja - \u017dupnija Menge\u0161","og_description":"Ponedeljek, 2. marec po sveti ma\u0161i, verou\u010dna u\u010dilnica: sestanek za katehiste in\u00a0katehistinje po sveti ma\u0161i, \u017eupni\u0161\u010de: verouk za\u00a0odrasle Torek, 3. marec 20:00, \u017eupni\u0161\u010de: seja \u017dPS Sreda, 4. marec po sveti [&hellip;]","og_url":"https:\/\/zupnija-menges.rkc.si\/index.php\/2020\/03\/02\/prva-postna-nedelja\/","og_site_name":"\u017dupnija Menge\u0161","article_published_time":"2020-03-02T10:43:13+00:00","article_modified_time":"2020-03-02T10:43:53+00:00","og_image":[{"width":431,"height":300,"url":"https:\/\/zupnija-menges.rkc.si\/wp-content\/uploads\/2019\/03\/Fa\u0142at_Julian_Popielec-e1551813847393.jpg","type":"image\/jpeg"}],"author":"\u017dupnija Menge\u0161","twitter_card":"summary_large_image","twitter_misc":{"Written by":"\u017dupnija Menge\u0161","Est. reading time":"1 minuta"},"schema":{"@context":"https:\/\/schema.org","@graph":[{"@type":"WebPage","@id":"https:\/\/zupnija-menges.rkc.si\/index.php\/2020\/03\/02\/prva-postna-nedelja\/","url":"https:\/\/zupnija-menges.rkc.si\/index.php\/2020\/03\/02\/prva-postna-nedelja\/","name":"Prva postna nedelja - \u017dupnija Menge\u0161","isPartOf":{"@id":"https:\/\/zupnija-menges.rkc.si\/#website"},"datePublished":"2020-03-02T10:43:13+00:00","dateModified":"2020-03-02T10:43:53+00:00","author":{"@id":"https:\/\/zupnija-menges.rkc.si\/#\/schema\/person\/30a6136b3e62fe0948bbeadab6a011c8"},"breadcrumb":{"@id":"https:\/\/zupnija-menges.rkc.si\/index.php\/2020\/03\/02\/prva-postna-nedelja\/#breadcrumb"},"inLanguage":"sl-SI","potentialAction":[{"@type":"ReadAction","target":["https:\/\/zupnija-menges.rkc.si\/index.php\/2020\/03\/02\/prva-postna-nedelja\/"]}]},{"@type":"BreadcrumbList","@id":"https:\/\/zupnija-menges.rkc.si\/index.php\/2020\/03\/02\/prva-postna-nedelja\/#breadcrumb","itemListElement":[{"@type":"ListItem","position":1,"name":"Home","item":"https:\/\/zupnija-menges.rkc.si\/"},{"@type":"ListItem","position":2,"name":"Prva postna nedelja"}]},{"@type":"WebSite","@id":"https:\/\/zupnija-menges.rkc.si\/#website","url":"https:\/\/zupnija-menges.rkc.si\/","name":"\u017dupnija Menge\u0161","description":"","potentialAction":[{"@type":"SearchAction","target":{"@type":"EntryPoint","urlTemplate":"https:\/\/zupnija-menges.rkc.si\/?s={search_term_string}"},"query-input":"required name=search_term_string"}],"inLanguage":"sl-SI"},{"@type":"Person","@id":"https:\/\/zupnija-menges.rkc.si\/#\/schema\/person\/30a6136b3e62fe0948bbeadab6a011c8","name":"\u017dupnija Menge\u0161","image":{"@type":"ImageObject","inLanguage":"sl-SI","@id":"https:\/\/zupnija-menges.rkc.si\/#\/schema\/person\/image\/","url":"https:\/\/secure.gravatar.com\/avatar\/5ab28e97e020e17154731a602459bd9e?s=96&d=mm&r=g","contentUrl":"https:\/\/secure.gravatar.com\/avatar\/5ab28e97e020e17154731a602459bd9e?s=96&d=mm&r=g","caption":"\u017dupnija Menge\u0161"},"url":"https:\/\/zupnija-menges.rkc.si\/index.php\/author\/zumenges\/"}]}},"_links":{"self":[{"href":"https:\/\/zupnija-menges.rkc.si\/index.php\/wp-json\/wp\/v2\/posts\/960"}],"collection":[{"href":"https:\/\/zupnija-menges.rkc.si\/index.php\/wp-json\/wp\/v2\/posts"}],"about":[{"href":"https:\/\/zupnija-menges.rkc.si\/index.php\/wp-json\/wp\/v2\/types\/post"}],"author":[{"embeddable":true,"href":"https:\/\/zupnija-menges.rkc.si\/index.php\/wp-json\/wp\/v2\/users\/2"}],"replies":[{"embeddable":true,"href":"https:\/\/zupnija-menges.rkc.si\/index.php\/wp-json\/wp\/v2\/comments?post=960"}],"version-history":[{"count":1,"href":"https:\/\/zupnija-menges.rkc.si\/index.php\/wp-json\/wp\/v2\/posts\/960\/revisions"}],"predecessor-version":[{"id":962,"href":"https:\/\/zupnija-menges.rkc.si\/index.php\/wp-json\/wp\/v2\/posts\/960\/revisions\/962"}],"wp:featuredmedia":[{"embeddable":true,"href":"https:\/\/zupnija-menges.rkc.si\/index.php\/wp-json\/wp\/v2\/media\/641"}],"wp:attachment":[{"href":"https:\/\/zupnija-menges.rkc.si\/index.php\/wp-json\/wp\/v2\/media?parent=960"}],"wp:term":[{"taxonomy":"category","embeddable":true,"href":"https:\/\/zupnija-menges.rkc.si\/index.php\/wp-json\/wp\/v2\/categories?post=960"},{"taxonomy":"post_tag","embeddable":true,"href":"https:\/\/zupnija-menges.rkc.si\/index.php\/wp-json\/wp\/v2\/tags?post=960"}],"curies":[{"name":"wp","href":"https:\/\/api.w.org\/{rel}","templated":true}]}}