{"id":927,"date":"2020-01-14T10:08:03","date_gmt":"2020-01-14T10:08:03","guid":{"rendered":"https:\/\/zupnija-menges.rkc.si\/?p=927"},"modified":"2020-01-14T10:08:03","modified_gmt":"2020-01-14T10:08:03","slug":"nedelja-jezusovega-krsta","status":"publish","type":"post","link":"https:\/\/zupnija-menges.rkc.si\/index.php\/2020\/01\/14\/nedelja-jezusovega-krsta\/","title":{"rendered":"Nedelja Jezusovega krsta"},"content":{"rendered":"<p>Sreda, 15. 1.<br \/>\n19.00, \u017eupnijski dom: predavanje za star\u0161e birmancev, birmanske botre in birmance<br \/>\npo sveti ma\u0161i, \u017eupnijska cerkev: molitev pred Najsvetej\u0161im za \u017eupnijo<\/p>\n<p>\u010cetrtek, 16. 1.<br \/>\n18.00, \u017eupnija Trzin, verou\u010dna u\u010dilnica: te\u010daj za bralce beril, ki ga bo vodil dramski igralec Pavle Ravnohrib<\/p>\n<p>Sobota, 17. 1.<br \/>\nCerkev in \u017eupnijski dom \u010distijo \u017eupljani iz Velikega Meng\u0161a od Grobeljske do Kolodvorske.<br \/>\nod 10.00 do 18.00: zimski oratorijski dan. <a href=\"https:\/\/zupnija-menges.rkc.si\/wp-content\/uploads\/2019\/12\/prijavnica-za-oratorij.pdf\" target=\"_blank\" rel=\"noopener\">Prijavite se \u010dim prej.<\/a><\/p>\n<p>Nedelja, 18. 1.<br \/>\nPri ma\u0161i ob 10.00 sodeluje birmanska skupina, ki jo vodi s. Jelka.<\/p>\n<p>&nbsp;<\/p>\n<p>Ma\u0161ni nameni:<br \/>\n<img decoding=\"async\" loading=\"lazy\" class=\"alignleft size-large wp-image-928\" src=\"https:\/\/zupnija-menges.rkc.si\/wp-content\/uploads\/2020\/01\/ma\u0161e-2-20-724x1024.jpg\" alt=\"\" width=\"724\" height=\"1024\" srcset=\"https:\/\/zupnija-menges.rkc.si\/wp-content\/uploads\/2020\/01\/ma\u0161e-2-20-724x1024.jpg 724w, https:\/\/zupnija-menges.rkc.si\/wp-content\/uploads\/2020\/01\/ma\u0161e-2-20-212x300.jpg 212w, https:\/\/zupnija-menges.rkc.si\/wp-content\/uploads\/2020\/01\/ma\u0161e-2-20-768x1086.jpg 768w, https:\/\/zupnija-menges.rkc.si\/wp-content\/uploads\/2020\/01\/ma\u0161e-2-20-830x1174.jpg 830w, https:\/\/zupnija-menges.rkc.si\/wp-content\/uploads\/2020\/01\/ma\u0161e-2-20-230x325.jpg 230w, https:\/\/zupnija-menges.rkc.si\/wp-content\/uploads\/2020\/01\/ma\u0161e-2-20-350x495.jpg 350w, https:\/\/zupnija-menges.rkc.si\/wp-content\/uploads\/2020\/01\/ma\u0161e-2-20-480x679.jpg 480w, https:\/\/zupnija-menges.rkc.si\/wp-content\/uploads\/2020\/01\/ma\u0161e-2-20.jpg 1819w\" sizes=\"(max-width: 724px) 100vw, 724px\" \/><\/p>\n","protected":false},"excerpt":{"rendered":"<p>Sreda, 15. 1. 19.00, \u017eupnijski dom: predavanje za star\u0161e birmancev, birmanske botre in birmance po sveti ma\u0161i, \u017eupnijska cerkev: molitev pred Najsvetej\u0161im za \u017eupnijo \u010cetrtek, 16. 1. 18.00, \u017eupnija Trzin, [&hellip;]<\/p>\n","protected":false},"author":2,"featured_media":602,"comment_status":"closed","ping_status":"closed","sticky":false,"template":"","format":"standard","meta":[],"categories":[3],"tags":[],"yoast_head":"<!-- This site is optimized with the Yoast SEO plugin v20.5 - https:\/\/yoast.com\/wordpress\/plugins\/seo\/ -->\n<title>Nedelja Jezusovega krsta - \u017dupnija Menge\u0161<\/title>\n<meta name=\"robots\" content=\"index, follow, max-snippet:-1, max-image-preview:large, max-video-preview:-1\" \/>\n<link rel=\"canonical\" href=\"https:\/\/zupnija-menges.rkc.si\/index.php\/2020\/01\/14\/nedelja-jezusovega-krsta\/\" \/>\n<meta property=\"og:locale\" content=\"sl_SI\" \/>\n<meta property=\"og:type\" content=\"article\" \/>\n<meta property=\"og:title\" content=\"Nedelja Jezusovega krsta - \u017dupnija Menge\u0161\" \/>\n<meta property=\"og:description\" content=\"Sreda, 15. 1. 19.00, \u017eupnijski dom: predavanje za star\u0161e birmancev, birmanske botre in birmance po sveti ma\u0161i, \u017eupnijska cerkev: molitev pred Najsvetej\u0161im za \u017eupnijo \u010cetrtek, 16. 1. 18.00, \u017eupnija Trzin, [&hellip;]\" \/>\n<meta property=\"og:url\" content=\"https:\/\/zupnija-menges.rkc.si\/index.php\/2020\/01\/14\/nedelja-jezusovega-krsta\/\" \/>\n<meta property=\"og:site_name\" content=\"\u017dupnija Menge\u0161\" \/>\n<meta property=\"article:published_time\" content=\"2020-01-14T10:08:03+00:00\" \/>\n<meta property=\"og:image\" content=\"https:\/\/zupnija-menges.rkc.si\/wp-content\/uploads\/2019\/01\/Gustave_Dore_-_Jezusov-krst-e1547469111319.jpg\" \/>\n\t<meta property=\"og:image:width\" content=\"300\" \/>\n\t<meta property=\"og:image:height\" content=\"380\" \/>\n\t<meta property=\"og:image:type\" content=\"image\/jpeg\" \/>\n<meta name=\"author\" content=\"\u017dupnija Menge\u0161\" \/>\n<meta name=\"twitter:card\" content=\"summary_large_image\" \/>\n<meta name=\"twitter:label1\" content=\"Written by\" \/>\n\t<meta name=\"twitter:data1\" content=\"\u017dupnija Menge\u0161\" \/>\n<script type=\"application\/ld+json\" class=\"yoast-schema-graph\">{\"@context\":\"https:\/\/schema.org\",\"@graph\":[{\"@type\":\"WebPage\",\"@id\":\"https:\/\/zupnija-menges.rkc.si\/index.php\/2020\/01\/14\/nedelja-jezusovega-krsta\/\",\"url\":\"https:\/\/zupnija-menges.rkc.si\/index.php\/2020\/01\/14\/nedelja-jezusovega-krsta\/\",\"name\":\"Nedelja Jezusovega krsta - \u017dupnija Menge\u0161\",\"isPartOf\":{\"@id\":\"https:\/\/zupnija-menges.rkc.si\/#website\"},\"datePublished\":\"2020-01-14T10:08:03+00:00\",\"dateModified\":\"2020-01-14T10:08:03+00:00\",\"author\":{\"@id\":\"https:\/\/zupnija-menges.rkc.si\/#\/schema\/person\/30a6136b3e62fe0948bbeadab6a011c8\"},\"breadcrumb\":{\"@id\":\"https:\/\/zupnija-menges.rkc.si\/index.php\/2020\/01\/14\/nedelja-jezusovega-krsta\/#breadcrumb\"},\"inLanguage\":\"sl-SI\",\"potentialAction\":[{\"@type\":\"ReadAction\",\"target\":[\"https:\/\/zupnija-menges.rkc.si\/index.php\/2020\/01\/14\/nedelja-jezusovega-krsta\/\"]}]},{\"@type\":\"BreadcrumbList\",\"@id\":\"https:\/\/zupnija-menges.rkc.si\/index.php\/2020\/01\/14\/nedelja-jezusovega-krsta\/#breadcrumb\",\"itemListElement\":[{\"@type\":\"ListItem\",\"position\":1,\"name\":\"Home\",\"item\":\"https:\/\/zupnija-menges.rkc.si\/\"},{\"@type\":\"ListItem\",\"position\":2,\"name\":\"Nedelja Jezusovega krsta\"}]},{\"@type\":\"WebSite\",\"@id\":\"https:\/\/zupnija-menges.rkc.si\/#website\",\"url\":\"https:\/\/zupnija-menges.rkc.si\/\",\"name\":\"\u017dupnija Menge\u0161\",\"description\":\"\",\"potentialAction\":[{\"@type\":\"SearchAction\",\"target\":{\"@type\":\"EntryPoint\",\"urlTemplate\":\"https:\/\/zupnija-menges.rkc.si\/?s={search_term_string}\"},\"query-input\":\"required name=search_term_string\"}],\"inLanguage\":\"sl-SI\"},{\"@type\":\"Person\",\"@id\":\"https:\/\/zupnija-menges.rkc.si\/#\/schema\/person\/30a6136b3e62fe0948bbeadab6a011c8\",\"name\":\"\u017dupnija Menge\u0161\",\"image\":{\"@type\":\"ImageObject\",\"inLanguage\":\"sl-SI\",\"@id\":\"https:\/\/zupnija-menges.rkc.si\/#\/schema\/person\/image\/\",\"url\":\"https:\/\/secure.gravatar.com\/avatar\/5ab28e97e020e17154731a602459bd9e?s=96&d=mm&r=g\",\"contentUrl\":\"https:\/\/secure.gravatar.com\/avatar\/5ab28e97e020e17154731a602459bd9e?s=96&d=mm&r=g\",\"caption\":\"\u017dupnija Menge\u0161\"},\"url\":\"https:\/\/zupnija-menges.rkc.si\/index.php\/author\/zumenges\/\"}]}<\/script>\n<!-- \/ Yoast SEO plugin. -->","yoast_head_json":{"title":"Nedelja Jezusovega krsta - \u017dupnija Menge\u0161","robots":{"index":"index","follow":"follow","max-snippet":"max-snippet:-1","max-image-preview":"max-image-preview:large","max-video-preview":"max-video-preview:-1"},"canonical":"https:\/\/zupnija-menges.rkc.si\/index.php\/2020\/01\/14\/nedelja-jezusovega-krsta\/","og_locale":"sl_SI","og_type":"article","og_title":"Nedelja Jezusovega krsta - \u017dupnija Menge\u0161","og_description":"Sreda, 15. 1. 19.00, \u017eupnijski dom: predavanje za star\u0161e birmancev, birmanske botre in birmance po sveti ma\u0161i, \u017eupnijska cerkev: molitev pred Najsvetej\u0161im za \u017eupnijo \u010cetrtek, 16. 1. 18.00, \u017eupnija Trzin, [&hellip;]","og_url":"https:\/\/zupnija-menges.rkc.si\/index.php\/2020\/01\/14\/nedelja-jezusovega-krsta\/","og_site_name":"\u017dupnija Menge\u0161","article_published_time":"2020-01-14T10:08:03+00:00","og_image":[{"width":300,"height":380,"url":"https:\/\/zupnija-menges.rkc.si\/wp-content\/uploads\/2019\/01\/Gustave_Dore_-_Jezusov-krst-e1547469111319.jpg","type":"image\/jpeg"}],"author":"\u017dupnija Menge\u0161","twitter_card":"summary_large_image","twitter_misc":{"Written by":"\u017dupnija Menge\u0161"},"schema":{"@context":"https:\/\/schema.org","@graph":[{"@type":"WebPage","@id":"https:\/\/zupnija-menges.rkc.si\/index.php\/2020\/01\/14\/nedelja-jezusovega-krsta\/","url":"https:\/\/zupnija-menges.rkc.si\/index.php\/2020\/01\/14\/nedelja-jezusovega-krsta\/","name":"Nedelja Jezusovega krsta - \u017dupnija Menge\u0161","isPartOf":{"@id":"https:\/\/zupnija-menges.rkc.si\/#website"},"datePublished":"2020-01-14T10:08:03+00:00","dateModified":"2020-01-14T10:08:03+00:00","author":{"@id":"https:\/\/zupnija-menges.rkc.si\/#\/schema\/person\/30a6136b3e62fe0948bbeadab6a011c8"},"breadcrumb":{"@id":"https:\/\/zupnija-menges.rkc.si\/index.php\/2020\/01\/14\/nedelja-jezusovega-krsta\/#breadcrumb"},"inLanguage":"sl-SI","potentialAction":[{"@type":"ReadAction","target":["https:\/\/zupnija-menges.rkc.si\/index.php\/2020\/01\/14\/nedelja-jezusovega-krsta\/"]}]},{"@type":"BreadcrumbList","@id":"https:\/\/zupnija-menges.rkc.si\/index.php\/2020\/01\/14\/nedelja-jezusovega-krsta\/#breadcrumb","itemListElement":[{"@type":"ListItem","position":1,"name":"Home","item":"https:\/\/zupnija-menges.rkc.si\/"},{"@type":"ListItem","position":2,"name":"Nedelja Jezusovega krsta"}]},{"@type":"WebSite","@id":"https:\/\/zupnija-menges.rkc.si\/#website","url":"https:\/\/zupnija-menges.rkc.si\/","name":"\u017dupnija Menge\u0161","description":"","potentialAction":[{"@type":"SearchAction","target":{"@type":"EntryPoint","urlTemplate":"https:\/\/zupnija-menges.rkc.si\/?s={search_term_string}"},"query-input":"required name=search_term_string"}],"inLanguage":"sl-SI"},{"@type":"Person","@id":"https:\/\/zupnija-menges.rkc.si\/#\/schema\/person\/30a6136b3e62fe0948bbeadab6a011c8","name":"\u017dupnija Menge\u0161","image":{"@type":"ImageObject","inLanguage":"sl-SI","@id":"https:\/\/zupnija-menges.rkc.si\/#\/schema\/person\/image\/","url":"https:\/\/secure.gravatar.com\/avatar\/5ab28e97e020e17154731a602459bd9e?s=96&d=mm&r=g","contentUrl":"https:\/\/secure.gravatar.com\/avatar\/5ab28e97e020e17154731a602459bd9e?s=96&d=mm&r=g","caption":"\u017dupnija Menge\u0161"},"url":"https:\/\/zupnija-menges.rkc.si\/index.php\/author\/zumenges\/"}]}},"_links":{"self":[{"href":"https:\/\/zupnija-menges.rkc.si\/index.php\/wp-json\/wp\/v2\/posts\/927"}],"collection":[{"href":"https:\/\/zupnija-menges.rkc.si\/index.php\/wp-json\/wp\/v2\/posts"}],"about":[{"href":"https:\/\/zupnija-menges.rkc.si\/index.php\/wp-json\/wp\/v2\/types\/post"}],"author":[{"embeddable":true,"href":"https:\/\/zupnija-menges.rkc.si\/index.php\/wp-json\/wp\/v2\/users\/2"}],"replies":[{"embeddable":true,"href":"https:\/\/zupnija-menges.rkc.si\/index.php\/wp-json\/wp\/v2\/comments?post=927"}],"version-history":[{"count":1,"href":"https:\/\/zupnija-menges.rkc.si\/index.php\/wp-json\/wp\/v2\/posts\/927\/revisions"}],"predecessor-version":[{"id":929,"href":"https:\/\/zupnija-menges.rkc.si\/index.php\/wp-json\/wp\/v2\/posts\/927\/revisions\/929"}],"wp:featuredmedia":[{"embeddable":true,"href":"https:\/\/zupnija-menges.rkc.si\/index.php\/wp-json\/wp\/v2\/media\/602"}],"wp:attachment":[{"href":"https:\/\/zupnija-menges.rkc.si\/index.php\/wp-json\/wp\/v2\/media?parent=927"}],"wp:term":[{"taxonomy":"category","embeddable":true,"href":"https:\/\/zupnija-menges.rkc.si\/index.php\/wp-json\/wp\/v2\/categories?post=927"},{"taxonomy":"post_tag","embeddable":true,"href":"https:\/\/zupnija-menges.rkc.si\/index.php\/wp-json\/wp\/v2\/tags?post=927"}],"curies":[{"name":"wp","href":"https:\/\/api.w.org\/{rel}","templated":true}]}}