{"id":917,"date":"2020-01-06T12:36:35","date_gmt":"2020-01-06T12:36:35","guid":{"rendered":"https:\/\/zupnija-menges.rkc.si\/?p=917"},"modified":"2020-01-06T12:36:35","modified_gmt":"2020-01-06T12:36:35","slug":"druga-nedelja-po-bozicu","status":"publish","type":"post","link":"https:\/\/zupnija-menges.rkc.si\/index.php\/2020\/01\/06\/druga-nedelja-po-bozicu\/","title":{"rendered":"Druga nedelja po bo\u017ei\u010du"},"content":{"rendered":"<p>Potekajo <a href=\"https:\/\/zupnija-menges.rkc.si\/wp-content\/uploads\/2019\/12\/prijavnica-za-oratorij.pdf\" target=\"_blank\" rel=\"noopener\">prijave na zimski Oratorijski dan<\/a>, ki bo v soboto, 18. 1. od 10h do 18h.<\/p>\n<p><strong>Ponedeljek, 6. 1. &#8211; Gospodovo razgla\u0161enje<br \/>\n<\/strong>ni verouka &#8211; otroci pridejo k sveti ma\u0161i<br \/>\npo sveti ma\u0161i, \u017eupnijski dom: filmski ve\u010der<\/p>\n<p><strong>Torek, 9. 1.<\/strong><br \/>\nReden verouk.<\/p>\n<p><strong>Sreda, 8. 1.<\/strong><br \/>\npo sveti ma\u0161i: sre\u010danje za star\u0161e sedmo\u0161olcev<br \/>\npo sveti ma\u0161i: molitev pred Najsvetej\u0161im za \u017eupnijo<\/p>\n<p><strong>Petek, 10. 1.<\/strong><br \/>\n10.00: sveta ma\u0161a v Domu po\u010ditka<\/p>\n<p><strong>Sobota, 11. 1.<br \/>\n<\/strong>Cerkev in \u017eupnijski dom \u010distijo \u017eupljani\u00a0iz Topol in z Dobena.<br \/>\n19.00, \u017eupnijska cerkev: Taiz\u00e9jska molitev<br \/>\n19.00, \u017eupnijski dom: predavanje o Kitajski, kot do\u017eivetju druga\u010dnosti<br \/>\n20.00, \u017eupnijski dom: molitveni plesi<\/p>\n<p><strong>Nedelja, 12.1.<br \/>\nPri vseh ma\u0161ah bo mo\u0161ki ofer, namenjen obnovi fasade na \u017eupnijski cerkvi.<br \/>\n<\/strong>10.00: dru\u017einska sveta ma\u0161a (sodelujej otroci 7. razreda)<\/p>\n<p>&nbsp;<\/p>\n<p>Ma\u0161ni nameni:<\/p>\n<p style=\"text-align: left;\"><img decoding=\"async\" loading=\"lazy\" class=\"alignleft size-large wp-image-918\" src=\"https:\/\/zupnija-menges.rkc.si\/wp-content\/uploads\/2020\/01\/ma\u0161e-1-20-791x1024.jpg\" alt=\"\" width=\"791\" height=\"1024\" srcset=\"https:\/\/zupnija-menges.rkc.si\/wp-content\/uploads\/2020\/01\/ma\u0161e-1-20-791x1024.jpg 791w, https:\/\/zupnija-menges.rkc.si\/wp-content\/uploads\/2020\/01\/ma\u0161e-1-20-232x300.jpg 232w, https:\/\/zupnija-menges.rkc.si\/wp-content\/uploads\/2020\/01\/ma\u0161e-1-20-768x994.jpg 768w, https:\/\/zupnija-menges.rkc.si\/wp-content\/uploads\/2020\/01\/ma\u0161e-1-20-830x1074.jpg 830w, https:\/\/zupnija-menges.rkc.si\/wp-content\/uploads\/2020\/01\/ma\u0161e-1-20-230x298.jpg 230w, https:\/\/zupnija-menges.rkc.si\/wp-content\/uploads\/2020\/01\/ma\u0161e-1-20-350x453.jpg 350w, https:\/\/zupnija-menges.rkc.si\/wp-content\/uploads\/2020\/01\/ma\u0161e-1-20-480x621.jpg 480w, https:\/\/zupnija-menges.rkc.si\/wp-content\/uploads\/2020\/01\/ma\u0161e-1-20.jpg 1989w\" sizes=\"(max-width: 791px) 100vw, 791px\" \/><\/p>\n<p style=\"text-align: left;\">\n","protected":false},"excerpt":{"rendered":"<p>Potekajo prijave na zimski Oratorijski dan, ki bo v soboto, 18. 1. od 10h do 18h. Ponedeljek, 6. 1. &#8211; Gospodovo razgla\u0161enje ni verouka &#8211; otroci pridejo k sveti ma\u0161i [&hellip;]<\/p>\n","protected":false},"author":2,"featured_media":919,"comment_status":"closed","ping_status":"closed","sticky":false,"template":"","format":"standard","meta":[],"categories":[3],"tags":[],"yoast_head":"<!-- This site is optimized with the Yoast SEO plugin v20.5 - https:\/\/yoast.com\/wordpress\/plugins\/seo\/ -->\n<title>Druga nedelja po bo\u017ei\u010du - \u017dupnija Menge\u0161<\/title>\n<meta name=\"robots\" content=\"index, follow, max-snippet:-1, max-image-preview:large, max-video-preview:-1\" \/>\n<link rel=\"canonical\" href=\"https:\/\/zupnija-menges.rkc.si\/index.php\/2020\/01\/06\/druga-nedelja-po-bozicu\/\" \/>\n<meta property=\"og:locale\" content=\"sl_SI\" \/>\n<meta property=\"og:type\" content=\"article\" \/>\n<meta property=\"og:title\" content=\"Druga nedelja po bo\u017ei\u010du - \u017dupnija Menge\u0161\" \/>\n<meta property=\"og:description\" content=\"Potekajo prijave na zimski Oratorijski dan, ki bo v soboto, 18. 1. od 10h do 18h. Ponedeljek, 6. 1. &#8211; Gospodovo razgla\u0161enje ni verouka &#8211; otroci pridejo k sveti ma\u0161i [&hellip;]\" \/>\n<meta property=\"og:url\" content=\"https:\/\/zupnija-menges.rkc.si\/index.php\/2020\/01\/06\/druga-nedelja-po-bozicu\/\" \/>\n<meta property=\"og:site_name\" content=\"\u017dupnija Menge\u0161\" \/>\n<meta property=\"article:published_time\" content=\"2020-01-06T12:36:35+00:00\" \/>\n<meta property=\"og:image\" content=\"https:\/\/zupnija-menges.rkc.si\/wp-content\/uploads\/2020\/01\/Three_Wise_Men_from_the_East._Part_of_the_mosaic_on_the_left_wall_of_the_Basilica_of_SantApollinare-Nuovo._Ravenna_Italy-e1578314179989.jpg\" \/>\n\t<meta property=\"og:image:width\" content=\"345\" \/>\n\t<meta property=\"og:image:height\" content=\"300\" \/>\n\t<meta property=\"og:image:type\" content=\"image\/jpeg\" \/>\n<meta name=\"author\" content=\"\u017dupnija Menge\u0161\" \/>\n<meta name=\"twitter:card\" content=\"summary_large_image\" \/>\n<meta name=\"twitter:label1\" content=\"Written by\" \/>\n\t<meta name=\"twitter:data1\" content=\"\u017dupnija Menge\u0161\" \/>\n\t<meta name=\"twitter:label2\" content=\"Est. reading time\" \/>\n\t<meta name=\"twitter:data2\" content=\"1 minuta\" \/>\n<script type=\"application\/ld+json\" class=\"yoast-schema-graph\">{\"@context\":\"https:\/\/schema.org\",\"@graph\":[{\"@type\":\"WebPage\",\"@id\":\"https:\/\/zupnija-menges.rkc.si\/index.php\/2020\/01\/06\/druga-nedelja-po-bozicu\/\",\"url\":\"https:\/\/zupnija-menges.rkc.si\/index.php\/2020\/01\/06\/druga-nedelja-po-bozicu\/\",\"name\":\"Druga nedelja po bo\u017ei\u010du - \u017dupnija Menge\u0161\",\"isPartOf\":{\"@id\":\"https:\/\/zupnija-menges.rkc.si\/#website\"},\"datePublished\":\"2020-01-06T12:36:35+00:00\",\"dateModified\":\"2020-01-06T12:36:35+00:00\",\"author\":{\"@id\":\"https:\/\/zupnija-menges.rkc.si\/#\/schema\/person\/30a6136b3e62fe0948bbeadab6a011c8\"},\"breadcrumb\":{\"@id\":\"https:\/\/zupnija-menges.rkc.si\/index.php\/2020\/01\/06\/druga-nedelja-po-bozicu\/#breadcrumb\"},\"inLanguage\":\"sl-SI\",\"potentialAction\":[{\"@type\":\"ReadAction\",\"target\":[\"https:\/\/zupnija-menges.rkc.si\/index.php\/2020\/01\/06\/druga-nedelja-po-bozicu\/\"]}]},{\"@type\":\"BreadcrumbList\",\"@id\":\"https:\/\/zupnija-menges.rkc.si\/index.php\/2020\/01\/06\/druga-nedelja-po-bozicu\/#breadcrumb\",\"itemListElement\":[{\"@type\":\"ListItem\",\"position\":1,\"name\":\"Home\",\"item\":\"https:\/\/zupnija-menges.rkc.si\/\"},{\"@type\":\"ListItem\",\"position\":2,\"name\":\"Druga nedelja po bo\u017ei\u010du\"}]},{\"@type\":\"WebSite\",\"@id\":\"https:\/\/zupnija-menges.rkc.si\/#website\",\"url\":\"https:\/\/zupnija-menges.rkc.si\/\",\"name\":\"\u017dupnija Menge\u0161\",\"description\":\"\",\"potentialAction\":[{\"@type\":\"SearchAction\",\"target\":{\"@type\":\"EntryPoint\",\"urlTemplate\":\"https:\/\/zupnija-menges.rkc.si\/?s={search_term_string}\"},\"query-input\":\"required name=search_term_string\"}],\"inLanguage\":\"sl-SI\"},{\"@type\":\"Person\",\"@id\":\"https:\/\/zupnija-menges.rkc.si\/#\/schema\/person\/30a6136b3e62fe0948bbeadab6a011c8\",\"name\":\"\u017dupnija Menge\u0161\",\"image\":{\"@type\":\"ImageObject\",\"inLanguage\":\"sl-SI\",\"@id\":\"https:\/\/zupnija-menges.rkc.si\/#\/schema\/person\/image\/\",\"url\":\"https:\/\/secure.gravatar.com\/avatar\/5ab28e97e020e17154731a602459bd9e?s=96&d=mm&r=g\",\"contentUrl\":\"https:\/\/secure.gravatar.com\/avatar\/5ab28e97e020e17154731a602459bd9e?s=96&d=mm&r=g\",\"caption\":\"\u017dupnija Menge\u0161\"},\"url\":\"https:\/\/zupnija-menges.rkc.si\/index.php\/author\/zumenges\/\"}]}<\/script>\n<!-- \/ Yoast SEO plugin. -->","yoast_head_json":{"title":"Druga nedelja po bo\u017ei\u010du - \u017dupnija Menge\u0161","robots":{"index":"index","follow":"follow","max-snippet":"max-snippet:-1","max-image-preview":"max-image-preview:large","max-video-preview":"max-video-preview:-1"},"canonical":"https:\/\/zupnija-menges.rkc.si\/index.php\/2020\/01\/06\/druga-nedelja-po-bozicu\/","og_locale":"sl_SI","og_type":"article","og_title":"Druga nedelja po bo\u017ei\u010du - \u017dupnija Menge\u0161","og_description":"Potekajo prijave na zimski Oratorijski dan, ki bo v soboto, 18. 1. od 10h do 18h. Ponedeljek, 6. 1. &#8211; Gospodovo razgla\u0161enje ni verouka &#8211; otroci pridejo k sveti ma\u0161i [&hellip;]","og_url":"https:\/\/zupnija-menges.rkc.si\/index.php\/2020\/01\/06\/druga-nedelja-po-bozicu\/","og_site_name":"\u017dupnija Menge\u0161","article_published_time":"2020-01-06T12:36:35+00:00","og_image":[{"width":345,"height":300,"url":"https:\/\/zupnija-menges.rkc.si\/wp-content\/uploads\/2020\/01\/Three_Wise_Men_from_the_East._Part_of_the_mosaic_on_the_left_wall_of_the_Basilica_of_SantApollinare-Nuovo._Ravenna_Italy-e1578314179989.jpg","type":"image\/jpeg"}],"author":"\u017dupnija Menge\u0161","twitter_card":"summary_large_image","twitter_misc":{"Written by":"\u017dupnija Menge\u0161","Est. reading time":"1 minuta"},"schema":{"@context":"https:\/\/schema.org","@graph":[{"@type":"WebPage","@id":"https:\/\/zupnija-menges.rkc.si\/index.php\/2020\/01\/06\/druga-nedelja-po-bozicu\/","url":"https:\/\/zupnija-menges.rkc.si\/index.php\/2020\/01\/06\/druga-nedelja-po-bozicu\/","name":"Druga nedelja po bo\u017ei\u010du - \u017dupnija Menge\u0161","isPartOf":{"@id":"https:\/\/zupnija-menges.rkc.si\/#website"},"datePublished":"2020-01-06T12:36:35+00:00","dateModified":"2020-01-06T12:36:35+00:00","author":{"@id":"https:\/\/zupnija-menges.rkc.si\/#\/schema\/person\/30a6136b3e62fe0948bbeadab6a011c8"},"breadcrumb":{"@id":"https:\/\/zupnija-menges.rkc.si\/index.php\/2020\/01\/06\/druga-nedelja-po-bozicu\/#breadcrumb"},"inLanguage":"sl-SI","potentialAction":[{"@type":"ReadAction","target":["https:\/\/zupnija-menges.rkc.si\/index.php\/2020\/01\/06\/druga-nedelja-po-bozicu\/"]}]},{"@type":"BreadcrumbList","@id":"https:\/\/zupnija-menges.rkc.si\/index.php\/2020\/01\/06\/druga-nedelja-po-bozicu\/#breadcrumb","itemListElement":[{"@type":"ListItem","position":1,"name":"Home","item":"https:\/\/zupnija-menges.rkc.si\/"},{"@type":"ListItem","position":2,"name":"Druga nedelja po bo\u017ei\u010du"}]},{"@type":"WebSite","@id":"https:\/\/zupnija-menges.rkc.si\/#website","url":"https:\/\/zupnija-menges.rkc.si\/","name":"\u017dupnija Menge\u0161","description":"","potentialAction":[{"@type":"SearchAction","target":{"@type":"EntryPoint","urlTemplate":"https:\/\/zupnija-menges.rkc.si\/?s={search_term_string}"},"query-input":"required name=search_term_string"}],"inLanguage":"sl-SI"},{"@type":"Person","@id":"https:\/\/zupnija-menges.rkc.si\/#\/schema\/person\/30a6136b3e62fe0948bbeadab6a011c8","name":"\u017dupnija Menge\u0161","image":{"@type":"ImageObject","inLanguage":"sl-SI","@id":"https:\/\/zupnija-menges.rkc.si\/#\/schema\/person\/image\/","url":"https:\/\/secure.gravatar.com\/avatar\/5ab28e97e020e17154731a602459bd9e?s=96&d=mm&r=g","contentUrl":"https:\/\/secure.gravatar.com\/avatar\/5ab28e97e020e17154731a602459bd9e?s=96&d=mm&r=g","caption":"\u017dupnija Menge\u0161"},"url":"https:\/\/zupnija-menges.rkc.si\/index.php\/author\/zumenges\/"}]}},"_links":{"self":[{"href":"https:\/\/zupnija-menges.rkc.si\/index.php\/wp-json\/wp\/v2\/posts\/917"}],"collection":[{"href":"https:\/\/zupnija-menges.rkc.si\/index.php\/wp-json\/wp\/v2\/posts"}],"about":[{"href":"https:\/\/zupnija-menges.rkc.si\/index.php\/wp-json\/wp\/v2\/types\/post"}],"author":[{"embeddable":true,"href":"https:\/\/zupnija-menges.rkc.si\/index.php\/wp-json\/wp\/v2\/users\/2"}],"replies":[{"embeddable":true,"href":"https:\/\/zupnija-menges.rkc.si\/index.php\/wp-json\/wp\/v2\/comments?post=917"}],"version-history":[{"count":1,"href":"https:\/\/zupnija-menges.rkc.si\/index.php\/wp-json\/wp\/v2\/posts\/917\/revisions"}],"predecessor-version":[{"id":920,"href":"https:\/\/zupnija-menges.rkc.si\/index.php\/wp-json\/wp\/v2\/posts\/917\/revisions\/920"}],"wp:featuredmedia":[{"embeddable":true,"href":"https:\/\/zupnija-menges.rkc.si\/index.php\/wp-json\/wp\/v2\/media\/919"}],"wp:attachment":[{"href":"https:\/\/zupnija-menges.rkc.si\/index.php\/wp-json\/wp\/v2\/media?parent=917"}],"wp:term":[{"taxonomy":"category","embeddable":true,"href":"https:\/\/zupnija-menges.rkc.si\/index.php\/wp-json\/wp\/v2\/categories?post=917"},{"taxonomy":"post_tag","embeddable":true,"href":"https:\/\/zupnija-menges.rkc.si\/index.php\/wp-json\/wp\/v2\/tags?post=917"}],"curies":[{"name":"wp","href":"https:\/\/api.w.org\/{rel}","templated":true}]}}