{"id":904,"date":"2019-12-19T13:46:31","date_gmt":"2019-12-19T13:46:31","guid":{"rendered":"https:\/\/zupnija-menges.rkc.si\/?p=904"},"modified":"2019-12-22T20:48:08","modified_gmt":"2019-12-22T20:48:08","slug":"tretja-adventna-nedelja","status":"publish","type":"post","link":"https:\/\/zupnija-menges.rkc.si\/index.php\/2019\/12\/19\/tretja-adventna-nedelja\/","title":{"rendered":"\u010cetrta adventna nedelja"},"content":{"rendered":"<p>Na voljo je oglje in kadilo za tri svete ve\u010dere.<\/p>\n<p><strong>Torek, 24. 12. &#8211; prvi sveti ve\u010der<br \/>\n<\/strong>svete ma\u0161e: 18.00, 22.00 in ob polno\u010di<strong><br \/>\n<\/strong><\/p>\n<p><strong>Sreda, 25. 12. &#8211; bo\u017ei\u010d<\/strong><br \/>\nsvete ma\u0161e: 8.00, 10.00 in 18.00<\/p>\n<p><strong>\u010cetrtek, 26. 12. &#8211; sv. \u0160tefan<\/strong><br \/>\n<strong>za\u010detek koledovanja<\/strong><br \/>\nsvete ma\u0161e: 8.00, 10.00 in ob 14.00 v Domu po\u010ditka<\/p>\n<p><strong>Petek, 27. 12.<\/strong><br \/>\npo sveti ma\u0161i, \u017eupnijska cerkev: koncert MePZ Svoboda Menge\u0161<\/p>\n<p><strong>Sobota, 21. 12.<br \/>\n<\/strong>Cerkev in \u017eupnijski dom \u010distijo \u017eupljani\u00a0iz Malega Meng\u0161a vzhodno od Liparjeve.<\/p>\n<p><strong>Nedelja, 29. 12. &#8211; nedelja sv. dru\u017eine<\/strong><br \/>\nblagoslov pred\u0161olskih otrok po deseti sveti ma\u0161i<\/p>\n<p>&nbsp;<\/p>\n<p style=\"text-align: left;\">Ma\u0161ni nameni:<\/p>\n<p style=\"text-align: left;\"><img decoding=\"async\" loading=\"lazy\" class=\"alignleft size-large wp-image-909\" src=\"https:\/\/zupnija-menges.rkc.si\/wp-content\/uploads\/2019\/12\/ma\u0161e-52-19-1-724x1024.jpg\" alt=\"\" width=\"724\" height=\"1024\" srcset=\"https:\/\/zupnija-menges.rkc.si\/wp-content\/uploads\/2019\/12\/ma\u0161e-52-19-1-724x1024.jpg 724w, https:\/\/zupnija-menges.rkc.si\/wp-content\/uploads\/2019\/12\/ma\u0161e-52-19-1-212x300.jpg 212w, https:\/\/zupnija-menges.rkc.si\/wp-content\/uploads\/2019\/12\/ma\u0161e-52-19-1-768x1086.jpg 768w, https:\/\/zupnija-menges.rkc.si\/wp-content\/uploads\/2019\/12\/ma\u0161e-52-19-1-830x1174.jpg 830w, https:\/\/zupnija-menges.rkc.si\/wp-content\/uploads\/2019\/12\/ma\u0161e-52-19-1-230x325.jpg 230w, https:\/\/zupnija-menges.rkc.si\/wp-content\/uploads\/2019\/12\/ma\u0161e-52-19-1-350x495.jpg 350w, https:\/\/zupnija-menges.rkc.si\/wp-content\/uploads\/2019\/12\/ma\u0161e-52-19-1-480x679.jpg 480w, https:\/\/zupnija-menges.rkc.si\/wp-content\/uploads\/2019\/12\/ma\u0161e-52-19-1.jpg 1819w\" sizes=\"(max-width: 724px) 100vw, 724px\" \/><img decoding=\"async\" loading=\"lazy\" class=\"alignleft size-large wp-image-908\" src=\"https:\/\/zupnija-menges.rkc.si\/wp-content\/uploads\/2019\/12\/besedila-Prazni\u010dni-zbor-724x1024.jpg\" alt=\"\" width=\"724\" height=\"1024\" srcset=\"https:\/\/zupnija-menges.rkc.si\/wp-content\/uploads\/2019\/12\/besedila-Prazni\u010dni-zbor-724x1024.jpg 724w, https:\/\/zupnija-menges.rkc.si\/wp-content\/uploads\/2019\/12\/besedila-Prazni\u010dni-zbor-212x300.jpg 212w, https:\/\/zupnija-menges.rkc.si\/wp-content\/uploads\/2019\/12\/besedila-Prazni\u010dni-zbor-768x1086.jpg 768w, https:\/\/zupnija-menges.rkc.si\/wp-content\/uploads\/2019\/12\/besedila-Prazni\u010dni-zbor-830x1174.jpg 830w, https:\/\/zupnija-menges.rkc.si\/wp-content\/uploads\/2019\/12\/besedila-Prazni\u010dni-zbor-230x325.jpg 230w, https:\/\/zupnija-menges.rkc.si\/wp-content\/uploads\/2019\/12\/besedila-Prazni\u010dni-zbor-350x495.jpg 350w, https:\/\/zupnija-menges.rkc.si\/wp-content\/uploads\/2019\/12\/besedila-Prazni\u010dni-zbor-480x679.jpg 480w, https:\/\/zupnija-menges.rkc.si\/wp-content\/uploads\/2019\/12\/besedila-Prazni\u010dni-zbor.jpg 1819w\" sizes=\"(max-width: 724px) 100vw, 724px\" \/><\/p>\n","protected":false},"excerpt":{"rendered":"<p>Na voljo je oglje in kadilo za tri svete ve\u010dere. Torek, 24. 12. &#8211; prvi sveti ve\u010der svete ma\u0161e: 18.00, 22.00 in ob polno\u010di Sreda, 25. 12. &#8211; bo\u017ei\u010d svete [&hellip;]<\/p>\n","protected":false},"author":2,"featured_media":574,"comment_status":"closed","ping_status":"closed","sticky":false,"template":"","format":"standard","meta":[],"categories":[3],"tags":[],"yoast_head":"<!-- This site is optimized with the Yoast SEO plugin v20.5 - https:\/\/yoast.com\/wordpress\/plugins\/seo\/ -->\n<title>\u010cetrta adventna nedelja - \u017dupnija Menge\u0161<\/title>\n<meta name=\"robots\" content=\"index, follow, max-snippet:-1, max-image-preview:large, max-video-preview:-1\" \/>\n<link rel=\"canonical\" href=\"https:\/\/zupnija-menges.rkc.si\/index.php\/2019\/12\/19\/tretja-adventna-nedelja\/\" \/>\n<meta property=\"og:locale\" content=\"sl_SI\" \/>\n<meta property=\"og:type\" content=\"article\" \/>\n<meta property=\"og:title\" content=\"\u010cetrta adventna nedelja - \u017dupnija Menge\u0161\" \/>\n<meta property=\"og:description\" content=\"Na voljo je oglje in kadilo za tri svete ve\u010dere. Torek, 24. 12. &#8211; prvi sveti ve\u010der svete ma\u0161e: 18.00, 22.00 in ob polno\u010di Sreda, 25. 12. &#8211; bo\u017ei\u010d svete [&hellip;]\" \/>\n<meta property=\"og:url\" content=\"https:\/\/zupnija-menges.rkc.si\/index.php\/2019\/12\/19\/tretja-adventna-nedelja\/\" \/>\n<meta property=\"og:site_name\" content=\"\u017dupnija Menge\u0161\" \/>\n<meta property=\"article:published_time\" content=\"2019-12-19T13:46:31+00:00\" \/>\n<meta property=\"article:modified_time\" content=\"2019-12-22T20:48:08+00:00\" \/>\n<meta property=\"og:image\" content=\"https:\/\/zupnija-menges.rkc.si\/wp-content\/uploads\/2018\/12\/DSC00395-Edit-3-e1545720929670.jpg\" \/>\n\t<meta property=\"og:image:width\" content=\"300\" \/>\n\t<meta property=\"og:image:height\" content=\"424\" \/>\n\t<meta property=\"og:image:type\" content=\"image\/jpeg\" \/>\n<meta name=\"author\" content=\"\u017dupnija Menge\u0161\" \/>\n<meta name=\"twitter:card\" content=\"summary_large_image\" \/>\n<meta name=\"twitter:label1\" content=\"Written by\" \/>\n\t<meta name=\"twitter:data1\" content=\"\u017dupnija Menge\u0161\" \/>\n<script type=\"application\/ld+json\" class=\"yoast-schema-graph\">{\"@context\":\"https:\/\/schema.org\",\"@graph\":[{\"@type\":\"WebPage\",\"@id\":\"https:\/\/zupnija-menges.rkc.si\/index.php\/2019\/12\/19\/tretja-adventna-nedelja\/\",\"url\":\"https:\/\/zupnija-menges.rkc.si\/index.php\/2019\/12\/19\/tretja-adventna-nedelja\/\",\"name\":\"\u010cetrta adventna nedelja - \u017dupnija Menge\u0161\",\"isPartOf\":{\"@id\":\"https:\/\/zupnija-menges.rkc.si\/#website\"},\"datePublished\":\"2019-12-19T13:46:31+00:00\",\"dateModified\":\"2019-12-22T20:48:08+00:00\",\"author\":{\"@id\":\"https:\/\/zupnija-menges.rkc.si\/#\/schema\/person\/30a6136b3e62fe0948bbeadab6a011c8\"},\"breadcrumb\":{\"@id\":\"https:\/\/zupnija-menges.rkc.si\/index.php\/2019\/12\/19\/tretja-adventna-nedelja\/#breadcrumb\"},\"inLanguage\":\"sl-SI\",\"potentialAction\":[{\"@type\":\"ReadAction\",\"target\":[\"https:\/\/zupnija-menges.rkc.si\/index.php\/2019\/12\/19\/tretja-adventna-nedelja\/\"]}]},{\"@type\":\"BreadcrumbList\",\"@id\":\"https:\/\/zupnija-menges.rkc.si\/index.php\/2019\/12\/19\/tretja-adventna-nedelja\/#breadcrumb\",\"itemListElement\":[{\"@type\":\"ListItem\",\"position\":1,\"name\":\"Home\",\"item\":\"https:\/\/zupnija-menges.rkc.si\/\"},{\"@type\":\"ListItem\",\"position\":2,\"name\":\"\u010cetrta adventna nedelja\"}]},{\"@type\":\"WebSite\",\"@id\":\"https:\/\/zupnija-menges.rkc.si\/#website\",\"url\":\"https:\/\/zupnija-menges.rkc.si\/\",\"name\":\"\u017dupnija Menge\u0161\",\"description\":\"\",\"potentialAction\":[{\"@type\":\"SearchAction\",\"target\":{\"@type\":\"EntryPoint\",\"urlTemplate\":\"https:\/\/zupnija-menges.rkc.si\/?s={search_term_string}\"},\"query-input\":\"required name=search_term_string\"}],\"inLanguage\":\"sl-SI\"},{\"@type\":\"Person\",\"@id\":\"https:\/\/zupnija-menges.rkc.si\/#\/schema\/person\/30a6136b3e62fe0948bbeadab6a011c8\",\"name\":\"\u017dupnija Menge\u0161\",\"image\":{\"@type\":\"ImageObject\",\"inLanguage\":\"sl-SI\",\"@id\":\"https:\/\/zupnija-menges.rkc.si\/#\/schema\/person\/image\/\",\"url\":\"https:\/\/secure.gravatar.com\/avatar\/5ab28e97e020e17154731a602459bd9e?s=96&d=mm&r=g\",\"contentUrl\":\"https:\/\/secure.gravatar.com\/avatar\/5ab28e97e020e17154731a602459bd9e?s=96&d=mm&r=g\",\"caption\":\"\u017dupnija Menge\u0161\"},\"url\":\"https:\/\/zupnija-menges.rkc.si\/index.php\/author\/zumenges\/\"}]}<\/script>\n<!-- \/ Yoast SEO plugin. -->","yoast_head_json":{"title":"\u010cetrta adventna nedelja - \u017dupnija Menge\u0161","robots":{"index":"index","follow":"follow","max-snippet":"max-snippet:-1","max-image-preview":"max-image-preview:large","max-video-preview":"max-video-preview:-1"},"canonical":"https:\/\/zupnija-menges.rkc.si\/index.php\/2019\/12\/19\/tretja-adventna-nedelja\/","og_locale":"sl_SI","og_type":"article","og_title":"\u010cetrta adventna nedelja - \u017dupnija Menge\u0161","og_description":"Na voljo je oglje in kadilo za tri svete ve\u010dere. Torek, 24. 12. &#8211; prvi sveti ve\u010der svete ma\u0161e: 18.00, 22.00 in ob polno\u010di Sreda, 25. 12. &#8211; bo\u017ei\u010d svete [&hellip;]","og_url":"https:\/\/zupnija-menges.rkc.si\/index.php\/2019\/12\/19\/tretja-adventna-nedelja\/","og_site_name":"\u017dupnija Menge\u0161","article_published_time":"2019-12-19T13:46:31+00:00","article_modified_time":"2019-12-22T20:48:08+00:00","og_image":[{"width":300,"height":424,"url":"https:\/\/zupnija-menges.rkc.si\/wp-content\/uploads\/2018\/12\/DSC00395-Edit-3-e1545720929670.jpg","type":"image\/jpeg"}],"author":"\u017dupnija Menge\u0161","twitter_card":"summary_large_image","twitter_misc":{"Written by":"\u017dupnija Menge\u0161"},"schema":{"@context":"https:\/\/schema.org","@graph":[{"@type":"WebPage","@id":"https:\/\/zupnija-menges.rkc.si\/index.php\/2019\/12\/19\/tretja-adventna-nedelja\/","url":"https:\/\/zupnija-menges.rkc.si\/index.php\/2019\/12\/19\/tretja-adventna-nedelja\/","name":"\u010cetrta adventna nedelja - \u017dupnija Menge\u0161","isPartOf":{"@id":"https:\/\/zupnija-menges.rkc.si\/#website"},"datePublished":"2019-12-19T13:46:31+00:00","dateModified":"2019-12-22T20:48:08+00:00","author":{"@id":"https:\/\/zupnija-menges.rkc.si\/#\/schema\/person\/30a6136b3e62fe0948bbeadab6a011c8"},"breadcrumb":{"@id":"https:\/\/zupnija-menges.rkc.si\/index.php\/2019\/12\/19\/tretja-adventna-nedelja\/#breadcrumb"},"inLanguage":"sl-SI","potentialAction":[{"@type":"ReadAction","target":["https:\/\/zupnija-menges.rkc.si\/index.php\/2019\/12\/19\/tretja-adventna-nedelja\/"]}]},{"@type":"BreadcrumbList","@id":"https:\/\/zupnija-menges.rkc.si\/index.php\/2019\/12\/19\/tretja-adventna-nedelja\/#breadcrumb","itemListElement":[{"@type":"ListItem","position":1,"name":"Home","item":"https:\/\/zupnija-menges.rkc.si\/"},{"@type":"ListItem","position":2,"name":"\u010cetrta adventna nedelja"}]},{"@type":"WebSite","@id":"https:\/\/zupnija-menges.rkc.si\/#website","url":"https:\/\/zupnija-menges.rkc.si\/","name":"\u017dupnija Menge\u0161","description":"","potentialAction":[{"@type":"SearchAction","target":{"@type":"EntryPoint","urlTemplate":"https:\/\/zupnija-menges.rkc.si\/?s={search_term_string}"},"query-input":"required name=search_term_string"}],"inLanguage":"sl-SI"},{"@type":"Person","@id":"https:\/\/zupnija-menges.rkc.si\/#\/schema\/person\/30a6136b3e62fe0948bbeadab6a011c8","name":"\u017dupnija Menge\u0161","image":{"@type":"ImageObject","inLanguage":"sl-SI","@id":"https:\/\/zupnija-menges.rkc.si\/#\/schema\/person\/image\/","url":"https:\/\/secure.gravatar.com\/avatar\/5ab28e97e020e17154731a602459bd9e?s=96&d=mm&r=g","contentUrl":"https:\/\/secure.gravatar.com\/avatar\/5ab28e97e020e17154731a602459bd9e?s=96&d=mm&r=g","caption":"\u017dupnija Menge\u0161"},"url":"https:\/\/zupnija-menges.rkc.si\/index.php\/author\/zumenges\/"}]}},"_links":{"self":[{"href":"https:\/\/zupnija-menges.rkc.si\/index.php\/wp-json\/wp\/v2\/posts\/904"}],"collection":[{"href":"https:\/\/zupnija-menges.rkc.si\/index.php\/wp-json\/wp\/v2\/posts"}],"about":[{"href":"https:\/\/zupnija-menges.rkc.si\/index.php\/wp-json\/wp\/v2\/types\/post"}],"author":[{"embeddable":true,"href":"https:\/\/zupnija-menges.rkc.si\/index.php\/wp-json\/wp\/v2\/users\/2"}],"replies":[{"embeddable":true,"href":"https:\/\/zupnija-menges.rkc.si\/index.php\/wp-json\/wp\/v2\/comments?post=904"}],"version-history":[{"count":3,"href":"https:\/\/zupnija-menges.rkc.si\/index.php\/wp-json\/wp\/v2\/posts\/904\/revisions"}],"predecessor-version":[{"id":910,"href":"https:\/\/zupnija-menges.rkc.si\/index.php\/wp-json\/wp\/v2\/posts\/904\/revisions\/910"}],"wp:featuredmedia":[{"embeddable":true,"href":"https:\/\/zupnija-menges.rkc.si\/index.php\/wp-json\/wp\/v2\/media\/574"}],"wp:attachment":[{"href":"https:\/\/zupnija-menges.rkc.si\/index.php\/wp-json\/wp\/v2\/media?parent=904"}],"wp:term":[{"taxonomy":"category","embeddable":true,"href":"https:\/\/zupnija-menges.rkc.si\/index.php\/wp-json\/wp\/v2\/categories?post=904"},{"taxonomy":"post_tag","embeddable":true,"href":"https:\/\/zupnija-menges.rkc.si\/index.php\/wp-json\/wp\/v2\/tags?post=904"}],"curies":[{"name":"wp","href":"https:\/\/api.w.org\/{rel}","templated":true}]}}