{"id":897,"date":"2019-12-09T10:43:40","date_gmt":"2019-12-09T10:43:40","guid":{"rendered":"https:\/\/zupnija-menges.rkc.si\/?p=897"},"modified":"2019-12-09T10:44:21","modified_gmt":"2019-12-09T10:44:21","slug":"2-adventna-nedelja-2","status":"publish","type":"post","link":"https:\/\/zupnija-menges.rkc.si\/index.php\/2019\/12\/09\/2-adventna-nedelja-2\/","title":{"rendered":"2. adventna nedelja"},"content":{"rendered":"<p><strong>Ponedeljek, 9. 12.<br \/>\n<\/strong>po sveti ma\u0161i v \u017eupni\u0161\u010du: sre\u010danje \u010dlanov bibli\u010dne skupine<\/p>\n<p><strong>Torek, 10. 12.<\/strong><br \/>\npo sveti ma\u0161i: sestanek za star\u0161e otrok, ki obiskujejo 6. razred verouka<\/p>\n<p><strong>Sreda, 11. 12.<\/strong><br \/>\npo sveti ma\u0161i: molitev pred Najsvetej\u0161im za \u017eupnijo<\/p>\n<p><strong>Petek, 13. 12. &#8211; prvi petek<br \/>\n<\/strong>10.00, Dom po\u010ditka: sveta ma\u0161a<\/p>\n<p><strong>Sobota, 14. 12.<br \/>\n<\/strong>Cerkev in \u017eupnijski dom \u010distijo \u017eupljani iz Velikega Meng\u0161a od Grobeljske do Kolodvorske.<br \/>\n19.00 v cerkvi: taiz\u00e9jska molitev<br \/>\n20.00 v \u017eupnijskem domu: molitveni plesi<\/p>\n<p><strong>Nedelja, 15. 12. &#8211;<br \/>\n<\/strong>9.50: pevska vaja pred sveto ma\u0161o<br \/>\n10.00 v \u017eupnijski cerkvi: dru\u017einska ma\u0161a (sodelujejo verou\u010denci 6. razreda)<\/p>\n<p>&nbsp;<\/p>\n<p style=\"text-align: left;\">Ma\u0161ni nameni:<\/p>\n<p style=\"text-align: left;\"><img decoding=\"async\" loading=\"lazy\" class=\"alignleft size-large wp-image-898\" src=\"https:\/\/zupnija-menges.rkc.si\/wp-content\/uploads\/2019\/12\/ma\u0161e-50-19-791x1024.jpg\" alt=\"\" width=\"791\" height=\"1024\" srcset=\"https:\/\/zupnija-menges.rkc.si\/wp-content\/uploads\/2019\/12\/ma\u0161e-50-19-791x1024.jpg 791w, https:\/\/zupnija-menges.rkc.si\/wp-content\/uploads\/2019\/12\/ma\u0161e-50-19-232x300.jpg 232w, https:\/\/zupnija-menges.rkc.si\/wp-content\/uploads\/2019\/12\/ma\u0161e-50-19-768x994.jpg 768w, https:\/\/zupnija-menges.rkc.si\/wp-content\/uploads\/2019\/12\/ma\u0161e-50-19-830x1074.jpg 830w, https:\/\/zupnija-menges.rkc.si\/wp-content\/uploads\/2019\/12\/ma\u0161e-50-19-230x298.jpg 230w, https:\/\/zupnija-menges.rkc.si\/wp-content\/uploads\/2019\/12\/ma\u0161e-50-19-350x453.jpg 350w, https:\/\/zupnija-menges.rkc.si\/wp-content\/uploads\/2019\/12\/ma\u0161e-50-19-480x621.jpg 480w, https:\/\/zupnija-menges.rkc.si\/wp-content\/uploads\/2019\/12\/ma\u0161e-50-19.jpg 1989w\" sizes=\"(max-width: 791px) 100vw, 791px\" \/><\/p>\n","protected":false},"excerpt":{"rendered":"<p>Ponedeljek, 9. 12. po sveti ma\u0161i v \u017eupni\u0161\u010du: sre\u010danje \u010dlanov bibli\u010dne skupine Torek, 10. 12. po sveti ma\u0161i: sestanek za star\u0161e otrok, ki obiskujejo 6. razred verouka Sreda, 11. 12. [&hellip;]<\/p>\n","protected":false},"author":2,"featured_media":899,"comment_status":"closed","ping_status":"closed","sticky":false,"template":"","format":"standard","meta":[],"categories":[3],"tags":[],"yoast_head":"<!-- This site is optimized with the Yoast SEO plugin v20.5 - https:\/\/yoast.com\/wordpress\/plugins\/seo\/ -->\n<title>2. adventna nedelja - \u017dupnija Menge\u0161<\/title>\n<meta name=\"robots\" content=\"index, follow, max-snippet:-1, max-image-preview:large, max-video-preview:-1\" \/>\n<link rel=\"canonical\" href=\"https:\/\/zupnija-menges.rkc.si\/index.php\/2019\/12\/09\/2-adventna-nedelja-2\/\" \/>\n<meta property=\"og:locale\" content=\"sl_SI\" \/>\n<meta property=\"og:type\" content=\"article\" \/>\n<meta property=\"og:title\" content=\"2. adventna nedelja - \u017dupnija Menge\u0161\" \/>\n<meta property=\"og:description\" content=\"Ponedeljek, 9. 12. po sveti ma\u0161i v \u017eupni\u0161\u010du: sre\u010danje \u010dlanov bibli\u010dne skupine Torek, 10. 12. po sveti ma\u0161i: sestanek za star\u0161e otrok, ki obiskujejo 6. razred verouka Sreda, 11. 12. [&hellip;]\" \/>\n<meta property=\"og:url\" content=\"https:\/\/zupnija-menges.rkc.si\/index.php\/2019\/12\/09\/2-adventna-nedelja-2\/\" \/>\n<meta property=\"og:site_name\" content=\"\u017dupnija Menge\u0161\" \/>\n<meta property=\"article:published_time\" content=\"2019-12-09T10:43:40+00:00\" \/>\n<meta property=\"article:modified_time\" content=\"2019-12-09T10:44:21+00:00\" \/>\n<meta property=\"og:image\" content=\"https:\/\/zupnija-menges.rkc.si\/wp-content\/uploads\/2019\/12\/Brezmade\u017eno-spo\u010detje-device-Marije_Giovanni_Battista-e1575888255752.jpg\" \/>\n\t<meta property=\"og:image:width\" content=\"300\" \/>\n\t<meta property=\"og:image:height\" content=\"551\" \/>\n\t<meta property=\"og:image:type\" content=\"image\/jpeg\" \/>\n<meta name=\"author\" content=\"\u017dupnija Menge\u0161\" \/>\n<meta name=\"twitter:card\" content=\"summary_large_image\" \/>\n<meta name=\"twitter:label1\" content=\"Written by\" \/>\n\t<meta name=\"twitter:data1\" content=\"\u017dupnija Menge\u0161\" \/>\n<script type=\"application\/ld+json\" class=\"yoast-schema-graph\">{\"@context\":\"https:\/\/schema.org\",\"@graph\":[{\"@type\":\"WebPage\",\"@id\":\"https:\/\/zupnija-menges.rkc.si\/index.php\/2019\/12\/09\/2-adventna-nedelja-2\/\",\"url\":\"https:\/\/zupnija-menges.rkc.si\/index.php\/2019\/12\/09\/2-adventna-nedelja-2\/\",\"name\":\"2. adventna nedelja - \u017dupnija Menge\u0161\",\"isPartOf\":{\"@id\":\"https:\/\/zupnija-menges.rkc.si\/#website\"},\"datePublished\":\"2019-12-09T10:43:40+00:00\",\"dateModified\":\"2019-12-09T10:44:21+00:00\",\"author\":{\"@id\":\"https:\/\/zupnija-menges.rkc.si\/#\/schema\/person\/30a6136b3e62fe0948bbeadab6a011c8\"},\"breadcrumb\":{\"@id\":\"https:\/\/zupnija-menges.rkc.si\/index.php\/2019\/12\/09\/2-adventna-nedelja-2\/#breadcrumb\"},\"inLanguage\":\"sl-SI\",\"potentialAction\":[{\"@type\":\"ReadAction\",\"target\":[\"https:\/\/zupnija-menges.rkc.si\/index.php\/2019\/12\/09\/2-adventna-nedelja-2\/\"]}]},{\"@type\":\"BreadcrumbList\",\"@id\":\"https:\/\/zupnija-menges.rkc.si\/index.php\/2019\/12\/09\/2-adventna-nedelja-2\/#breadcrumb\",\"itemListElement\":[{\"@type\":\"ListItem\",\"position\":1,\"name\":\"Home\",\"item\":\"https:\/\/zupnija-menges.rkc.si\/\"},{\"@type\":\"ListItem\",\"position\":2,\"name\":\"2. adventna nedelja\"}]},{\"@type\":\"WebSite\",\"@id\":\"https:\/\/zupnija-menges.rkc.si\/#website\",\"url\":\"https:\/\/zupnija-menges.rkc.si\/\",\"name\":\"\u017dupnija Menge\u0161\",\"description\":\"\",\"potentialAction\":[{\"@type\":\"SearchAction\",\"target\":{\"@type\":\"EntryPoint\",\"urlTemplate\":\"https:\/\/zupnija-menges.rkc.si\/?s={search_term_string}\"},\"query-input\":\"required name=search_term_string\"}],\"inLanguage\":\"sl-SI\"},{\"@type\":\"Person\",\"@id\":\"https:\/\/zupnija-menges.rkc.si\/#\/schema\/person\/30a6136b3e62fe0948bbeadab6a011c8\",\"name\":\"\u017dupnija Menge\u0161\",\"image\":{\"@type\":\"ImageObject\",\"inLanguage\":\"sl-SI\",\"@id\":\"https:\/\/zupnija-menges.rkc.si\/#\/schema\/person\/image\/\",\"url\":\"https:\/\/secure.gravatar.com\/avatar\/5ab28e97e020e17154731a602459bd9e?s=96&d=mm&r=g\",\"contentUrl\":\"https:\/\/secure.gravatar.com\/avatar\/5ab28e97e020e17154731a602459bd9e?s=96&d=mm&r=g\",\"caption\":\"\u017dupnija Menge\u0161\"},\"url\":\"https:\/\/zupnija-menges.rkc.si\/index.php\/author\/zumenges\/\"}]}<\/script>\n<!-- \/ Yoast SEO plugin. -->","yoast_head_json":{"title":"2. adventna nedelja - \u017dupnija Menge\u0161","robots":{"index":"index","follow":"follow","max-snippet":"max-snippet:-1","max-image-preview":"max-image-preview:large","max-video-preview":"max-video-preview:-1"},"canonical":"https:\/\/zupnija-menges.rkc.si\/index.php\/2019\/12\/09\/2-adventna-nedelja-2\/","og_locale":"sl_SI","og_type":"article","og_title":"2. adventna nedelja - \u017dupnija Menge\u0161","og_description":"Ponedeljek, 9. 12. po sveti ma\u0161i v \u017eupni\u0161\u010du: sre\u010danje \u010dlanov bibli\u010dne skupine Torek, 10. 12. po sveti ma\u0161i: sestanek za star\u0161e otrok, ki obiskujejo 6. razred verouka Sreda, 11. 12. [&hellip;]","og_url":"https:\/\/zupnija-menges.rkc.si\/index.php\/2019\/12\/09\/2-adventna-nedelja-2\/","og_site_name":"\u017dupnija Menge\u0161","article_published_time":"2019-12-09T10:43:40+00:00","article_modified_time":"2019-12-09T10:44:21+00:00","og_image":[{"width":300,"height":551,"url":"https:\/\/zupnija-menges.rkc.si\/wp-content\/uploads\/2019\/12\/Brezmade\u017eno-spo\u010detje-device-Marije_Giovanni_Battista-e1575888255752.jpg","type":"image\/jpeg"}],"author":"\u017dupnija Menge\u0161","twitter_card":"summary_large_image","twitter_misc":{"Written by":"\u017dupnija Menge\u0161"},"schema":{"@context":"https:\/\/schema.org","@graph":[{"@type":"WebPage","@id":"https:\/\/zupnija-menges.rkc.si\/index.php\/2019\/12\/09\/2-adventna-nedelja-2\/","url":"https:\/\/zupnija-menges.rkc.si\/index.php\/2019\/12\/09\/2-adventna-nedelja-2\/","name":"2. adventna nedelja - \u017dupnija Menge\u0161","isPartOf":{"@id":"https:\/\/zupnija-menges.rkc.si\/#website"},"datePublished":"2019-12-09T10:43:40+00:00","dateModified":"2019-12-09T10:44:21+00:00","author":{"@id":"https:\/\/zupnija-menges.rkc.si\/#\/schema\/person\/30a6136b3e62fe0948bbeadab6a011c8"},"breadcrumb":{"@id":"https:\/\/zupnija-menges.rkc.si\/index.php\/2019\/12\/09\/2-adventna-nedelja-2\/#breadcrumb"},"inLanguage":"sl-SI","potentialAction":[{"@type":"ReadAction","target":["https:\/\/zupnija-menges.rkc.si\/index.php\/2019\/12\/09\/2-adventna-nedelja-2\/"]}]},{"@type":"BreadcrumbList","@id":"https:\/\/zupnija-menges.rkc.si\/index.php\/2019\/12\/09\/2-adventna-nedelja-2\/#breadcrumb","itemListElement":[{"@type":"ListItem","position":1,"name":"Home","item":"https:\/\/zupnija-menges.rkc.si\/"},{"@type":"ListItem","position":2,"name":"2. adventna nedelja"}]},{"@type":"WebSite","@id":"https:\/\/zupnija-menges.rkc.si\/#website","url":"https:\/\/zupnija-menges.rkc.si\/","name":"\u017dupnija Menge\u0161","description":"","potentialAction":[{"@type":"SearchAction","target":{"@type":"EntryPoint","urlTemplate":"https:\/\/zupnija-menges.rkc.si\/?s={search_term_string}"},"query-input":"required name=search_term_string"}],"inLanguage":"sl-SI"},{"@type":"Person","@id":"https:\/\/zupnija-menges.rkc.si\/#\/schema\/person\/30a6136b3e62fe0948bbeadab6a011c8","name":"\u017dupnija Menge\u0161","image":{"@type":"ImageObject","inLanguage":"sl-SI","@id":"https:\/\/zupnija-menges.rkc.si\/#\/schema\/person\/image\/","url":"https:\/\/secure.gravatar.com\/avatar\/5ab28e97e020e17154731a602459bd9e?s=96&d=mm&r=g","contentUrl":"https:\/\/secure.gravatar.com\/avatar\/5ab28e97e020e17154731a602459bd9e?s=96&d=mm&r=g","caption":"\u017dupnija Menge\u0161"},"url":"https:\/\/zupnija-menges.rkc.si\/index.php\/author\/zumenges\/"}]}},"_links":{"self":[{"href":"https:\/\/zupnija-menges.rkc.si\/index.php\/wp-json\/wp\/v2\/posts\/897"}],"collection":[{"href":"https:\/\/zupnija-menges.rkc.si\/index.php\/wp-json\/wp\/v2\/posts"}],"about":[{"href":"https:\/\/zupnija-menges.rkc.si\/index.php\/wp-json\/wp\/v2\/types\/post"}],"author":[{"embeddable":true,"href":"https:\/\/zupnija-menges.rkc.si\/index.php\/wp-json\/wp\/v2\/users\/2"}],"replies":[{"embeddable":true,"href":"https:\/\/zupnija-menges.rkc.si\/index.php\/wp-json\/wp\/v2\/comments?post=897"}],"version-history":[{"count":2,"href":"https:\/\/zupnija-menges.rkc.si\/index.php\/wp-json\/wp\/v2\/posts\/897\/revisions"}],"predecessor-version":[{"id":902,"href":"https:\/\/zupnija-menges.rkc.si\/index.php\/wp-json\/wp\/v2\/posts\/897\/revisions\/902"}],"wp:featuredmedia":[{"embeddable":true,"href":"https:\/\/zupnija-menges.rkc.si\/index.php\/wp-json\/wp\/v2\/media\/899"}],"wp:attachment":[{"href":"https:\/\/zupnija-menges.rkc.si\/index.php\/wp-json\/wp\/v2\/media?parent=897"}],"wp:term":[{"taxonomy":"category","embeddable":true,"href":"https:\/\/zupnija-menges.rkc.si\/index.php\/wp-json\/wp\/v2\/categories?post=897"},{"taxonomy":"post_tag","embeddable":true,"href":"https:\/\/zupnija-menges.rkc.si\/index.php\/wp-json\/wp\/v2\/tags?post=897"}],"curies":[{"name":"wp","href":"https:\/\/api.w.org\/{rel}","templated":true}]}}