{"id":846,"date":"2019-09-30T13:24:02","date_gmt":"2019-09-30T13:24:02","guid":{"rendered":"https:\/\/zupnija-menges.rkc.si\/?p=846"},"modified":"2019-10-07T19:21:41","modified_gmt":"2019-10-07T19:21:41","slug":"mihaelova-nedelja","status":"publish","type":"post","link":"https:\/\/zupnija-menges.rkc.si\/index.php\/2019\/09\/30\/mihaelova-nedelja\/","title":{"rendered":"Mihaelova nedelja"},"content":{"rendered":"<p><strong>Torek, 1. 10.<\/strong><br \/>\npo sveti ma\u0161i: seja \u017eupnijskega pastoralnega sveta<\/p>\n<p><strong>Sreda, 2. 10.<\/strong><strong><br \/>\n<\/strong>18.00: molitev pred Najsvetej\u0161im<br \/>\n20.00: sestanek za star\u0161e bodo\u010dih prvoobhajancev<\/p>\n<p><strong>\u010cetrtek, 3. 10.<\/strong><br \/>\n18.00: molitev pred Najsvetej\u0161im<\/p>\n<p><strong>Petek, 4. 10. &#8211; prvi petek<\/strong><br \/>\nobisk bolnikov po domovih<br \/>\n18.00: molitev pred Najsvetej\u0161im<\/p>\n<p><strong>Sobota, 5. 10.<br \/>\n<\/strong>Cerkev in \u017eupnijski dom \u010distijo \u017eupljani iz Velikega Meng\u0161a od Grobeljske do Kolodvorske.<br \/>\n7.00: vpis svetih ma\u0161 za oktober, november in december<br \/>\n18.00: molitev pred Najsvetej\u0161im<br \/>\npo sveti ma\u0161i: celono\u010dno \u010de\u0161\u010denje Najsvetej\u0161ega<\/p>\n<p><strong>Nedelja, 6. 10.<br \/>\n<\/strong>10.00, \u017eupnijska cerkev na Viru: svetama\u0161a ob za\u010detku katehumenata<br \/>\n14.30, \u017eupnijska cerkev na Homcu: romarska sveta ma\u0161a ob 600 letnici Marijinih prikazovanj; sledi procesija z milostnim kipom Matere Bo\u017eje, nato farna veselica<br \/>\n16.00, Brezje: za\u010detek tedna za \u017eivljenje<\/p>\n<p>Ma\u0161ni nameni:<\/p>\n<p><img decoding=\"async\" loading=\"lazy\" class=\"alignleft size-large wp-image-848\" src=\"https:\/\/zupnija-menges.rkc.si\/wp-content\/uploads\/2019\/09\/ma\u0161e-40-19-1-791x1024.jpg\" alt=\"\" width=\"791\" height=\"1024\" srcset=\"https:\/\/zupnija-menges.rkc.si\/wp-content\/uploads\/2019\/09\/ma\u0161e-40-19-1-791x1024.jpg 791w, https:\/\/zupnija-menges.rkc.si\/wp-content\/uploads\/2019\/09\/ma\u0161e-40-19-1-232x300.jpg 232w, https:\/\/zupnija-menges.rkc.si\/wp-content\/uploads\/2019\/09\/ma\u0161e-40-19-1-768x994.jpg 768w, https:\/\/zupnija-menges.rkc.si\/wp-content\/uploads\/2019\/09\/ma\u0161e-40-19-1-830x1074.jpg 830w, https:\/\/zupnija-menges.rkc.si\/wp-content\/uploads\/2019\/09\/ma\u0161e-40-19-1-230x298.jpg 230w, https:\/\/zupnija-menges.rkc.si\/wp-content\/uploads\/2019\/09\/ma\u0161e-40-19-1-350x453.jpg 350w, https:\/\/zupnija-menges.rkc.si\/wp-content\/uploads\/2019\/09\/ma\u0161e-40-19-1-480x621.jpg 480w, https:\/\/zupnija-menges.rkc.si\/wp-content\/uploads\/2019\/09\/ma\u0161e-40-19-1.jpg 1989w\" sizes=\"(max-width: 791px) 100vw, 791px\" \/><\/p>\n<p>&nbsp;<\/p>\n<p>&nbsp;<\/p>\n<p>&nbsp;<\/p>\n","protected":false},"excerpt":{"rendered":"<p>Torek, 1. 10. po sveti ma\u0161i: seja \u017eupnijskega pastoralnega sveta Sreda, 2. 10. 18.00: molitev pred Najsvetej\u0161im 20.00: sestanek za star\u0161e bodo\u010dih prvoobhajancev \u010cetrtek, 3. 10. 18.00: molitev pred Najsvetej\u0161im [&hellip;]<\/p>\n","protected":false},"author":2,"featured_media":510,"comment_status":"closed","ping_status":"closed","sticky":false,"template":"","format":"standard","meta":[],"categories":[3],"tags":[],"yoast_head":"<!-- This site is optimized with the Yoast SEO plugin v20.5 - https:\/\/yoast.com\/wordpress\/plugins\/seo\/ -->\n<title>Mihaelova nedelja - \u017dupnija Menge\u0161<\/title>\n<meta name=\"robots\" content=\"index, follow, max-snippet:-1, max-image-preview:large, max-video-preview:-1\" \/>\n<link rel=\"canonical\" href=\"https:\/\/zupnija-menges.rkc.si\/index.php\/2019\/09\/30\/mihaelova-nedelja\/\" \/>\n<meta property=\"og:locale\" content=\"sl_SI\" \/>\n<meta property=\"og:type\" content=\"article\" \/>\n<meta property=\"og:title\" content=\"Mihaelova nedelja - \u017dupnija Menge\u0161\" \/>\n<meta property=\"og:description\" content=\"Torek, 1. 10. po sveti ma\u0161i: seja \u017eupnijskega pastoralnega sveta Sreda, 2. 10. 18.00: molitev pred Najsvetej\u0161im 20.00: sestanek za star\u0161e bodo\u010dih prvoobhajancev \u010cetrtek, 3. 10. 18.00: molitev pred Najsvetej\u0161im [&hellip;]\" \/>\n<meta property=\"og:url\" content=\"https:\/\/zupnija-menges.rkc.si\/index.php\/2019\/09\/30\/mihaelova-nedelja\/\" \/>\n<meta property=\"og:site_name\" content=\"\u017dupnija Menge\u0161\" \/>\n<meta property=\"article:published_time\" content=\"2019-09-30T13:24:02+00:00\" \/>\n<meta property=\"article:modified_time\" content=\"2019-10-07T19:21:41+00:00\" \/>\n<meta property=\"og:image\" content=\"https:\/\/zupnija-menges.rkc.si\/wp-content\/uploads\/2018\/10\/sMihael-ikona-1.png\" \/>\n\t<meta property=\"og:image:width\" content=\"400\" \/>\n\t<meta property=\"og:image:height\" content=\"400\" \/>\n\t<meta property=\"og:image:type\" content=\"image\/png\" \/>\n<meta name=\"author\" content=\"\u017dupnija Menge\u0161\" \/>\n<meta name=\"twitter:card\" content=\"summary_large_image\" \/>\n<meta name=\"twitter:label1\" content=\"Written by\" \/>\n\t<meta name=\"twitter:data1\" content=\"\u017dupnija Menge\u0161\" \/>\n\t<meta name=\"twitter:label2\" content=\"Est. reading time\" \/>\n\t<meta name=\"twitter:data2\" content=\"1 minuta\" \/>\n<script type=\"application\/ld+json\" class=\"yoast-schema-graph\">{\"@context\":\"https:\/\/schema.org\",\"@graph\":[{\"@type\":\"WebPage\",\"@id\":\"https:\/\/zupnija-menges.rkc.si\/index.php\/2019\/09\/30\/mihaelova-nedelja\/\",\"url\":\"https:\/\/zupnija-menges.rkc.si\/index.php\/2019\/09\/30\/mihaelova-nedelja\/\",\"name\":\"Mihaelova nedelja - \u017dupnija Menge\u0161\",\"isPartOf\":{\"@id\":\"https:\/\/zupnija-menges.rkc.si\/#website\"},\"datePublished\":\"2019-09-30T13:24:02+00:00\",\"dateModified\":\"2019-10-07T19:21:41+00:00\",\"author\":{\"@id\":\"https:\/\/zupnija-menges.rkc.si\/#\/schema\/person\/30a6136b3e62fe0948bbeadab6a011c8\"},\"breadcrumb\":{\"@id\":\"https:\/\/zupnija-menges.rkc.si\/index.php\/2019\/09\/30\/mihaelova-nedelja\/#breadcrumb\"},\"inLanguage\":\"sl-SI\",\"potentialAction\":[{\"@type\":\"ReadAction\",\"target\":[\"https:\/\/zupnija-menges.rkc.si\/index.php\/2019\/09\/30\/mihaelova-nedelja\/\"]}]},{\"@type\":\"BreadcrumbList\",\"@id\":\"https:\/\/zupnija-menges.rkc.si\/index.php\/2019\/09\/30\/mihaelova-nedelja\/#breadcrumb\",\"itemListElement\":[{\"@type\":\"ListItem\",\"position\":1,\"name\":\"Home\",\"item\":\"https:\/\/zupnija-menges.rkc.si\/\"},{\"@type\":\"ListItem\",\"position\":2,\"name\":\"Mihaelova nedelja\"}]},{\"@type\":\"WebSite\",\"@id\":\"https:\/\/zupnija-menges.rkc.si\/#website\",\"url\":\"https:\/\/zupnija-menges.rkc.si\/\",\"name\":\"\u017dupnija Menge\u0161\",\"description\":\"\",\"potentialAction\":[{\"@type\":\"SearchAction\",\"target\":{\"@type\":\"EntryPoint\",\"urlTemplate\":\"https:\/\/zupnija-menges.rkc.si\/?s={search_term_string}\"},\"query-input\":\"required name=search_term_string\"}],\"inLanguage\":\"sl-SI\"},{\"@type\":\"Person\",\"@id\":\"https:\/\/zupnija-menges.rkc.si\/#\/schema\/person\/30a6136b3e62fe0948bbeadab6a011c8\",\"name\":\"\u017dupnija Menge\u0161\",\"image\":{\"@type\":\"ImageObject\",\"inLanguage\":\"sl-SI\",\"@id\":\"https:\/\/zupnija-menges.rkc.si\/#\/schema\/person\/image\/\",\"url\":\"https:\/\/secure.gravatar.com\/avatar\/5ab28e97e020e17154731a602459bd9e?s=96&d=mm&r=g\",\"contentUrl\":\"https:\/\/secure.gravatar.com\/avatar\/5ab28e97e020e17154731a602459bd9e?s=96&d=mm&r=g\",\"caption\":\"\u017dupnija Menge\u0161\"},\"url\":\"https:\/\/zupnija-menges.rkc.si\/index.php\/author\/zumenges\/\"}]}<\/script>\n<!-- \/ Yoast SEO plugin. -->","yoast_head_json":{"title":"Mihaelova nedelja - \u017dupnija Menge\u0161","robots":{"index":"index","follow":"follow","max-snippet":"max-snippet:-1","max-image-preview":"max-image-preview:large","max-video-preview":"max-video-preview:-1"},"canonical":"https:\/\/zupnija-menges.rkc.si\/index.php\/2019\/09\/30\/mihaelova-nedelja\/","og_locale":"sl_SI","og_type":"article","og_title":"Mihaelova nedelja - \u017dupnija Menge\u0161","og_description":"Torek, 1. 10. po sveti ma\u0161i: seja \u017eupnijskega pastoralnega sveta Sreda, 2. 10. 18.00: molitev pred Najsvetej\u0161im 20.00: sestanek za star\u0161e bodo\u010dih prvoobhajancev \u010cetrtek, 3. 10. 18.00: molitev pred Najsvetej\u0161im [&hellip;]","og_url":"https:\/\/zupnija-menges.rkc.si\/index.php\/2019\/09\/30\/mihaelova-nedelja\/","og_site_name":"\u017dupnija Menge\u0161","article_published_time":"2019-09-30T13:24:02+00:00","article_modified_time":"2019-10-07T19:21:41+00:00","og_image":[{"width":400,"height":400,"url":"https:\/\/zupnija-menges.rkc.si\/wp-content\/uploads\/2018\/10\/sMihael-ikona-1.png","type":"image\/png"}],"author":"\u017dupnija Menge\u0161","twitter_card":"summary_large_image","twitter_misc":{"Written by":"\u017dupnija Menge\u0161","Est. reading time":"1 minuta"},"schema":{"@context":"https:\/\/schema.org","@graph":[{"@type":"WebPage","@id":"https:\/\/zupnija-menges.rkc.si\/index.php\/2019\/09\/30\/mihaelova-nedelja\/","url":"https:\/\/zupnija-menges.rkc.si\/index.php\/2019\/09\/30\/mihaelova-nedelja\/","name":"Mihaelova nedelja - \u017dupnija Menge\u0161","isPartOf":{"@id":"https:\/\/zupnija-menges.rkc.si\/#website"},"datePublished":"2019-09-30T13:24:02+00:00","dateModified":"2019-10-07T19:21:41+00:00","author":{"@id":"https:\/\/zupnija-menges.rkc.si\/#\/schema\/person\/30a6136b3e62fe0948bbeadab6a011c8"},"breadcrumb":{"@id":"https:\/\/zupnija-menges.rkc.si\/index.php\/2019\/09\/30\/mihaelova-nedelja\/#breadcrumb"},"inLanguage":"sl-SI","potentialAction":[{"@type":"ReadAction","target":["https:\/\/zupnija-menges.rkc.si\/index.php\/2019\/09\/30\/mihaelova-nedelja\/"]}]},{"@type":"BreadcrumbList","@id":"https:\/\/zupnija-menges.rkc.si\/index.php\/2019\/09\/30\/mihaelova-nedelja\/#breadcrumb","itemListElement":[{"@type":"ListItem","position":1,"name":"Home","item":"https:\/\/zupnija-menges.rkc.si\/"},{"@type":"ListItem","position":2,"name":"Mihaelova nedelja"}]},{"@type":"WebSite","@id":"https:\/\/zupnija-menges.rkc.si\/#website","url":"https:\/\/zupnija-menges.rkc.si\/","name":"\u017dupnija Menge\u0161","description":"","potentialAction":[{"@type":"SearchAction","target":{"@type":"EntryPoint","urlTemplate":"https:\/\/zupnija-menges.rkc.si\/?s={search_term_string}"},"query-input":"required name=search_term_string"}],"inLanguage":"sl-SI"},{"@type":"Person","@id":"https:\/\/zupnija-menges.rkc.si\/#\/schema\/person\/30a6136b3e62fe0948bbeadab6a011c8","name":"\u017dupnija Menge\u0161","image":{"@type":"ImageObject","inLanguage":"sl-SI","@id":"https:\/\/zupnija-menges.rkc.si\/#\/schema\/person\/image\/","url":"https:\/\/secure.gravatar.com\/avatar\/5ab28e97e020e17154731a602459bd9e?s=96&d=mm&r=g","contentUrl":"https:\/\/secure.gravatar.com\/avatar\/5ab28e97e020e17154731a602459bd9e?s=96&d=mm&r=g","caption":"\u017dupnija Menge\u0161"},"url":"https:\/\/zupnija-menges.rkc.si\/index.php\/author\/zumenges\/"}]}},"_links":{"self":[{"href":"https:\/\/zupnija-menges.rkc.si\/index.php\/wp-json\/wp\/v2\/posts\/846"}],"collection":[{"href":"https:\/\/zupnija-menges.rkc.si\/index.php\/wp-json\/wp\/v2\/posts"}],"about":[{"href":"https:\/\/zupnija-menges.rkc.si\/index.php\/wp-json\/wp\/v2\/types\/post"}],"author":[{"embeddable":true,"href":"https:\/\/zupnija-menges.rkc.si\/index.php\/wp-json\/wp\/v2\/users\/2"}],"replies":[{"embeddable":true,"href":"https:\/\/zupnija-menges.rkc.si\/index.php\/wp-json\/wp\/v2\/comments?post=846"}],"version-history":[{"count":3,"href":"https:\/\/zupnija-menges.rkc.si\/index.php\/wp-json\/wp\/v2\/posts\/846\/revisions"}],"predecessor-version":[{"id":851,"href":"https:\/\/zupnija-menges.rkc.si\/index.php\/wp-json\/wp\/v2\/posts\/846\/revisions\/851"}],"wp:featuredmedia":[{"embeddable":true,"href":"https:\/\/zupnija-menges.rkc.si\/index.php\/wp-json\/wp\/v2\/media\/510"}],"wp:attachment":[{"href":"https:\/\/zupnija-menges.rkc.si\/index.php\/wp-json\/wp\/v2\/media?parent=846"}],"wp:term":[{"taxonomy":"category","embeddable":true,"href":"https:\/\/zupnija-menges.rkc.si\/index.php\/wp-json\/wp\/v2\/categories?post=846"},{"taxonomy":"post_tag","embeddable":true,"href":"https:\/\/zupnija-menges.rkc.si\/index.php\/wp-json\/wp\/v2\/tags?post=846"}],"curies":[{"name":"wp","href":"https:\/\/api.w.org\/{rel}","templated":true}]}}