{"id":730,"date":"2019-07-14T19:46:35","date_gmt":"2019-07-14T19:46:35","guid":{"rendered":"https:\/\/zupnija-menges.rkc.si\/?p=730"},"modified":"2019-07-15T20:04:35","modified_gmt":"2019-07-15T20:04:35","slug":"oratorij-2019","status":"publish","type":"post","link":"https:\/\/zupnija-menges.rkc.si\/index.php\/2019\/07\/14\/oratorij-2019\/","title":{"rendered":"Oratorij 2019"},"content":{"rendered":"<h3>Oratorij bo v Meng\u0161u letos potekal od 19. do 23. avgusta.<\/h3>\n<h2><a href=\"https:\/\/zupnija-menges.rkc.si\/wp-content\/uploads\/2019\/05\/oratorij-2019-prijavnica.pdf\" target=\"_blank\" rel=\"noopener\">Prijavnica<\/a><\/h2>\n<p>&nbsp;<\/p>\n<h4><strong>O Oratoriju 2019<\/strong><\/h4>\n<p>V leto\u0161njem letu bo za oratorijsko temo spet na vrsti literarni junak. Navdu\u0161il nas je legendarni Peter Klepec. Razlogov za tak\u0161no izbiro je ve\u010d.<\/p>\n<p>Peter Klepec je najprej slovenski junak, \u010digar zgodba je globoko zakoreninjena v na\u0161ih pripovedkah. Lahko re\u010demo, da pooseblja tisto najbolj\u0161e v slovenskem narodu, ki je na videz majhen in slaboten, a v sebi skriva neizmerno mo\u010d, ki zlomi katero koli\u00a0velesilo. Vrednote, po kateri \u017eivi in se ravna,\u00a0pa so temeljne kr\u0161\u010danske vrednote: odpu\u0161\u010danje, zaupanje, vera, ljubezen, poni\u017enost, delo, pomo\u010d bli\u017enjemu &#8230;<\/p>\n<h4>Povzetek zgodbe<\/h4>\n<p>Peter je preprost, slaboten fanti\u010d brez o\u010deta iz Osilnice, ki si slu\u017ei kruh kot pastir. A zaradi njegove slabotnosti ga izkori\u0161\u010dajo drugi pastirji in si ga naredijo za pravega hlapca. V svoji stiski prosi Boga za mo\u010d, da bi se jih lahko obranil in Bogu mu \u017eeljo izpolni. Od takrat se pastirji in sova\u0161\u010dani bojijo njegovega ma\u0161\u010devanja, toda Klepec jim odpusti in se odlo\u010di svojo mo\u010d uporabiti za to, da bo sebi in svoji materi uredil njivo na prej neuporabni zemlji, da se bosta lahko sama pre\u017eivljala.<\/p>\n<p>Nekega dne v vas pripotuje kraljevi sel, ki i\u0161\u010de junaka, ki bi se bojeval z velikanskim bojevnikom napadajo\u010dih Tatarov in tako kraljestvo ubranil pred vojno. Peter se odlo\u010di, da bo kralju prisko\u010dil na pomo\u010d. Velikana premaga in Tatare pre\u017eene, vendar kralj snede svojo besedo in odla\u0161a s Klep\u010devo nagrado.<\/p>\n<p>Koliko \u010dasa bo trajala Petrova potrpe\u017eljivost in kako se bo njegova zgodba kon\u010dala? Izvedeli bomo na ORATORIJU 2019! \ud83d\ude42<\/p>\n<p>vir:\u00a0http:\/\/www.oratorij.net\/tema-oratorija-2019-bo<\/p>\n","protected":false},"excerpt":{"rendered":"<p>Oratorij bo v Meng\u0161u letos potekal od 19. do 23. avgusta. Prijavnica &nbsp; O Oratoriju 2019 V leto\u0161njem letu bo za oratorijsko temo spet na vrsti literarni junak. Navdu\u0161il nas [&hellip;]<\/p>\n","protected":false},"author":2,"featured_media":731,"comment_status":"closed","ping_status":"closed","sticky":false,"template":"","format":"standard","meta":[],"categories":[34],"tags":[],"yoast_head":"<!-- This site is optimized with the Yoast SEO plugin v20.5 - https:\/\/yoast.com\/wordpress\/plugins\/seo\/ -->\n<title>Oratorij 2019 - \u017dupnija Menge\u0161<\/title>\n<meta name=\"robots\" content=\"index, follow, max-snippet:-1, max-image-preview:large, max-video-preview:-1\" \/>\n<link rel=\"canonical\" href=\"https:\/\/zupnija-menges.rkc.si\/index.php\/2019\/07\/14\/oratorij-2019\/\" \/>\n<meta property=\"og:locale\" content=\"sl_SI\" \/>\n<meta property=\"og:type\" content=\"article\" \/>\n<meta property=\"og:title\" content=\"Oratorij 2019 - \u017dupnija Menge\u0161\" \/>\n<meta property=\"og:description\" content=\"Oratorij bo v Meng\u0161u letos potekal od 19. do 23. avgusta. Prijavnica &nbsp; O Oratoriju 2019 V leto\u0161njem letu bo za oratorijsko temo spet na vrsti literarni junak. Navdu\u0161il nas [&hellip;]\" \/>\n<meta property=\"og:url\" content=\"https:\/\/zupnija-menges.rkc.si\/index.php\/2019\/07\/14\/oratorij-2019\/\" \/>\n<meta property=\"og:site_name\" content=\"\u017dupnija Menge\u0161\" \/>\n<meta property=\"article:published_time\" content=\"2019-07-14T19:46:35+00:00\" \/>\n<meta property=\"article:modified_time\" content=\"2019-07-15T20:04:35+00:00\" \/>\n<meta property=\"og:image\" content=\"https:\/\/zupnija-menges.rkc.si\/wp-content\/uploads\/2019\/05\/Peter-Klepec-e1558813581889.jpg\" \/>\n\t<meta property=\"og:image:width\" content=\"300\" \/>\n\t<meta property=\"og:image:height\" content=\"314\" \/>\n\t<meta property=\"og:image:type\" content=\"image\/jpeg\" \/>\n<meta name=\"author\" content=\"\u017dupnija Menge\u0161\" \/>\n<meta name=\"twitter:card\" content=\"summary_large_image\" \/>\n<meta name=\"twitter:label1\" content=\"Written by\" \/>\n\t<meta name=\"twitter:data1\" content=\"\u017dupnija Menge\u0161\" \/>\n\t<meta name=\"twitter:label2\" content=\"Est. reading time\" \/>\n\t<meta name=\"twitter:data2\" content=\"1 minuta\" \/>\n<script type=\"application\/ld+json\" class=\"yoast-schema-graph\">{\"@context\":\"https:\/\/schema.org\",\"@graph\":[{\"@type\":\"WebPage\",\"@id\":\"https:\/\/zupnija-menges.rkc.si\/index.php\/2019\/07\/14\/oratorij-2019\/\",\"url\":\"https:\/\/zupnija-menges.rkc.si\/index.php\/2019\/07\/14\/oratorij-2019\/\",\"name\":\"Oratorij 2019 - \u017dupnija Menge\u0161\",\"isPartOf\":{\"@id\":\"https:\/\/zupnija-menges.rkc.si\/#website\"},\"datePublished\":\"2019-07-14T19:46:35+00:00\",\"dateModified\":\"2019-07-15T20:04:35+00:00\",\"author\":{\"@id\":\"https:\/\/zupnija-menges.rkc.si\/#\/schema\/person\/30a6136b3e62fe0948bbeadab6a011c8\"},\"breadcrumb\":{\"@id\":\"https:\/\/zupnija-menges.rkc.si\/index.php\/2019\/07\/14\/oratorij-2019\/#breadcrumb\"},\"inLanguage\":\"sl-SI\",\"potentialAction\":[{\"@type\":\"ReadAction\",\"target\":[\"https:\/\/zupnija-menges.rkc.si\/index.php\/2019\/07\/14\/oratorij-2019\/\"]}]},{\"@type\":\"BreadcrumbList\",\"@id\":\"https:\/\/zupnija-menges.rkc.si\/index.php\/2019\/07\/14\/oratorij-2019\/#breadcrumb\",\"itemListElement\":[{\"@type\":\"ListItem\",\"position\":1,\"name\":\"Home\",\"item\":\"https:\/\/zupnija-menges.rkc.si\/\"},{\"@type\":\"ListItem\",\"position\":2,\"name\":\"Oratorij 2019\"}]},{\"@type\":\"WebSite\",\"@id\":\"https:\/\/zupnija-menges.rkc.si\/#website\",\"url\":\"https:\/\/zupnija-menges.rkc.si\/\",\"name\":\"\u017dupnija Menge\u0161\",\"description\":\"\",\"potentialAction\":[{\"@type\":\"SearchAction\",\"target\":{\"@type\":\"EntryPoint\",\"urlTemplate\":\"https:\/\/zupnija-menges.rkc.si\/?s={search_term_string}\"},\"query-input\":\"required name=search_term_string\"}],\"inLanguage\":\"sl-SI\"},{\"@type\":\"Person\",\"@id\":\"https:\/\/zupnija-menges.rkc.si\/#\/schema\/person\/30a6136b3e62fe0948bbeadab6a011c8\",\"name\":\"\u017dupnija Menge\u0161\",\"image\":{\"@type\":\"ImageObject\",\"inLanguage\":\"sl-SI\",\"@id\":\"https:\/\/zupnija-menges.rkc.si\/#\/schema\/person\/image\/\",\"url\":\"https:\/\/secure.gravatar.com\/avatar\/5ab28e97e020e17154731a602459bd9e?s=96&d=mm&r=g\",\"contentUrl\":\"https:\/\/secure.gravatar.com\/avatar\/5ab28e97e020e17154731a602459bd9e?s=96&d=mm&r=g\",\"caption\":\"\u017dupnija Menge\u0161\"},\"url\":\"https:\/\/zupnija-menges.rkc.si\/index.php\/author\/zumenges\/\"}]}<\/script>\n<!-- \/ Yoast SEO plugin. -->","yoast_head_json":{"title":"Oratorij 2019 - \u017dupnija Menge\u0161","robots":{"index":"index","follow":"follow","max-snippet":"max-snippet:-1","max-image-preview":"max-image-preview:large","max-video-preview":"max-video-preview:-1"},"canonical":"https:\/\/zupnija-menges.rkc.si\/index.php\/2019\/07\/14\/oratorij-2019\/","og_locale":"sl_SI","og_type":"article","og_title":"Oratorij 2019 - \u017dupnija Menge\u0161","og_description":"Oratorij bo v Meng\u0161u letos potekal od 19. do 23. avgusta. Prijavnica &nbsp; O Oratoriju 2019 V leto\u0161njem letu bo za oratorijsko temo spet na vrsti literarni junak. Navdu\u0161il nas [&hellip;]","og_url":"https:\/\/zupnija-menges.rkc.si\/index.php\/2019\/07\/14\/oratorij-2019\/","og_site_name":"\u017dupnija Menge\u0161","article_published_time":"2019-07-14T19:46:35+00:00","article_modified_time":"2019-07-15T20:04:35+00:00","og_image":[{"width":300,"height":314,"url":"https:\/\/zupnija-menges.rkc.si\/wp-content\/uploads\/2019\/05\/Peter-Klepec-e1558813581889.jpg","type":"image\/jpeg"}],"author":"\u017dupnija Menge\u0161","twitter_card":"summary_large_image","twitter_misc":{"Written by":"\u017dupnija Menge\u0161","Est. reading time":"1 minuta"},"schema":{"@context":"https:\/\/schema.org","@graph":[{"@type":"WebPage","@id":"https:\/\/zupnija-menges.rkc.si\/index.php\/2019\/07\/14\/oratorij-2019\/","url":"https:\/\/zupnija-menges.rkc.si\/index.php\/2019\/07\/14\/oratorij-2019\/","name":"Oratorij 2019 - \u017dupnija Menge\u0161","isPartOf":{"@id":"https:\/\/zupnija-menges.rkc.si\/#website"},"datePublished":"2019-07-14T19:46:35+00:00","dateModified":"2019-07-15T20:04:35+00:00","author":{"@id":"https:\/\/zupnija-menges.rkc.si\/#\/schema\/person\/30a6136b3e62fe0948bbeadab6a011c8"},"breadcrumb":{"@id":"https:\/\/zupnija-menges.rkc.si\/index.php\/2019\/07\/14\/oratorij-2019\/#breadcrumb"},"inLanguage":"sl-SI","potentialAction":[{"@type":"ReadAction","target":["https:\/\/zupnija-menges.rkc.si\/index.php\/2019\/07\/14\/oratorij-2019\/"]}]},{"@type":"BreadcrumbList","@id":"https:\/\/zupnija-menges.rkc.si\/index.php\/2019\/07\/14\/oratorij-2019\/#breadcrumb","itemListElement":[{"@type":"ListItem","position":1,"name":"Home","item":"https:\/\/zupnija-menges.rkc.si\/"},{"@type":"ListItem","position":2,"name":"Oratorij 2019"}]},{"@type":"WebSite","@id":"https:\/\/zupnija-menges.rkc.si\/#website","url":"https:\/\/zupnija-menges.rkc.si\/","name":"\u017dupnija Menge\u0161","description":"","potentialAction":[{"@type":"SearchAction","target":{"@type":"EntryPoint","urlTemplate":"https:\/\/zupnija-menges.rkc.si\/?s={search_term_string}"},"query-input":"required name=search_term_string"}],"inLanguage":"sl-SI"},{"@type":"Person","@id":"https:\/\/zupnija-menges.rkc.si\/#\/schema\/person\/30a6136b3e62fe0948bbeadab6a011c8","name":"\u017dupnija Menge\u0161","image":{"@type":"ImageObject","inLanguage":"sl-SI","@id":"https:\/\/zupnija-menges.rkc.si\/#\/schema\/person\/image\/","url":"https:\/\/secure.gravatar.com\/avatar\/5ab28e97e020e17154731a602459bd9e?s=96&d=mm&r=g","contentUrl":"https:\/\/secure.gravatar.com\/avatar\/5ab28e97e020e17154731a602459bd9e?s=96&d=mm&r=g","caption":"\u017dupnija Menge\u0161"},"url":"https:\/\/zupnija-menges.rkc.si\/index.php\/author\/zumenges\/"}]}},"_links":{"self":[{"href":"https:\/\/zupnija-menges.rkc.si\/index.php\/wp-json\/wp\/v2\/posts\/730"}],"collection":[{"href":"https:\/\/zupnija-menges.rkc.si\/index.php\/wp-json\/wp\/v2\/posts"}],"about":[{"href":"https:\/\/zupnija-menges.rkc.si\/index.php\/wp-json\/wp\/v2\/types\/post"}],"author":[{"embeddable":true,"href":"https:\/\/zupnija-menges.rkc.si\/index.php\/wp-json\/wp\/v2\/users\/2"}],"replies":[{"embeddable":true,"href":"https:\/\/zupnija-menges.rkc.si\/index.php\/wp-json\/wp\/v2\/comments?post=730"}],"version-history":[{"count":2,"href":"https:\/\/zupnija-menges.rkc.si\/index.php\/wp-json\/wp\/v2\/posts\/730\/revisions"}],"predecessor-version":[{"id":734,"href":"https:\/\/zupnija-menges.rkc.si\/index.php\/wp-json\/wp\/v2\/posts\/730\/revisions\/734"}],"wp:featuredmedia":[{"embeddable":true,"href":"https:\/\/zupnija-menges.rkc.si\/index.php\/wp-json\/wp\/v2\/media\/731"}],"wp:attachment":[{"href":"https:\/\/zupnija-menges.rkc.si\/index.php\/wp-json\/wp\/v2\/media?parent=730"}],"wp:term":[{"taxonomy":"category","embeddable":true,"href":"https:\/\/zupnija-menges.rkc.si\/index.php\/wp-json\/wp\/v2\/categories?post=730"},{"taxonomy":"post_tag","embeddable":true,"href":"https:\/\/zupnija-menges.rkc.si\/index.php\/wp-json\/wp\/v2\/tags?post=730"}],"curies":[{"name":"wp","href":"https:\/\/api.w.org\/{rel}","templated":true}]}}