{"id":721,"date":"2019-05-19T19:26:20","date_gmt":"2019-05-19T19:26:20","guid":{"rendered":"https:\/\/zupnija-menges.rkc.si\/?p=721"},"modified":"2019-05-20T19:30:23","modified_gmt":"2019-05-20T19:30:23","slug":"evropske-volitve","status":"publish","type":"post","link":"https:\/\/zupnija-menges.rkc.si\/index.php\/2019\/05\/19\/evropske-volitve\/","title":{"rendered":"Vabilo slovenskih \u0161kofov na evropske volitve"},"content":{"rendered":"<p><a href=\"https:\/\/zupnija-menges.rkc.si\/wp-content\/uploads\/2019\/05\/evropske-volitve.pdf\" target=\"_blank\" rel=\"noopener\"><img decoding=\"async\" loading=\"lazy\" class=\"alignnone wp-image-722 size-full\" src=\"https:\/\/zupnija-menges.rkc.si\/wp-content\/uploads\/2019\/05\/evropske-volitve.jpg\" alt=\"\" width=\"1654\" height=\"2339\" srcset=\"https:\/\/zupnija-menges.rkc.si\/wp-content\/uploads\/2019\/05\/evropske-volitve.jpg 1654w, https:\/\/zupnija-menges.rkc.si\/wp-content\/uploads\/2019\/05\/evropske-volitve-212x300.jpg 212w, https:\/\/zupnija-menges.rkc.si\/wp-content\/uploads\/2019\/05\/evropske-volitve-768x1086.jpg 768w, https:\/\/zupnija-menges.rkc.si\/wp-content\/uploads\/2019\/05\/evropske-volitve-724x1024.jpg 724w, https:\/\/zupnija-menges.rkc.si\/wp-content\/uploads\/2019\/05\/evropske-volitve-830x1174.jpg 830w, https:\/\/zupnija-menges.rkc.si\/wp-content\/uploads\/2019\/05\/evropske-volitve-230x325.jpg 230w, https:\/\/zupnija-menges.rkc.si\/wp-content\/uploads\/2019\/05\/evropske-volitve-350x495.jpg 350w, https:\/\/zupnija-menges.rkc.si\/wp-content\/uploads\/2019\/05\/evropske-volitve-480x679.jpg 480w\" sizes=\"(max-width: 1654px) 100vw, 1654px\" \/><\/a><\/p>\n","protected":false},"excerpt":{"rendered":"","protected":false},"author":2,"featured_media":724,"comment_status":"closed","ping_status":"closed","sticky":false,"template":"","format":"standard","meta":[],"categories":[6],"tags":[],"yoast_head":"<!-- This site is optimized with the Yoast SEO plugin v20.5 - https:\/\/yoast.com\/wordpress\/plugins\/seo\/ -->\n<title>Vabilo slovenskih \u0161kofov na evropske volitve - \u017dupnija Menge\u0161<\/title>\n<meta name=\"robots\" content=\"index, follow, max-snippet:-1, max-image-preview:large, max-video-preview:-1\" \/>\n<link rel=\"canonical\" href=\"https:\/\/zupnija-menges.rkc.si\/index.php\/2019\/05\/19\/evropske-volitve\/\" \/>\n<meta property=\"og:locale\" content=\"sl_SI\" \/>\n<meta property=\"og:type\" content=\"article\" \/>\n<meta property=\"og:title\" content=\"Vabilo slovenskih \u0161kofov na evropske volitve - \u017dupnija Menge\u0161\" \/>\n<meta property=\"og:url\" content=\"https:\/\/zupnija-menges.rkc.si\/index.php\/2019\/05\/19\/evropske-volitve\/\" \/>\n<meta property=\"og:site_name\" content=\"\u017dupnija Menge\u0161\" \/>\n<meta property=\"article:published_time\" content=\"2019-05-19T19:26:20+00:00\" \/>\n<meta property=\"article:modified_time\" content=\"2019-05-20T19:30:23+00:00\" \/>\n<meta property=\"og:image\" content=\"https:\/\/zupnija-menges.rkc.si\/wp-content\/uploads\/2019\/05\/Voting_EU_sl-e1558380484391.png\" \/>\n\t<meta property=\"og:image:width\" content=\"533\" \/>\n\t<meta property=\"og:image:height\" content=\"300\" \/>\n\t<meta property=\"og:image:type\" content=\"image\/png\" \/>\n<meta name=\"author\" content=\"\u017dupnija Menge\u0161\" \/>\n<meta name=\"twitter:card\" content=\"summary_large_image\" \/>\n<meta name=\"twitter:label1\" content=\"Written by\" \/>\n\t<meta name=\"twitter:data1\" content=\"\u017dupnija Menge\u0161\" \/>\n<script type=\"application\/ld+json\" class=\"yoast-schema-graph\">{\"@context\":\"https:\/\/schema.org\",\"@graph\":[{\"@type\":\"WebPage\",\"@id\":\"https:\/\/zupnija-menges.rkc.si\/index.php\/2019\/05\/19\/evropske-volitve\/\",\"url\":\"https:\/\/zupnija-menges.rkc.si\/index.php\/2019\/05\/19\/evropske-volitve\/\",\"name\":\"Vabilo slovenskih \u0161kofov na evropske volitve - \u017dupnija Menge\u0161\",\"isPartOf\":{\"@id\":\"https:\/\/zupnija-menges.rkc.si\/#website\"},\"datePublished\":\"2019-05-19T19:26:20+00:00\",\"dateModified\":\"2019-05-20T19:30:23+00:00\",\"author\":{\"@id\":\"https:\/\/zupnija-menges.rkc.si\/#\/schema\/person\/30a6136b3e62fe0948bbeadab6a011c8\"},\"breadcrumb\":{\"@id\":\"https:\/\/zupnija-menges.rkc.si\/index.php\/2019\/05\/19\/evropske-volitve\/#breadcrumb\"},\"inLanguage\":\"sl-SI\",\"potentialAction\":[{\"@type\":\"ReadAction\",\"target\":[\"https:\/\/zupnija-menges.rkc.si\/index.php\/2019\/05\/19\/evropske-volitve\/\"]}]},{\"@type\":\"BreadcrumbList\",\"@id\":\"https:\/\/zupnija-menges.rkc.si\/index.php\/2019\/05\/19\/evropske-volitve\/#breadcrumb\",\"itemListElement\":[{\"@type\":\"ListItem\",\"position\":1,\"name\":\"Home\",\"item\":\"https:\/\/zupnija-menges.rkc.si\/\"},{\"@type\":\"ListItem\",\"position\":2,\"name\":\"Vabilo slovenskih \u0161kofov na evropske volitve\"}]},{\"@type\":\"WebSite\",\"@id\":\"https:\/\/zupnija-menges.rkc.si\/#website\",\"url\":\"https:\/\/zupnija-menges.rkc.si\/\",\"name\":\"\u017dupnija Menge\u0161\",\"description\":\"\",\"potentialAction\":[{\"@type\":\"SearchAction\",\"target\":{\"@type\":\"EntryPoint\",\"urlTemplate\":\"https:\/\/zupnija-menges.rkc.si\/?s={search_term_string}\"},\"query-input\":\"required name=search_term_string\"}],\"inLanguage\":\"sl-SI\"},{\"@type\":\"Person\",\"@id\":\"https:\/\/zupnija-menges.rkc.si\/#\/schema\/person\/30a6136b3e62fe0948bbeadab6a011c8\",\"name\":\"\u017dupnija Menge\u0161\",\"image\":{\"@type\":\"ImageObject\",\"inLanguage\":\"sl-SI\",\"@id\":\"https:\/\/zupnija-menges.rkc.si\/#\/schema\/person\/image\/\",\"url\":\"https:\/\/secure.gravatar.com\/avatar\/5ab28e97e020e17154731a602459bd9e?s=96&d=mm&r=g\",\"contentUrl\":\"https:\/\/secure.gravatar.com\/avatar\/5ab28e97e020e17154731a602459bd9e?s=96&d=mm&r=g\",\"caption\":\"\u017dupnija Menge\u0161\"},\"url\":\"https:\/\/zupnija-menges.rkc.si\/index.php\/author\/zumenges\/\"}]}<\/script>\n<!-- \/ Yoast SEO plugin. -->","yoast_head_json":{"title":"Vabilo slovenskih \u0161kofov na evropske volitve - \u017dupnija Menge\u0161","robots":{"index":"index","follow":"follow","max-snippet":"max-snippet:-1","max-image-preview":"max-image-preview:large","max-video-preview":"max-video-preview:-1"},"canonical":"https:\/\/zupnija-menges.rkc.si\/index.php\/2019\/05\/19\/evropske-volitve\/","og_locale":"sl_SI","og_type":"article","og_title":"Vabilo slovenskih \u0161kofov na evropske volitve - \u017dupnija Menge\u0161","og_url":"https:\/\/zupnija-menges.rkc.si\/index.php\/2019\/05\/19\/evropske-volitve\/","og_site_name":"\u017dupnija Menge\u0161","article_published_time":"2019-05-19T19:26:20+00:00","article_modified_time":"2019-05-20T19:30:23+00:00","og_image":[{"width":533,"height":300,"url":"https:\/\/zupnija-menges.rkc.si\/wp-content\/uploads\/2019\/05\/Voting_EU_sl-e1558380484391.png","type":"image\/png"}],"author":"\u017dupnija Menge\u0161","twitter_card":"summary_large_image","twitter_misc":{"Written by":"\u017dupnija Menge\u0161"},"schema":{"@context":"https:\/\/schema.org","@graph":[{"@type":"WebPage","@id":"https:\/\/zupnija-menges.rkc.si\/index.php\/2019\/05\/19\/evropske-volitve\/","url":"https:\/\/zupnija-menges.rkc.si\/index.php\/2019\/05\/19\/evropske-volitve\/","name":"Vabilo slovenskih \u0161kofov na evropske volitve - \u017dupnija Menge\u0161","isPartOf":{"@id":"https:\/\/zupnija-menges.rkc.si\/#website"},"datePublished":"2019-05-19T19:26:20+00:00","dateModified":"2019-05-20T19:30:23+00:00","author":{"@id":"https:\/\/zupnija-menges.rkc.si\/#\/schema\/person\/30a6136b3e62fe0948bbeadab6a011c8"},"breadcrumb":{"@id":"https:\/\/zupnija-menges.rkc.si\/index.php\/2019\/05\/19\/evropske-volitve\/#breadcrumb"},"inLanguage":"sl-SI","potentialAction":[{"@type":"ReadAction","target":["https:\/\/zupnija-menges.rkc.si\/index.php\/2019\/05\/19\/evropske-volitve\/"]}]},{"@type":"BreadcrumbList","@id":"https:\/\/zupnija-menges.rkc.si\/index.php\/2019\/05\/19\/evropske-volitve\/#breadcrumb","itemListElement":[{"@type":"ListItem","position":1,"name":"Home","item":"https:\/\/zupnija-menges.rkc.si\/"},{"@type":"ListItem","position":2,"name":"Vabilo slovenskih \u0161kofov na evropske volitve"}]},{"@type":"WebSite","@id":"https:\/\/zupnija-menges.rkc.si\/#website","url":"https:\/\/zupnija-menges.rkc.si\/","name":"\u017dupnija Menge\u0161","description":"","potentialAction":[{"@type":"SearchAction","target":{"@type":"EntryPoint","urlTemplate":"https:\/\/zupnija-menges.rkc.si\/?s={search_term_string}"},"query-input":"required name=search_term_string"}],"inLanguage":"sl-SI"},{"@type":"Person","@id":"https:\/\/zupnija-menges.rkc.si\/#\/schema\/person\/30a6136b3e62fe0948bbeadab6a011c8","name":"\u017dupnija Menge\u0161","image":{"@type":"ImageObject","inLanguage":"sl-SI","@id":"https:\/\/zupnija-menges.rkc.si\/#\/schema\/person\/image\/","url":"https:\/\/secure.gravatar.com\/avatar\/5ab28e97e020e17154731a602459bd9e?s=96&d=mm&r=g","contentUrl":"https:\/\/secure.gravatar.com\/avatar\/5ab28e97e020e17154731a602459bd9e?s=96&d=mm&r=g","caption":"\u017dupnija Menge\u0161"},"url":"https:\/\/zupnija-menges.rkc.si\/index.php\/author\/zumenges\/"}]}},"_links":{"self":[{"href":"https:\/\/zupnija-menges.rkc.si\/index.php\/wp-json\/wp\/v2\/posts\/721"}],"collection":[{"href":"https:\/\/zupnija-menges.rkc.si\/index.php\/wp-json\/wp\/v2\/posts"}],"about":[{"href":"https:\/\/zupnija-menges.rkc.si\/index.php\/wp-json\/wp\/v2\/types\/post"}],"author":[{"embeddable":true,"href":"https:\/\/zupnija-menges.rkc.si\/index.php\/wp-json\/wp\/v2\/users\/2"}],"replies":[{"embeddable":true,"href":"https:\/\/zupnija-menges.rkc.si\/index.php\/wp-json\/wp\/v2\/comments?post=721"}],"version-history":[{"count":4,"href":"https:\/\/zupnija-menges.rkc.si\/index.php\/wp-json\/wp\/v2\/posts\/721\/revisions"}],"predecessor-version":[{"id":727,"href":"https:\/\/zupnija-menges.rkc.si\/index.php\/wp-json\/wp\/v2\/posts\/721\/revisions\/727"}],"wp:featuredmedia":[{"embeddable":true,"href":"https:\/\/zupnija-menges.rkc.si\/index.php\/wp-json\/wp\/v2\/media\/724"}],"wp:attachment":[{"href":"https:\/\/zupnija-menges.rkc.si\/index.php\/wp-json\/wp\/v2\/media?parent=721"}],"wp:term":[{"taxonomy":"category","embeddable":true,"href":"https:\/\/zupnija-menges.rkc.si\/index.php\/wp-json\/wp\/v2\/categories?post=721"},{"taxonomy":"post_tag","embeddable":true,"href":"https:\/\/zupnija-menges.rkc.si\/index.php\/wp-json\/wp\/v2\/tags?post=721"}],"curies":[{"name":"wp","href":"https:\/\/api.w.org\/{rel}","templated":true}]}}