{"id":714,"date":"2019-05-14T22:07:14","date_gmt":"2019-05-14T22:07:14","guid":{"rendered":"https:\/\/zupnija-menges.rkc.si\/?p=714"},"modified":"2019-05-14T22:07:14","modified_gmt":"2019-05-14T22:07:14","slug":"cetrta-velikonocna-nedelja","status":"publish","type":"post","link":"https:\/\/zupnija-menges.rkc.si\/index.php\/2019\/05\/14\/cetrta-velikonocna-nedelja\/","title":{"rendered":"\u010cetrta velikono\u010dna nedelja"},"content":{"rendered":"<p>V <strong>torek<\/strong> s sveto ma\u0161o se bo za\u010dela neposredna priprava leto\u0161njih prvoobhajancev na prvo sveto obhajilo.<\/p>\n<p>V <strong>petek<\/strong> ob 19.30 bo odprtje razstave ro\u010dnih del v dvorani \u017eupnijskega doma. Vabljeni.<\/p>\n<p>V <strong>soboto<\/strong>, 18. maja, cerkev in \u017eupnijski dom \u010distijo star\u0161i prvoobhajancev.<\/p>\n<p>V soboto ob 11h bo spoved za star\u0161e prvoobhajancev.<br \/>\nOb 20h bo v cerkvi na Homcu koncert klasi\u010dne glasbe.<\/p>\n<p>V <strong>nedeljo<\/strong>, 19. maja, bo dekanijsko romanje na Brezje. To bo molitev za duhovne poklice. Prijave za avtobus zbiramo do \u010detrtka po sveti ma\u0161i.<\/p>\n<p>Ob 10h bo \u017eupnijska slovesnost prvega svetega obhajila. Klopi v cerkvi bodo rezervirane za prvoobhajance in njihove star\u0161e.<\/p>\n","protected":false},"excerpt":{"rendered":"<p>V torek s sveto ma\u0161o se bo za\u010dela neposredna priprava leto\u0161njih prvoobhajancev na prvo sveto obhajilo. V petek ob 19.30 bo odprtje razstave ro\u010dnih del v dvorani \u017eupnijskega doma. Vabljeni. [&hellip;]<\/p>\n","protected":false},"author":2,"featured_media":0,"comment_status":"closed","ping_status":"closed","sticky":false,"template":"","format":"standard","meta":[],"categories":[3],"tags":[],"yoast_head":"<!-- This site is optimized with the Yoast SEO plugin v20.5 - https:\/\/yoast.com\/wordpress\/plugins\/seo\/ -->\n<title>\u010cetrta velikono\u010dna nedelja - \u017dupnija Menge\u0161<\/title>\n<meta name=\"robots\" content=\"index, follow, max-snippet:-1, max-image-preview:large, max-video-preview:-1\" \/>\n<link rel=\"canonical\" href=\"https:\/\/zupnija-menges.rkc.si\/index.php\/2019\/05\/14\/cetrta-velikonocna-nedelja\/\" \/>\n<meta property=\"og:locale\" content=\"sl_SI\" \/>\n<meta property=\"og:type\" content=\"article\" \/>\n<meta property=\"og:title\" content=\"\u010cetrta velikono\u010dna nedelja - \u017dupnija Menge\u0161\" \/>\n<meta property=\"og:description\" content=\"V torek s sveto ma\u0161o se bo za\u010dela neposredna priprava leto\u0161njih prvoobhajancev na prvo sveto obhajilo. V petek ob 19.30 bo odprtje razstave ro\u010dnih del v dvorani \u017eupnijskega doma. Vabljeni. [&hellip;]\" \/>\n<meta property=\"og:url\" content=\"https:\/\/zupnija-menges.rkc.si\/index.php\/2019\/05\/14\/cetrta-velikonocna-nedelja\/\" \/>\n<meta property=\"og:site_name\" content=\"\u017dupnija Menge\u0161\" \/>\n<meta property=\"article:published_time\" content=\"2019-05-14T22:07:14+00:00\" \/>\n<meta name=\"author\" content=\"\u017dupnija Menge\u0161\" \/>\n<meta name=\"twitter:card\" content=\"summary_large_image\" \/>\n<meta name=\"twitter:label1\" content=\"Written by\" \/>\n\t<meta name=\"twitter:data1\" content=\"\u017dupnija Menge\u0161\" \/>\n\t<meta name=\"twitter:label2\" content=\"Est. reading time\" \/>\n\t<meta name=\"twitter:data2\" content=\"1 minuta\" \/>\n<script type=\"application\/ld+json\" class=\"yoast-schema-graph\">{\"@context\":\"https:\/\/schema.org\",\"@graph\":[{\"@type\":\"WebPage\",\"@id\":\"https:\/\/zupnija-menges.rkc.si\/index.php\/2019\/05\/14\/cetrta-velikonocna-nedelja\/\",\"url\":\"https:\/\/zupnija-menges.rkc.si\/index.php\/2019\/05\/14\/cetrta-velikonocna-nedelja\/\",\"name\":\"\u010cetrta velikono\u010dna nedelja - \u017dupnija Menge\u0161\",\"isPartOf\":{\"@id\":\"https:\/\/zupnija-menges.rkc.si\/#website\"},\"datePublished\":\"2019-05-14T22:07:14+00:00\",\"dateModified\":\"2019-05-14T22:07:14+00:00\",\"author\":{\"@id\":\"https:\/\/zupnija-menges.rkc.si\/#\/schema\/person\/30a6136b3e62fe0948bbeadab6a011c8\"},\"breadcrumb\":{\"@id\":\"https:\/\/zupnija-menges.rkc.si\/index.php\/2019\/05\/14\/cetrta-velikonocna-nedelja\/#breadcrumb\"},\"inLanguage\":\"sl-SI\",\"potentialAction\":[{\"@type\":\"ReadAction\",\"target\":[\"https:\/\/zupnija-menges.rkc.si\/index.php\/2019\/05\/14\/cetrta-velikonocna-nedelja\/\"]}]},{\"@type\":\"BreadcrumbList\",\"@id\":\"https:\/\/zupnija-menges.rkc.si\/index.php\/2019\/05\/14\/cetrta-velikonocna-nedelja\/#breadcrumb\",\"itemListElement\":[{\"@type\":\"ListItem\",\"position\":1,\"name\":\"Home\",\"item\":\"https:\/\/zupnija-menges.rkc.si\/\"},{\"@type\":\"ListItem\",\"position\":2,\"name\":\"\u010cetrta velikono\u010dna nedelja\"}]},{\"@type\":\"WebSite\",\"@id\":\"https:\/\/zupnija-menges.rkc.si\/#website\",\"url\":\"https:\/\/zupnija-menges.rkc.si\/\",\"name\":\"\u017dupnija Menge\u0161\",\"description\":\"\",\"potentialAction\":[{\"@type\":\"SearchAction\",\"target\":{\"@type\":\"EntryPoint\",\"urlTemplate\":\"https:\/\/zupnija-menges.rkc.si\/?s={search_term_string}\"},\"query-input\":\"required name=search_term_string\"}],\"inLanguage\":\"sl-SI\"},{\"@type\":\"Person\",\"@id\":\"https:\/\/zupnija-menges.rkc.si\/#\/schema\/person\/30a6136b3e62fe0948bbeadab6a011c8\",\"name\":\"\u017dupnija Menge\u0161\",\"image\":{\"@type\":\"ImageObject\",\"inLanguage\":\"sl-SI\",\"@id\":\"https:\/\/zupnija-menges.rkc.si\/#\/schema\/person\/image\/\",\"url\":\"https:\/\/secure.gravatar.com\/avatar\/5ab28e97e020e17154731a602459bd9e?s=96&d=mm&r=g\",\"contentUrl\":\"https:\/\/secure.gravatar.com\/avatar\/5ab28e97e020e17154731a602459bd9e?s=96&d=mm&r=g\",\"caption\":\"\u017dupnija Menge\u0161\"},\"url\":\"https:\/\/zupnija-menges.rkc.si\/index.php\/author\/zumenges\/\"}]}<\/script>\n<!-- \/ Yoast SEO plugin. -->","yoast_head_json":{"title":"\u010cetrta velikono\u010dna nedelja - \u017dupnija Menge\u0161","robots":{"index":"index","follow":"follow","max-snippet":"max-snippet:-1","max-image-preview":"max-image-preview:large","max-video-preview":"max-video-preview:-1"},"canonical":"https:\/\/zupnija-menges.rkc.si\/index.php\/2019\/05\/14\/cetrta-velikonocna-nedelja\/","og_locale":"sl_SI","og_type":"article","og_title":"\u010cetrta velikono\u010dna nedelja - \u017dupnija Menge\u0161","og_description":"V torek s sveto ma\u0161o se bo za\u010dela neposredna priprava leto\u0161njih prvoobhajancev na prvo sveto obhajilo. V petek ob 19.30 bo odprtje razstave ro\u010dnih del v dvorani \u017eupnijskega doma. Vabljeni. [&hellip;]","og_url":"https:\/\/zupnija-menges.rkc.si\/index.php\/2019\/05\/14\/cetrta-velikonocna-nedelja\/","og_site_name":"\u017dupnija Menge\u0161","article_published_time":"2019-05-14T22:07:14+00:00","author":"\u017dupnija Menge\u0161","twitter_card":"summary_large_image","twitter_misc":{"Written by":"\u017dupnija Menge\u0161","Est. reading time":"1 minuta"},"schema":{"@context":"https:\/\/schema.org","@graph":[{"@type":"WebPage","@id":"https:\/\/zupnija-menges.rkc.si\/index.php\/2019\/05\/14\/cetrta-velikonocna-nedelja\/","url":"https:\/\/zupnija-menges.rkc.si\/index.php\/2019\/05\/14\/cetrta-velikonocna-nedelja\/","name":"\u010cetrta velikono\u010dna nedelja - \u017dupnija Menge\u0161","isPartOf":{"@id":"https:\/\/zupnija-menges.rkc.si\/#website"},"datePublished":"2019-05-14T22:07:14+00:00","dateModified":"2019-05-14T22:07:14+00:00","author":{"@id":"https:\/\/zupnija-menges.rkc.si\/#\/schema\/person\/30a6136b3e62fe0948bbeadab6a011c8"},"breadcrumb":{"@id":"https:\/\/zupnija-menges.rkc.si\/index.php\/2019\/05\/14\/cetrta-velikonocna-nedelja\/#breadcrumb"},"inLanguage":"sl-SI","potentialAction":[{"@type":"ReadAction","target":["https:\/\/zupnija-menges.rkc.si\/index.php\/2019\/05\/14\/cetrta-velikonocna-nedelja\/"]}]},{"@type":"BreadcrumbList","@id":"https:\/\/zupnija-menges.rkc.si\/index.php\/2019\/05\/14\/cetrta-velikonocna-nedelja\/#breadcrumb","itemListElement":[{"@type":"ListItem","position":1,"name":"Home","item":"https:\/\/zupnija-menges.rkc.si\/"},{"@type":"ListItem","position":2,"name":"\u010cetrta velikono\u010dna nedelja"}]},{"@type":"WebSite","@id":"https:\/\/zupnija-menges.rkc.si\/#website","url":"https:\/\/zupnija-menges.rkc.si\/","name":"\u017dupnija Menge\u0161","description":"","potentialAction":[{"@type":"SearchAction","target":{"@type":"EntryPoint","urlTemplate":"https:\/\/zupnija-menges.rkc.si\/?s={search_term_string}"},"query-input":"required name=search_term_string"}],"inLanguage":"sl-SI"},{"@type":"Person","@id":"https:\/\/zupnija-menges.rkc.si\/#\/schema\/person\/30a6136b3e62fe0948bbeadab6a011c8","name":"\u017dupnija Menge\u0161","image":{"@type":"ImageObject","inLanguage":"sl-SI","@id":"https:\/\/zupnija-menges.rkc.si\/#\/schema\/person\/image\/","url":"https:\/\/secure.gravatar.com\/avatar\/5ab28e97e020e17154731a602459bd9e?s=96&d=mm&r=g","contentUrl":"https:\/\/secure.gravatar.com\/avatar\/5ab28e97e020e17154731a602459bd9e?s=96&d=mm&r=g","caption":"\u017dupnija Menge\u0161"},"url":"https:\/\/zupnija-menges.rkc.si\/index.php\/author\/zumenges\/"}]}},"_links":{"self":[{"href":"https:\/\/zupnija-menges.rkc.si\/index.php\/wp-json\/wp\/v2\/posts\/714"}],"collection":[{"href":"https:\/\/zupnija-menges.rkc.si\/index.php\/wp-json\/wp\/v2\/posts"}],"about":[{"href":"https:\/\/zupnija-menges.rkc.si\/index.php\/wp-json\/wp\/v2\/types\/post"}],"author":[{"embeddable":true,"href":"https:\/\/zupnija-menges.rkc.si\/index.php\/wp-json\/wp\/v2\/users\/2"}],"replies":[{"embeddable":true,"href":"https:\/\/zupnija-menges.rkc.si\/index.php\/wp-json\/wp\/v2\/comments?post=714"}],"version-history":[{"count":1,"href":"https:\/\/zupnija-menges.rkc.si\/index.php\/wp-json\/wp\/v2\/posts\/714\/revisions"}],"predecessor-version":[{"id":715,"href":"https:\/\/zupnija-menges.rkc.si\/index.php\/wp-json\/wp\/v2\/posts\/714\/revisions\/715"}],"wp:attachment":[{"href":"https:\/\/zupnija-menges.rkc.si\/index.php\/wp-json\/wp\/v2\/media?parent=714"}],"wp:term":[{"taxonomy":"category","embeddable":true,"href":"https:\/\/zupnija-menges.rkc.si\/index.php\/wp-json\/wp\/v2\/categories?post=714"},{"taxonomy":"post_tag","embeddable":true,"href":"https:\/\/zupnija-menges.rkc.si\/index.php\/wp-json\/wp\/v2\/tags?post=714"}],"curies":[{"name":"wp","href":"https:\/\/api.w.org\/{rel}","templated":true}]}}