{"id":632,"date":"2019-03-05T07:23:31","date_gmt":"2019-03-05T07:23:31","guid":{"rendered":"https:\/\/zupnija-menges.rkc.si\/?p=632"},"modified":"2019-03-05T19:25:06","modified_gmt":"2019-03-05T19:25:06","slug":"8-navadna-nedelja","status":"publish","type":"post","link":"https:\/\/zupnija-menges.rkc.si\/index.php\/2019\/03\/05\/8-navadna-nedelja\/","title":{"rendered":"8. navadna nedelja"},"content":{"rendered":"<p><strong>Torek, 5. 3.<\/strong><br \/>\npo sveti ma\u0161i: seja \u017dPS<\/p>\n<p><strong>Sreda, 6. 3. &#8211; pepelnica<\/strong><br \/>\nsveti ma\u0161i: 8.00 in 18.00<br \/>\npo svetih ma\u0161ah bo pepelenje<br \/>\n17.00, \u017eupnijska cerkev: molitev pred najsvetej\u0161im za blagoslov \u017eupnije<\/p>\n<p><strong>Petek, 8. 3.<br \/>\n<\/strong>po sveti ma\u0161i, \u017eupnijska cerkev: kri\u017eev pot<\/p>\n<p><strong>Sobota, 9. 3.<\/strong><br \/>\nCerkev in \u017eupnijski dom \u010distijo \u017eupljani iz Malega Meng\u0161a vzhodno od Liparjeve.<br \/>\n19.00: taizejska molitev<\/p>\n<p><strong>Nedelja, 10. 3. &#8211; 1. postna nedelja<br \/>\n<\/strong>15.00, \u017eupnijska cerkev: kri\u017eev pot<\/p>\n<p>&nbsp;<\/p>\n<p><em>Slika<\/em><br \/>\n<em>Fa\u0142at Julian: Pepelenje<\/em><\/p>\n","protected":false},"excerpt":{"rendered":"<p>Torek, 5. 3. po sveti ma\u0161i: seja \u017dPS Sreda, 6. 3. &#8211; pepelnica sveti ma\u0161i: 8.00 in 18.00 po svetih ma\u0161ah bo pepelenje 17.00, \u017eupnijska cerkev: molitev pred najsvetej\u0161im za [&hellip;]<\/p>\n","protected":false},"author":2,"featured_media":641,"comment_status":"closed","ping_status":"closed","sticky":false,"template":"","format":"standard","meta":[],"categories":[3],"tags":[],"yoast_head":"<!-- This site is optimized with the Yoast SEO plugin v20.5 - https:\/\/yoast.com\/wordpress\/plugins\/seo\/ -->\n<title>8. navadna nedelja - \u017dupnija Menge\u0161<\/title>\n<meta name=\"robots\" content=\"index, follow, max-snippet:-1, max-image-preview:large, max-video-preview:-1\" \/>\n<link rel=\"canonical\" href=\"https:\/\/zupnija-menges.rkc.si\/index.php\/2019\/03\/05\/8-navadna-nedelja\/\" \/>\n<meta property=\"og:locale\" content=\"sl_SI\" \/>\n<meta property=\"og:type\" content=\"article\" \/>\n<meta property=\"og:title\" content=\"8. navadna nedelja - \u017dupnija Menge\u0161\" \/>\n<meta property=\"og:description\" content=\"Torek, 5. 3. po sveti ma\u0161i: seja \u017dPS Sreda, 6. 3. &#8211; pepelnica sveti ma\u0161i: 8.00 in 18.00 po svetih ma\u0161ah bo pepelenje 17.00, \u017eupnijska cerkev: molitev pred najsvetej\u0161im za [&hellip;]\" \/>\n<meta property=\"og:url\" content=\"https:\/\/zupnija-menges.rkc.si\/index.php\/2019\/03\/05\/8-navadna-nedelja\/\" \/>\n<meta property=\"og:site_name\" content=\"\u017dupnija Menge\u0161\" \/>\n<meta property=\"article:published_time\" content=\"2019-03-05T07:23:31+00:00\" \/>\n<meta property=\"article:modified_time\" content=\"2019-03-05T19:25:06+00:00\" \/>\n<meta property=\"og:image\" content=\"https:\/\/zupnija-menges.rkc.si\/wp-content\/uploads\/2019\/03\/Fa\u0142at_Julian_Popielec-e1551813847393.jpg\" \/>\n\t<meta property=\"og:image:width\" content=\"431\" \/>\n\t<meta property=\"og:image:height\" content=\"300\" \/>\n\t<meta property=\"og:image:type\" content=\"image\/jpeg\" \/>\n<meta name=\"author\" content=\"\u017dupnija Menge\u0161\" \/>\n<meta name=\"twitter:card\" content=\"summary_large_image\" \/>\n<meta name=\"twitter:label1\" content=\"Written by\" \/>\n\t<meta name=\"twitter:data1\" content=\"\u017dupnija Menge\u0161\" \/>\n<script type=\"application\/ld+json\" class=\"yoast-schema-graph\">{\"@context\":\"https:\/\/schema.org\",\"@graph\":[{\"@type\":\"WebPage\",\"@id\":\"https:\/\/zupnija-menges.rkc.si\/index.php\/2019\/03\/05\/8-navadna-nedelja\/\",\"url\":\"https:\/\/zupnija-menges.rkc.si\/index.php\/2019\/03\/05\/8-navadna-nedelja\/\",\"name\":\"8. navadna nedelja - \u017dupnija Menge\u0161\",\"isPartOf\":{\"@id\":\"https:\/\/zupnija-menges.rkc.si\/#website\"},\"datePublished\":\"2019-03-05T07:23:31+00:00\",\"dateModified\":\"2019-03-05T19:25:06+00:00\",\"author\":{\"@id\":\"https:\/\/zupnija-menges.rkc.si\/#\/schema\/person\/30a6136b3e62fe0948bbeadab6a011c8\"},\"breadcrumb\":{\"@id\":\"https:\/\/zupnija-menges.rkc.si\/index.php\/2019\/03\/05\/8-navadna-nedelja\/#breadcrumb\"},\"inLanguage\":\"sl-SI\",\"potentialAction\":[{\"@type\":\"ReadAction\",\"target\":[\"https:\/\/zupnija-menges.rkc.si\/index.php\/2019\/03\/05\/8-navadna-nedelja\/\"]}]},{\"@type\":\"BreadcrumbList\",\"@id\":\"https:\/\/zupnija-menges.rkc.si\/index.php\/2019\/03\/05\/8-navadna-nedelja\/#breadcrumb\",\"itemListElement\":[{\"@type\":\"ListItem\",\"position\":1,\"name\":\"Home\",\"item\":\"https:\/\/zupnija-menges.rkc.si\/\"},{\"@type\":\"ListItem\",\"position\":2,\"name\":\"8. navadna nedelja\"}]},{\"@type\":\"WebSite\",\"@id\":\"https:\/\/zupnija-menges.rkc.si\/#website\",\"url\":\"https:\/\/zupnija-menges.rkc.si\/\",\"name\":\"\u017dupnija Menge\u0161\",\"description\":\"\",\"potentialAction\":[{\"@type\":\"SearchAction\",\"target\":{\"@type\":\"EntryPoint\",\"urlTemplate\":\"https:\/\/zupnija-menges.rkc.si\/?s={search_term_string}\"},\"query-input\":\"required name=search_term_string\"}],\"inLanguage\":\"sl-SI\"},{\"@type\":\"Person\",\"@id\":\"https:\/\/zupnija-menges.rkc.si\/#\/schema\/person\/30a6136b3e62fe0948bbeadab6a011c8\",\"name\":\"\u017dupnija Menge\u0161\",\"image\":{\"@type\":\"ImageObject\",\"inLanguage\":\"sl-SI\",\"@id\":\"https:\/\/zupnija-menges.rkc.si\/#\/schema\/person\/image\/\",\"url\":\"https:\/\/secure.gravatar.com\/avatar\/5ab28e97e020e17154731a602459bd9e?s=96&d=mm&r=g\",\"contentUrl\":\"https:\/\/secure.gravatar.com\/avatar\/5ab28e97e020e17154731a602459bd9e?s=96&d=mm&r=g\",\"caption\":\"\u017dupnija Menge\u0161\"},\"url\":\"https:\/\/zupnija-menges.rkc.si\/index.php\/author\/zumenges\/\"}]}<\/script>\n<!-- \/ Yoast SEO plugin. -->","yoast_head_json":{"title":"8. navadna nedelja - \u017dupnija Menge\u0161","robots":{"index":"index","follow":"follow","max-snippet":"max-snippet:-1","max-image-preview":"max-image-preview:large","max-video-preview":"max-video-preview:-1"},"canonical":"https:\/\/zupnija-menges.rkc.si\/index.php\/2019\/03\/05\/8-navadna-nedelja\/","og_locale":"sl_SI","og_type":"article","og_title":"8. navadna nedelja - \u017dupnija Menge\u0161","og_description":"Torek, 5. 3. po sveti ma\u0161i: seja \u017dPS Sreda, 6. 3. &#8211; pepelnica sveti ma\u0161i: 8.00 in 18.00 po svetih ma\u0161ah bo pepelenje 17.00, \u017eupnijska cerkev: molitev pred najsvetej\u0161im za [&hellip;]","og_url":"https:\/\/zupnija-menges.rkc.si\/index.php\/2019\/03\/05\/8-navadna-nedelja\/","og_site_name":"\u017dupnija Menge\u0161","article_published_time":"2019-03-05T07:23:31+00:00","article_modified_time":"2019-03-05T19:25:06+00:00","og_image":[{"width":431,"height":300,"url":"https:\/\/zupnija-menges.rkc.si\/wp-content\/uploads\/2019\/03\/Fa\u0142at_Julian_Popielec-e1551813847393.jpg","type":"image\/jpeg"}],"author":"\u017dupnija Menge\u0161","twitter_card":"summary_large_image","twitter_misc":{"Written by":"\u017dupnija Menge\u0161"},"schema":{"@context":"https:\/\/schema.org","@graph":[{"@type":"WebPage","@id":"https:\/\/zupnija-menges.rkc.si\/index.php\/2019\/03\/05\/8-navadna-nedelja\/","url":"https:\/\/zupnija-menges.rkc.si\/index.php\/2019\/03\/05\/8-navadna-nedelja\/","name":"8. navadna nedelja - \u017dupnija Menge\u0161","isPartOf":{"@id":"https:\/\/zupnija-menges.rkc.si\/#website"},"datePublished":"2019-03-05T07:23:31+00:00","dateModified":"2019-03-05T19:25:06+00:00","author":{"@id":"https:\/\/zupnija-menges.rkc.si\/#\/schema\/person\/30a6136b3e62fe0948bbeadab6a011c8"},"breadcrumb":{"@id":"https:\/\/zupnija-menges.rkc.si\/index.php\/2019\/03\/05\/8-navadna-nedelja\/#breadcrumb"},"inLanguage":"sl-SI","potentialAction":[{"@type":"ReadAction","target":["https:\/\/zupnija-menges.rkc.si\/index.php\/2019\/03\/05\/8-navadna-nedelja\/"]}]},{"@type":"BreadcrumbList","@id":"https:\/\/zupnija-menges.rkc.si\/index.php\/2019\/03\/05\/8-navadna-nedelja\/#breadcrumb","itemListElement":[{"@type":"ListItem","position":1,"name":"Home","item":"https:\/\/zupnija-menges.rkc.si\/"},{"@type":"ListItem","position":2,"name":"8. navadna nedelja"}]},{"@type":"WebSite","@id":"https:\/\/zupnija-menges.rkc.si\/#website","url":"https:\/\/zupnija-menges.rkc.si\/","name":"\u017dupnija Menge\u0161","description":"","potentialAction":[{"@type":"SearchAction","target":{"@type":"EntryPoint","urlTemplate":"https:\/\/zupnija-menges.rkc.si\/?s={search_term_string}"},"query-input":"required name=search_term_string"}],"inLanguage":"sl-SI"},{"@type":"Person","@id":"https:\/\/zupnija-menges.rkc.si\/#\/schema\/person\/30a6136b3e62fe0948bbeadab6a011c8","name":"\u017dupnija Menge\u0161","image":{"@type":"ImageObject","inLanguage":"sl-SI","@id":"https:\/\/zupnija-menges.rkc.si\/#\/schema\/person\/image\/","url":"https:\/\/secure.gravatar.com\/avatar\/5ab28e97e020e17154731a602459bd9e?s=96&d=mm&r=g","contentUrl":"https:\/\/secure.gravatar.com\/avatar\/5ab28e97e020e17154731a602459bd9e?s=96&d=mm&r=g","caption":"\u017dupnija Menge\u0161"},"url":"https:\/\/zupnija-menges.rkc.si\/index.php\/author\/zumenges\/"}]}},"_links":{"self":[{"href":"https:\/\/zupnija-menges.rkc.si\/index.php\/wp-json\/wp\/v2\/posts\/632"}],"collection":[{"href":"https:\/\/zupnija-menges.rkc.si\/index.php\/wp-json\/wp\/v2\/posts"}],"about":[{"href":"https:\/\/zupnija-menges.rkc.si\/index.php\/wp-json\/wp\/v2\/types\/post"}],"author":[{"embeddable":true,"href":"https:\/\/zupnija-menges.rkc.si\/index.php\/wp-json\/wp\/v2\/users\/2"}],"replies":[{"embeddable":true,"href":"https:\/\/zupnija-menges.rkc.si\/index.php\/wp-json\/wp\/v2\/comments?post=632"}],"version-history":[{"count":4,"href":"https:\/\/zupnija-menges.rkc.si\/index.php\/wp-json\/wp\/v2\/posts\/632\/revisions"}],"predecessor-version":[{"id":643,"href":"https:\/\/zupnija-menges.rkc.si\/index.php\/wp-json\/wp\/v2\/posts\/632\/revisions\/643"}],"wp:featuredmedia":[{"embeddable":true,"href":"https:\/\/zupnija-menges.rkc.si\/index.php\/wp-json\/wp\/v2\/media\/641"}],"wp:attachment":[{"href":"https:\/\/zupnija-menges.rkc.si\/index.php\/wp-json\/wp\/v2\/media?parent=632"}],"wp:term":[{"taxonomy":"category","embeddable":true,"href":"https:\/\/zupnija-menges.rkc.si\/index.php\/wp-json\/wp\/v2\/categories?post=632"},{"taxonomy":"post_tag","embeddable":true,"href":"https:\/\/zupnija-menges.rkc.si\/index.php\/wp-json\/wp\/v2\/tags?post=632"}],"curies":[{"name":"wp","href":"https:\/\/api.w.org\/{rel}","templated":true}]}}