{"id":424,"date":"2018-10-21T05:00:10","date_gmt":"2018-10-21T05:00:10","guid":{"rendered":"https:\/\/zupnija-menges.rkc.si\/?p=424"},"modified":"2018-10-21T02:54:51","modified_gmt":"2018-10-21T02:54:51","slug":"misijonska-nedelja","status":"publish","type":"post","link":"https:\/\/zupnija-menges.rkc.si\/index.php\/2018\/10\/21\/misijonska-nedelja\/","title":{"rendered":"29. nedelja med letom &#8211; misijonska nedelja"},"content":{"rendered":"<p><strong>Nedelja, 21. 10.<br \/>\n<\/strong>Pri vseh ma\u0161ah bo nabirka za misijone.<br \/>\nTopole, kapelica sv. Lucije ob 15.00: molitev ro\u017enega venca<br \/>\n\u017dupnijski dom ob 15.00: sre\u010danje skupine Vera in Lu\u010d<\/p>\n<p><strong>Sreda, 24. 10.<\/strong><br \/>\n18:00 molitvena ura pred najsvetej\u0161im<\/p>\n<p><strong>Petek, 26. 10.<\/strong><br \/>\nDom\u017eale, \u017eupnijska cerkev, 7.00 &#8211; 19.00: spovedovanje pred praznikom vseh svetih<br \/>\n20.00, \u017eupnijski dom: predstavitev poletnih oratorijev na Madagaskarju<\/p>\n<p><strong>Sobota, 27. 10.<\/strong><br \/>\n\u017dupnijski dom, Cecilijina soba, 9.30: <a href=\"https:\/\/zupnija-menges.rkc.si\/wp-content\/uploads\/2018\/10\/2018-MlPZ-\u017eupnije-Menge\u0161-plakat.jpg\" target=\"_blank\" rel=\"noopener\">Prva pevska vaja Mladinskega pevskega zbora \u017dupnije Menge\u0161<\/a>.<\/p>\n<p><strong>Nedelja, 28. 10. &#8211; misijonska nedelja<br \/>\n<\/strong>Premik ure naprej.<br \/>\n\u017dupnijska cerkev, 15.00: molitev ro\u017enega venca<br \/>\nVe\u010derna sveta ma\u0161a ob 18.00.<\/p>\n","protected":false},"excerpt":{"rendered":"<p>Nedelja, 21. 10. Pri vseh ma\u0161ah bo nabirka za misijone. Topole, kapelica sv. Lucije ob 15.00: molitev ro\u017enega venca \u017dupnijski dom ob 15.00: sre\u010danje skupine Vera in Lu\u010d Sreda, 24. [&hellip;]<\/p>\n","protected":false},"author":2,"featured_media":431,"comment_status":"closed","ping_status":"closed","sticky":false,"template":"","format":"standard","meta":[],"categories":[3],"tags":[],"yoast_head":"<!-- This site is optimized with the Yoast SEO plugin v20.5 - https:\/\/yoast.com\/wordpress\/plugins\/seo\/ -->\n<title>Tedenska oznanila - \u017dupnija Menge\u0161<\/title>\n<meta name=\"description\" content=\"Tedenska oznanila - 29. nedelja med letom - misijonska nedelja - spovedovanje - premik ure\" \/>\n<meta name=\"robots\" content=\"index, follow, max-snippet:-1, max-image-preview:large, max-video-preview:-1\" \/>\n<link rel=\"canonical\" href=\"https:\/\/zupnija-menges.rkc.si\/index.php\/2018\/10\/21\/misijonska-nedelja\/\" \/>\n<meta property=\"og:locale\" content=\"sl_SI\" \/>\n<meta property=\"og:type\" content=\"article\" \/>\n<meta property=\"og:title\" content=\"Tedenska oznanila - \u017dupnija Menge\u0161\" \/>\n<meta property=\"og:description\" content=\"Tedenska oznanila - 29. nedelja med letom - misijonska nedelja - spovedovanje - premik ure\" \/>\n<meta property=\"og:url\" content=\"https:\/\/zupnija-menges.rkc.si\/index.php\/2018\/10\/21\/misijonska-nedelja\/\" \/>\n<meta property=\"og:site_name\" content=\"\u017dupnija Menge\u0161\" \/>\n<meta property=\"article:published_time\" content=\"2018-10-21T05:00:10+00:00\" \/>\n<meta property=\"article:modified_time\" content=\"2018-10-21T02:54:51+00:00\" \/>\n<meta property=\"og:image\" content=\"https:\/\/zupnija-menges.rkc.si\/wp-content\/uploads\/2018\/10\/plakat_MN2018-m-e1540089426146.jpg\" \/>\n\t<meta property=\"og:image:width\" content=\"300\" \/>\n\t<meta property=\"og:image:height\" content=\"424\" \/>\n\t<meta property=\"og:image:type\" content=\"image\/jpeg\" \/>\n<meta name=\"author\" content=\"\u017dupnija Menge\u0161\" \/>\n<meta name=\"twitter:card\" content=\"summary_large_image\" \/>\n<meta name=\"twitter:label1\" content=\"Written by\" \/>\n\t<meta name=\"twitter:data1\" content=\"\u017dupnija Menge\u0161\" \/>\n<script type=\"application\/ld+json\" class=\"yoast-schema-graph\">{\"@context\":\"https:\/\/schema.org\",\"@graph\":[{\"@type\":\"WebPage\",\"@id\":\"https:\/\/zupnija-menges.rkc.si\/index.php\/2018\/10\/21\/misijonska-nedelja\/\",\"url\":\"https:\/\/zupnija-menges.rkc.si\/index.php\/2018\/10\/21\/misijonska-nedelja\/\",\"name\":\"Tedenska oznanila - \u017dupnija Menge\u0161\",\"isPartOf\":{\"@id\":\"https:\/\/zupnija-menges.rkc.si\/#website\"},\"datePublished\":\"2018-10-21T05:00:10+00:00\",\"dateModified\":\"2018-10-21T02:54:51+00:00\",\"author\":{\"@id\":\"https:\/\/zupnija-menges.rkc.si\/#\/schema\/person\/30a6136b3e62fe0948bbeadab6a011c8\"},\"description\":\"Tedenska oznanila - 29. nedelja med letom - misijonska nedelja - spovedovanje - premik ure\",\"breadcrumb\":{\"@id\":\"https:\/\/zupnija-menges.rkc.si\/index.php\/2018\/10\/21\/misijonska-nedelja\/#breadcrumb\"},\"inLanguage\":\"sl-SI\",\"potentialAction\":[{\"@type\":\"ReadAction\",\"target\":[\"https:\/\/zupnija-menges.rkc.si\/index.php\/2018\/10\/21\/misijonska-nedelja\/\"]}]},{\"@type\":\"BreadcrumbList\",\"@id\":\"https:\/\/zupnija-menges.rkc.si\/index.php\/2018\/10\/21\/misijonska-nedelja\/#breadcrumb\",\"itemListElement\":[{\"@type\":\"ListItem\",\"position\":1,\"name\":\"Home\",\"item\":\"https:\/\/zupnija-menges.rkc.si\/\"},{\"@type\":\"ListItem\",\"position\":2,\"name\":\"29. nedelja med letom &#8211; misijonska nedelja\"}]},{\"@type\":\"WebSite\",\"@id\":\"https:\/\/zupnija-menges.rkc.si\/#website\",\"url\":\"https:\/\/zupnija-menges.rkc.si\/\",\"name\":\"\u017dupnija Menge\u0161\",\"description\":\"\",\"potentialAction\":[{\"@type\":\"SearchAction\",\"target\":{\"@type\":\"EntryPoint\",\"urlTemplate\":\"https:\/\/zupnija-menges.rkc.si\/?s={search_term_string}\"},\"query-input\":\"required name=search_term_string\"}],\"inLanguage\":\"sl-SI\"},{\"@type\":\"Person\",\"@id\":\"https:\/\/zupnija-menges.rkc.si\/#\/schema\/person\/30a6136b3e62fe0948bbeadab6a011c8\",\"name\":\"\u017dupnija Menge\u0161\",\"image\":{\"@type\":\"ImageObject\",\"inLanguage\":\"sl-SI\",\"@id\":\"https:\/\/zupnija-menges.rkc.si\/#\/schema\/person\/image\/\",\"url\":\"https:\/\/secure.gravatar.com\/avatar\/5ab28e97e020e17154731a602459bd9e?s=96&d=mm&r=g\",\"contentUrl\":\"https:\/\/secure.gravatar.com\/avatar\/5ab28e97e020e17154731a602459bd9e?s=96&d=mm&r=g\",\"caption\":\"\u017dupnija Menge\u0161\"},\"url\":\"https:\/\/zupnija-menges.rkc.si\/index.php\/author\/zumenges\/\"}]}<\/script>\n<!-- \/ Yoast SEO plugin. -->","yoast_head_json":{"title":"Tedenska oznanila - \u017dupnija Menge\u0161","description":"Tedenska oznanila - 29. nedelja med letom - misijonska nedelja - spovedovanje - premik ure","robots":{"index":"index","follow":"follow","max-snippet":"max-snippet:-1","max-image-preview":"max-image-preview:large","max-video-preview":"max-video-preview:-1"},"canonical":"https:\/\/zupnija-menges.rkc.si\/index.php\/2018\/10\/21\/misijonska-nedelja\/","og_locale":"sl_SI","og_type":"article","og_title":"Tedenska oznanila - \u017dupnija Menge\u0161","og_description":"Tedenska oznanila - 29. nedelja med letom - misijonska nedelja - spovedovanje - premik ure","og_url":"https:\/\/zupnija-menges.rkc.si\/index.php\/2018\/10\/21\/misijonska-nedelja\/","og_site_name":"\u017dupnija Menge\u0161","article_published_time":"2018-10-21T05:00:10+00:00","article_modified_time":"2018-10-21T02:54:51+00:00","og_image":[{"width":300,"height":424,"url":"https:\/\/zupnija-menges.rkc.si\/wp-content\/uploads\/2018\/10\/plakat_MN2018-m-e1540089426146.jpg","type":"image\/jpeg"}],"author":"\u017dupnija Menge\u0161","twitter_card":"summary_large_image","twitter_misc":{"Written by":"\u017dupnija Menge\u0161"},"schema":{"@context":"https:\/\/schema.org","@graph":[{"@type":"WebPage","@id":"https:\/\/zupnija-menges.rkc.si\/index.php\/2018\/10\/21\/misijonska-nedelja\/","url":"https:\/\/zupnija-menges.rkc.si\/index.php\/2018\/10\/21\/misijonska-nedelja\/","name":"Tedenska oznanila - \u017dupnija Menge\u0161","isPartOf":{"@id":"https:\/\/zupnija-menges.rkc.si\/#website"},"datePublished":"2018-10-21T05:00:10+00:00","dateModified":"2018-10-21T02:54:51+00:00","author":{"@id":"https:\/\/zupnija-menges.rkc.si\/#\/schema\/person\/30a6136b3e62fe0948bbeadab6a011c8"},"description":"Tedenska oznanila - 29. nedelja med letom - misijonska nedelja - spovedovanje - premik ure","breadcrumb":{"@id":"https:\/\/zupnija-menges.rkc.si\/index.php\/2018\/10\/21\/misijonska-nedelja\/#breadcrumb"},"inLanguage":"sl-SI","potentialAction":[{"@type":"ReadAction","target":["https:\/\/zupnija-menges.rkc.si\/index.php\/2018\/10\/21\/misijonska-nedelja\/"]}]},{"@type":"BreadcrumbList","@id":"https:\/\/zupnija-menges.rkc.si\/index.php\/2018\/10\/21\/misijonska-nedelja\/#breadcrumb","itemListElement":[{"@type":"ListItem","position":1,"name":"Home","item":"https:\/\/zupnija-menges.rkc.si\/"},{"@type":"ListItem","position":2,"name":"29. nedelja med letom &#8211; misijonska nedelja"}]},{"@type":"WebSite","@id":"https:\/\/zupnija-menges.rkc.si\/#website","url":"https:\/\/zupnija-menges.rkc.si\/","name":"\u017dupnija Menge\u0161","description":"","potentialAction":[{"@type":"SearchAction","target":{"@type":"EntryPoint","urlTemplate":"https:\/\/zupnija-menges.rkc.si\/?s={search_term_string}"},"query-input":"required name=search_term_string"}],"inLanguage":"sl-SI"},{"@type":"Person","@id":"https:\/\/zupnija-menges.rkc.si\/#\/schema\/person\/30a6136b3e62fe0948bbeadab6a011c8","name":"\u017dupnija Menge\u0161","image":{"@type":"ImageObject","inLanguage":"sl-SI","@id":"https:\/\/zupnija-menges.rkc.si\/#\/schema\/person\/image\/","url":"https:\/\/secure.gravatar.com\/avatar\/5ab28e97e020e17154731a602459bd9e?s=96&d=mm&r=g","contentUrl":"https:\/\/secure.gravatar.com\/avatar\/5ab28e97e020e17154731a602459bd9e?s=96&d=mm&r=g","caption":"\u017dupnija Menge\u0161"},"url":"https:\/\/zupnija-menges.rkc.si\/index.php\/author\/zumenges\/"}]}},"_links":{"self":[{"href":"https:\/\/zupnija-menges.rkc.si\/index.php\/wp-json\/wp\/v2\/posts\/424"}],"collection":[{"href":"https:\/\/zupnija-menges.rkc.si\/index.php\/wp-json\/wp\/v2\/posts"}],"about":[{"href":"https:\/\/zupnija-menges.rkc.si\/index.php\/wp-json\/wp\/v2\/types\/post"}],"author":[{"embeddable":true,"href":"https:\/\/zupnija-menges.rkc.si\/index.php\/wp-json\/wp\/v2\/users\/2"}],"replies":[{"embeddable":true,"href":"https:\/\/zupnija-menges.rkc.si\/index.php\/wp-json\/wp\/v2\/comments?post=424"}],"version-history":[{"count":3,"href":"https:\/\/zupnija-menges.rkc.si\/index.php\/wp-json\/wp\/v2\/posts\/424\/revisions"}],"predecessor-version":[{"id":430,"href":"https:\/\/zupnija-menges.rkc.si\/index.php\/wp-json\/wp\/v2\/posts\/424\/revisions\/430"}],"wp:featuredmedia":[{"embeddable":true,"href":"https:\/\/zupnija-menges.rkc.si\/index.php\/wp-json\/wp\/v2\/media\/431"}],"wp:attachment":[{"href":"https:\/\/zupnija-menges.rkc.si\/index.php\/wp-json\/wp\/v2\/media?parent=424"}],"wp:term":[{"taxonomy":"category","embeddable":true,"href":"https:\/\/zupnija-menges.rkc.si\/index.php\/wp-json\/wp\/v2\/categories?post=424"},{"taxonomy":"post_tag","embeddable":true,"href":"https:\/\/zupnija-menges.rkc.si\/index.php\/wp-json\/wp\/v2\/tags?post=424"}],"curies":[{"name":"wp","href":"https:\/\/api.w.org\/{rel}","templated":true}]}}