{"id":3762,"date":"2026-04-27T19:11:12","date_gmt":"2026-04-27T19:11:12","guid":{"rendered":"https:\/\/zupnija-menges.rkc.si\/?p=3762"},"modified":"2026-04-27T19:14:14","modified_gmt":"2026-04-27T19:14:14","slug":"oznanila-nedelja-dobrega-pastirja-2","status":"publish","type":"post","link":"https:\/\/zupnija-menges.rkc.si\/index.php\/2026\/04\/27\/oznanila-nedelja-dobrega-pastirja-2\/","title":{"rendered":"OZNANILA: nedelja dobrega pastirja"},"content":{"rendered":"<div class=\"wp-block-image\">\n<figure class=\"aligncenter size-large is-resized\"><img decoding=\"async\" loading=\"lazy\" src=\"https:\/\/zupnija-menges.rkc.si\/wp-content\/uploads\/2025\/05\/Bernhard_Plockhorst_-_Good_Shephard-696x1024.jpg\" alt=\"\" class=\"wp-image-3373\" width=\"353\" height=\"519\" srcset=\"https:\/\/zupnija-menges.rkc.si\/wp-content\/uploads\/2025\/05\/Bernhard_Plockhorst_-_Good_Shephard-696x1024.jpg 696w, https:\/\/zupnija-menges.rkc.si\/wp-content\/uploads\/2025\/05\/Bernhard_Plockhorst_-_Good_Shephard-204x300.jpg 204w, https:\/\/zupnija-menges.rkc.si\/wp-content\/uploads\/2025\/05\/Bernhard_Plockhorst_-_Good_Shephard-768x1129.jpg 768w, https:\/\/zupnija-menges.rkc.si\/wp-content\/uploads\/2025\/05\/Bernhard_Plockhorst_-_Good_Shephard-1044x1536.jpg 1044w, https:\/\/zupnija-menges.rkc.si\/wp-content\/uploads\/2025\/05\/Bernhard_Plockhorst_-_Good_Shephard-1000x1471.jpg 1000w, https:\/\/zupnija-menges.rkc.si\/wp-content\/uploads\/2025\/05\/Bernhard_Plockhorst_-_Good_Shephard-230x338.jpg 230w, https:\/\/zupnija-menges.rkc.si\/wp-content\/uploads\/2025\/05\/Bernhard_Plockhorst_-_Good_Shephard-350x515.jpg 350w, https:\/\/zupnija-menges.rkc.si\/wp-content\/uploads\/2025\/05\/Bernhard_Plockhorst_-_Good_Shephard-480x706.jpg 480w, https:\/\/zupnija-menges.rkc.si\/wp-content\/uploads\/2025\/05\/Bernhard_Plockhorst_-_Good_Shephard.jpg 1156w\" sizes=\"(max-width: 353px) 100vw, 353px\" \/><figcaption class=\"wp-element-caption\">Bernhard Plockhorst: Dobri pastir<\/figcaption><\/figure><\/div>\n\n\n<p>Za \u010di\u0161\u010denje cerkve in njene okolice, ko\u0161enje trave in postavitev mlajev se zahvaljujem star\u0161em birmancev. <\/p>\n\n\n\n<p>Ta teden bodo verou\u010dne po\u010ditnice, ker so prvomajski prazniki.<\/p>\n\n\n\n<p>Iz\u0161li sta novi \u0161tevilki Dru\u017eine in Ognji\u0161\u010da. Iz\u0161el je nov <a href=\"https:\/\/zupnija-menges.rkc.si\/wp-content\/uploads\/2026\/04\/MihaelovList-05-26_int.pdf\" target=\"_blank\" rel=\"noreferrer noopener\">Mihaelov list<\/a>.<\/p>\n\n\n\n<p>V torek bo od 18.00 do 19.00 molitev pred Najsvetej\u0161im.<\/p>\n\n\n\n<p>V sredo bo sveta ma\u0161a ob 7.00 zjutraj.<\/p>\n\n\n\n<p>V \u010detrtek dopoldan bo obisk bolnikov po domovih.<\/p>\n\n\n\n<p>V \u010detrtek od 18.00 do 19.00 bo molitev pred najsvetej\u0161im za duhovne poklice. Pri sveti ma\u0161i bomo zopet zbirali prostovoljne prispevke za svete ma\u0161e za nove duhovne poklice.<\/p>\n\n\n\n<p>V petek bosta sveti ma\u0161i ob 8.00 in 10.00. Za\u010deli bomo \u0161marni\u010dno pobo\u017enost. Otroci vabljeni ob 10.00.<\/p>\n\n\n\n<p>V soboto ob 16.00 bo priprava star\u0161ev in botrov na krst otrok. Od 18.00 do 19.00 bo molitev pred Najsvetej\u0161im. Po sveti ma\u0161i bo celono\u010dno \u010de\u0161\u010denje v \u017eupni\u0161\u010du.<\/p>\n\n\n\n<p>Prihodnja nedelja bo 5. velikono\u010dna<\/p>\n\n\n\n<figure class=\"wp-block-image size-large\"><img decoding=\"async\" loading=\"lazy\" width=\"724\" height=\"1024\" src=\"https:\/\/zupnija-menges.rkc.si\/wp-content\/uploads\/2026\/04\/15-261-724x1024.jpg\" alt=\"\" class=\"wp-image-3763\" srcset=\"https:\/\/zupnija-menges.rkc.si\/wp-content\/uploads\/2026\/04\/15-261-724x1024.jpg 724w, https:\/\/zupnija-menges.rkc.si\/wp-content\/uploads\/2026\/04\/15-261-212x300.jpg 212w, https:\/\/zupnija-menges.rkc.si\/wp-content\/uploads\/2026\/04\/15-261-768x1086.jpg 768w, https:\/\/zupnija-menges.rkc.si\/wp-content\/uploads\/2026\/04\/15-261-230x325.jpg 230w, https:\/\/zupnija-menges.rkc.si\/wp-content\/uploads\/2026\/04\/15-261-350x495.jpg 350w, https:\/\/zupnija-menges.rkc.si\/wp-content\/uploads\/2026\/04\/15-261-480x679.jpg 480w, https:\/\/zupnija-menges.rkc.si\/wp-content\/uploads\/2026\/04\/15-261.jpg 794w\" sizes=\"(max-width: 724px) 100vw, 724px\" \/><\/figure>\n","protected":false},"excerpt":{"rendered":"<p>Za \u010di\u0161\u010denje cerkve in njene okolice, ko\u0161enje trave in postavitev mlajev se zahvaljujem star\u0161em birmancev. Ta teden bodo verou\u010dne po\u010ditnice, ker so prvomajski prazniki. Iz\u0161li sta novi \u0161tevilki Dru\u017eine in [&hellip;]<\/p>\n","protected":false},"author":2,"featured_media":3373,"comment_status":"closed","ping_status":"closed","sticky":true,"template":"","format":"standard","meta":[],"categories":[3],"tags":[],"yoast_head":"<!-- This site is optimized with the Yoast SEO plugin v20.5 - https:\/\/yoast.com\/wordpress\/plugins\/seo\/ -->\n<title>OZNANILA: nedelja dobrega pastirja - \u017dupnija Menge\u0161<\/title>\n<meta name=\"robots\" content=\"index, follow, max-snippet:-1, max-image-preview:large, max-video-preview:-1\" \/>\n<link rel=\"canonical\" href=\"https:\/\/zupnija-menges.rkc.si\/index.php\/2026\/04\/27\/oznanila-nedelja-dobrega-pastirja-2\/\" \/>\n<meta property=\"og:locale\" content=\"sl_SI\" \/>\n<meta property=\"og:type\" content=\"article\" \/>\n<meta property=\"og:title\" content=\"OZNANILA: nedelja dobrega pastirja - \u017dupnija Menge\u0161\" \/>\n<meta property=\"og:description\" content=\"Za \u010di\u0161\u010denje cerkve in njene okolice, ko\u0161enje trave in postavitev mlajev se zahvaljujem star\u0161em birmancev. Ta teden bodo verou\u010dne po\u010ditnice, ker so prvomajski prazniki. Iz\u0161li sta novi \u0161tevilki Dru\u017eine in [&hellip;]\" \/>\n<meta property=\"og:url\" content=\"https:\/\/zupnija-menges.rkc.si\/index.php\/2026\/04\/27\/oznanila-nedelja-dobrega-pastirja-2\/\" \/>\n<meta property=\"og:site_name\" content=\"\u017dupnija Menge\u0161\" \/>\n<meta property=\"article:published_time\" content=\"2026-04-27T19:11:12+00:00\" \/>\n<meta property=\"article:modified_time\" content=\"2026-04-27T19:14:14+00:00\" \/>\n<meta property=\"og:image\" content=\"https:\/\/zupnija-menges.rkc.si\/wp-content\/uploads\/2025\/05\/Bernhard_Plockhorst_-_Good_Shephard.jpg\" \/>\n\t<meta property=\"og:image:width\" content=\"1156\" \/>\n\t<meta property=\"og:image:height\" content=\"1700\" \/>\n\t<meta property=\"og:image:type\" content=\"image\/jpeg\" \/>\n<meta name=\"author\" content=\"\u017dupnija Menge\u0161\" \/>\n<meta name=\"twitter:card\" content=\"summary_large_image\" \/>\n<meta name=\"twitter:label1\" content=\"Written by\" \/>\n\t<meta name=\"twitter:data1\" content=\"\u017dupnija Menge\u0161\" \/>\n\t<meta name=\"twitter:label2\" content=\"Est. reading time\" \/>\n\t<meta name=\"twitter:data2\" content=\"2 minuti\" \/>\n<script type=\"application\/ld+json\" class=\"yoast-schema-graph\">{\"@context\":\"https:\/\/schema.org\",\"@graph\":[{\"@type\":\"WebPage\",\"@id\":\"https:\/\/zupnija-menges.rkc.si\/index.php\/2026\/04\/27\/oznanila-nedelja-dobrega-pastirja-2\/\",\"url\":\"https:\/\/zupnija-menges.rkc.si\/index.php\/2026\/04\/27\/oznanila-nedelja-dobrega-pastirja-2\/\",\"name\":\"OZNANILA: nedelja dobrega pastirja - \u017dupnija Menge\u0161\",\"isPartOf\":{\"@id\":\"https:\/\/zupnija-menges.rkc.si\/#website\"},\"datePublished\":\"2026-04-27T19:11:12+00:00\",\"dateModified\":\"2026-04-27T19:14:14+00:00\",\"author\":{\"@id\":\"https:\/\/zupnija-menges.rkc.si\/#\/schema\/person\/30a6136b3e62fe0948bbeadab6a011c8\"},\"breadcrumb\":{\"@id\":\"https:\/\/zupnija-menges.rkc.si\/index.php\/2026\/04\/27\/oznanila-nedelja-dobrega-pastirja-2\/#breadcrumb\"},\"inLanguage\":\"sl-SI\",\"potentialAction\":[{\"@type\":\"ReadAction\",\"target\":[\"https:\/\/zupnija-menges.rkc.si\/index.php\/2026\/04\/27\/oznanila-nedelja-dobrega-pastirja-2\/\"]}]},{\"@type\":\"BreadcrumbList\",\"@id\":\"https:\/\/zupnija-menges.rkc.si\/index.php\/2026\/04\/27\/oznanila-nedelja-dobrega-pastirja-2\/#breadcrumb\",\"itemListElement\":[{\"@type\":\"ListItem\",\"position\":1,\"name\":\"Home\",\"item\":\"https:\/\/zupnija-menges.rkc.si\/\"},{\"@type\":\"ListItem\",\"position\":2,\"name\":\"OZNANILA: nedelja dobrega pastirja\"}]},{\"@type\":\"WebSite\",\"@id\":\"https:\/\/zupnija-menges.rkc.si\/#website\",\"url\":\"https:\/\/zupnija-menges.rkc.si\/\",\"name\":\"\u017dupnija Menge\u0161\",\"description\":\"\",\"potentialAction\":[{\"@type\":\"SearchAction\",\"target\":{\"@type\":\"EntryPoint\",\"urlTemplate\":\"https:\/\/zupnija-menges.rkc.si\/?s={search_term_string}\"},\"query-input\":\"required name=search_term_string\"}],\"inLanguage\":\"sl-SI\"},{\"@type\":\"Person\",\"@id\":\"https:\/\/zupnija-menges.rkc.si\/#\/schema\/person\/30a6136b3e62fe0948bbeadab6a011c8\",\"name\":\"\u017dupnija Menge\u0161\",\"image\":{\"@type\":\"ImageObject\",\"inLanguage\":\"sl-SI\",\"@id\":\"https:\/\/zupnija-menges.rkc.si\/#\/schema\/person\/image\/\",\"url\":\"https:\/\/secure.gravatar.com\/avatar\/5ab28e97e020e17154731a602459bd9e?s=96&d=mm&r=g\",\"contentUrl\":\"https:\/\/secure.gravatar.com\/avatar\/5ab28e97e020e17154731a602459bd9e?s=96&d=mm&r=g\",\"caption\":\"\u017dupnija Menge\u0161\"},\"url\":\"https:\/\/zupnija-menges.rkc.si\/index.php\/author\/zumenges\/\"}]}<\/script>\n<!-- \/ Yoast SEO plugin. -->","yoast_head_json":{"title":"OZNANILA: nedelja dobrega pastirja - \u017dupnija Menge\u0161","robots":{"index":"index","follow":"follow","max-snippet":"max-snippet:-1","max-image-preview":"max-image-preview:large","max-video-preview":"max-video-preview:-1"},"canonical":"https:\/\/zupnija-menges.rkc.si\/index.php\/2026\/04\/27\/oznanila-nedelja-dobrega-pastirja-2\/","og_locale":"sl_SI","og_type":"article","og_title":"OZNANILA: nedelja dobrega pastirja - \u017dupnija Menge\u0161","og_description":"Za \u010di\u0161\u010denje cerkve in njene okolice, ko\u0161enje trave in postavitev mlajev se zahvaljujem star\u0161em birmancev. Ta teden bodo verou\u010dne po\u010ditnice, ker so prvomajski prazniki. Iz\u0161li sta novi \u0161tevilki Dru\u017eine in [&hellip;]","og_url":"https:\/\/zupnija-menges.rkc.si\/index.php\/2026\/04\/27\/oznanila-nedelja-dobrega-pastirja-2\/","og_site_name":"\u017dupnija Menge\u0161","article_published_time":"2026-04-27T19:11:12+00:00","article_modified_time":"2026-04-27T19:14:14+00:00","og_image":[{"width":1156,"height":1700,"url":"https:\/\/zupnija-menges.rkc.si\/wp-content\/uploads\/2025\/05\/Bernhard_Plockhorst_-_Good_Shephard.jpg","type":"image\/jpeg"}],"author":"\u017dupnija Menge\u0161","twitter_card":"summary_large_image","twitter_misc":{"Written by":"\u017dupnija Menge\u0161","Est. reading time":"2 minuti"},"schema":{"@context":"https:\/\/schema.org","@graph":[{"@type":"WebPage","@id":"https:\/\/zupnija-menges.rkc.si\/index.php\/2026\/04\/27\/oznanila-nedelja-dobrega-pastirja-2\/","url":"https:\/\/zupnija-menges.rkc.si\/index.php\/2026\/04\/27\/oznanila-nedelja-dobrega-pastirja-2\/","name":"OZNANILA: nedelja dobrega pastirja - \u017dupnija Menge\u0161","isPartOf":{"@id":"https:\/\/zupnija-menges.rkc.si\/#website"},"datePublished":"2026-04-27T19:11:12+00:00","dateModified":"2026-04-27T19:14:14+00:00","author":{"@id":"https:\/\/zupnija-menges.rkc.si\/#\/schema\/person\/30a6136b3e62fe0948bbeadab6a011c8"},"breadcrumb":{"@id":"https:\/\/zupnija-menges.rkc.si\/index.php\/2026\/04\/27\/oznanila-nedelja-dobrega-pastirja-2\/#breadcrumb"},"inLanguage":"sl-SI","potentialAction":[{"@type":"ReadAction","target":["https:\/\/zupnija-menges.rkc.si\/index.php\/2026\/04\/27\/oznanila-nedelja-dobrega-pastirja-2\/"]}]},{"@type":"BreadcrumbList","@id":"https:\/\/zupnija-menges.rkc.si\/index.php\/2026\/04\/27\/oznanila-nedelja-dobrega-pastirja-2\/#breadcrumb","itemListElement":[{"@type":"ListItem","position":1,"name":"Home","item":"https:\/\/zupnija-menges.rkc.si\/"},{"@type":"ListItem","position":2,"name":"OZNANILA: nedelja dobrega pastirja"}]},{"@type":"WebSite","@id":"https:\/\/zupnija-menges.rkc.si\/#website","url":"https:\/\/zupnija-menges.rkc.si\/","name":"\u017dupnija Menge\u0161","description":"","potentialAction":[{"@type":"SearchAction","target":{"@type":"EntryPoint","urlTemplate":"https:\/\/zupnija-menges.rkc.si\/?s={search_term_string}"},"query-input":"required name=search_term_string"}],"inLanguage":"sl-SI"},{"@type":"Person","@id":"https:\/\/zupnija-menges.rkc.si\/#\/schema\/person\/30a6136b3e62fe0948bbeadab6a011c8","name":"\u017dupnija Menge\u0161","image":{"@type":"ImageObject","inLanguage":"sl-SI","@id":"https:\/\/zupnija-menges.rkc.si\/#\/schema\/person\/image\/","url":"https:\/\/secure.gravatar.com\/avatar\/5ab28e97e020e17154731a602459bd9e?s=96&d=mm&r=g","contentUrl":"https:\/\/secure.gravatar.com\/avatar\/5ab28e97e020e17154731a602459bd9e?s=96&d=mm&r=g","caption":"\u017dupnija Menge\u0161"},"url":"https:\/\/zupnija-menges.rkc.si\/index.php\/author\/zumenges\/"}]}},"_links":{"self":[{"href":"https:\/\/zupnija-menges.rkc.si\/index.php\/wp-json\/wp\/v2\/posts\/3762"}],"collection":[{"href":"https:\/\/zupnija-menges.rkc.si\/index.php\/wp-json\/wp\/v2\/posts"}],"about":[{"href":"https:\/\/zupnija-menges.rkc.si\/index.php\/wp-json\/wp\/v2\/types\/post"}],"author":[{"embeddable":true,"href":"https:\/\/zupnija-menges.rkc.si\/index.php\/wp-json\/wp\/v2\/users\/2"}],"replies":[{"embeddable":true,"href":"https:\/\/zupnija-menges.rkc.si\/index.php\/wp-json\/wp\/v2\/comments?post=3762"}],"version-history":[{"count":2,"href":"https:\/\/zupnija-menges.rkc.si\/index.php\/wp-json\/wp\/v2\/posts\/3762\/revisions"}],"predecessor-version":[{"id":3767,"href":"https:\/\/zupnija-menges.rkc.si\/index.php\/wp-json\/wp\/v2\/posts\/3762\/revisions\/3767"}],"wp:featuredmedia":[{"embeddable":true,"href":"https:\/\/zupnija-menges.rkc.si\/index.php\/wp-json\/wp\/v2\/media\/3373"}],"wp:attachment":[{"href":"https:\/\/zupnija-menges.rkc.si\/index.php\/wp-json\/wp\/v2\/media?parent=3762"}],"wp:term":[{"taxonomy":"category","embeddable":true,"href":"https:\/\/zupnija-menges.rkc.si\/index.php\/wp-json\/wp\/v2\/categories?post=3762"},{"taxonomy":"post_tag","embeddable":true,"href":"https:\/\/zupnija-menges.rkc.si\/index.php\/wp-json\/wp\/v2\/tags?post=3762"}],"curies":[{"name":"wp","href":"https:\/\/api.w.org\/{rel}","templated":true}]}}