{"id":3525,"date":"2025-10-05T21:22:53","date_gmt":"2025-10-05T21:22:53","guid":{"rendered":"https:\/\/zupnija-menges.rkc.si\/?p=3525"},"modified":"2025-10-19T18:42:02","modified_gmt":"2025-10-19T18:42:02","slug":"oznanila-mihaelova-nedelja-4","status":"publish","type":"post","link":"https:\/\/zupnija-menges.rkc.si\/index.php\/2025\/10\/05\/oznanila-mihaelova-nedelja-4\/","title":{"rendered":"OZNANILA: Mihaelova nedelja"},"content":{"rendered":"<div class=\"wp-block-image\">\n<figure class=\"aligncenter size-full\"><img decoding=\"async\" loading=\"lazy\" width=\"356\" height=\"200\" src=\"https:\/\/zupnija-menges.rkc.si\/wp-content\/uploads\/2018\/10\/819198-free-download-rosary-wallpaper-1920x1080-for-lockscreen-e1570477049836.jpg\" alt=\"\" class=\"wp-image-214\"\/><\/figure><\/div>\n\n\n<p>Za \u010di\u0161\u010denje cerkve se zahvaljujem skupini iz Velikega Meng\u0161a od Grobeljske do Kolodvorske. Prihodnjo soboto so na vrsti Veliki Menge\u0161 severno od Pre\u0161ernove in Kolodvorske.<\/p>\n\n\n\n<p>Iz\u0161la je nova \u0161tevilka Dru\u017eine in nova \u0161tevilka revije Prijatelj.<\/p>\n\n\n\n<p>V \u017eupnijskem domu je razstava ro\u010dnih del 14 dru\u0161tev upokojencev iz celotne Gorenjske. Vabljeni k ogledu.<\/p>\n\n\n\n<p>V nedeljo ob 16.00 je romarski shod na Homcu. 30 minut prej je molitev ro\u017enega venca.<\/p>\n\n\n\n<p>Umrla je Albina Blejc. Pogreb bo v ponedeljek ob 14.00. Gospod, daj ji ve\u010dni mir in pokoj. Ve\u010dna lu\u010d naj ji sveti. Naj po\u010diva v miru.<\/p>\n\n\n\n<p>V ponedeljek ob 19.45 bo v \u017eupnijskem domu versko izobra\u017eevanje za odrasle. Vodi prof. dr. Bogdan Dolenc. Vabljeni.<\/p>\n\n\n\n<p>V torek od 18.00 do 19.00 bo molitev pred Najsvetej\u0161im.<\/p>\n\n\n\n<p>V sredo ob 19.30 bo seja \u017dPS.<\/p>\n\n\n\n<p>V soboto ob 19.00 bo v \u017eupnijski cerkvi sveta ma\u0161a za leto\u0161nje zakonske jubilante. Vsi, ki praznujete okroglo obletnico cerkvene poroke (5, 10, 15, \u2026 70 &#8230;), vabljeni.<\/p>\n\n\n\n<p>Prihodnjo nedeljo in soboto zve\u010der bomo praznovali \u017eegnanjsko nedeljo \u2013 obletnico posvetitve tega sveti\u0161\u010da. Ob 10.00 se bodo predstavili kandidati za prejem zakramenta svete birme.<\/p>\n\n\n\n<figure class=\"wp-block-image size-large\"><img decoding=\"async\" loading=\"lazy\" width=\"724\" height=\"1024\" src=\"https:\/\/zupnija-menges.rkc.si\/wp-content\/uploads\/2025\/10\/mase-39-25-724x1024.jpg\" alt=\"\" class=\"wp-image-3526\" srcset=\"https:\/\/zupnija-menges.rkc.si\/wp-content\/uploads\/2025\/10\/mase-39-25-724x1024.jpg 724w, https:\/\/zupnija-menges.rkc.si\/wp-content\/uploads\/2025\/10\/mase-39-25-212x300.jpg 212w, https:\/\/zupnija-menges.rkc.si\/wp-content\/uploads\/2025\/10\/mase-39-25-768x1086.jpg 768w, https:\/\/zupnija-menges.rkc.si\/wp-content\/uploads\/2025\/10\/mase-39-25-1086x1536.jpg 1086w, https:\/\/zupnija-menges.rkc.si\/wp-content\/uploads\/2025\/10\/mase-39-25-1448x2048.jpg 1448w, https:\/\/zupnija-menges.rkc.si\/wp-content\/uploads\/2025\/10\/mase-39-25-1000x1415.jpg 1000w, https:\/\/zupnija-menges.rkc.si\/wp-content\/uploads\/2025\/10\/mase-39-25-230x325.jpg 230w, https:\/\/zupnija-menges.rkc.si\/wp-content\/uploads\/2025\/10\/mase-39-25-350x495.jpg 350w, https:\/\/zupnija-menges.rkc.si\/wp-content\/uploads\/2025\/10\/mase-39-25-480x679.jpg 480w, https:\/\/zupnija-menges.rkc.si\/wp-content\/uploads\/2025\/10\/mase-39-25-scaled.jpg 1810w\" sizes=\"(max-width: 724px) 100vw, 724px\" \/><\/figure>\n","protected":false},"excerpt":{"rendered":"<p>Za \u010di\u0161\u010denje cerkve se zahvaljujem skupini iz Velikega Meng\u0161a od Grobeljske do Kolodvorske. Prihodnjo soboto so na vrsti Veliki Menge\u0161 severno od Pre\u0161ernove in Kolodvorske. Iz\u0161la je nova \u0161tevilka Dru\u017eine [&hellip;]<\/p>\n","protected":false},"author":2,"featured_media":214,"comment_status":"closed","ping_status":"closed","sticky":false,"template":"","format":"standard","meta":[],"categories":[3],"tags":[],"yoast_head":"<!-- This site is optimized with the Yoast SEO plugin v20.5 - https:\/\/yoast.com\/wordpress\/plugins\/seo\/ -->\n<title>OZNANILA: Mihaelova nedelja - \u017dupnija Menge\u0161<\/title>\n<meta name=\"robots\" content=\"index, follow, max-snippet:-1, max-image-preview:large, max-video-preview:-1\" \/>\n<link rel=\"canonical\" href=\"https:\/\/zupnija-menges.rkc.si\/index.php\/2025\/10\/05\/oznanila-mihaelova-nedelja-4\/\" \/>\n<meta property=\"og:locale\" content=\"sl_SI\" \/>\n<meta property=\"og:type\" content=\"article\" \/>\n<meta property=\"og:title\" content=\"OZNANILA: Mihaelova nedelja - \u017dupnija Menge\u0161\" \/>\n<meta property=\"og:description\" content=\"Za \u010di\u0161\u010denje cerkve se zahvaljujem skupini iz Velikega Meng\u0161a od Grobeljske do Kolodvorske. Prihodnjo soboto so na vrsti Veliki Menge\u0161 severno od Pre\u0161ernove in Kolodvorske. Iz\u0161la je nova \u0161tevilka Dru\u017eine [&hellip;]\" \/>\n<meta property=\"og:url\" content=\"https:\/\/zupnija-menges.rkc.si\/index.php\/2025\/10\/05\/oznanila-mihaelova-nedelja-4\/\" \/>\n<meta property=\"og:site_name\" content=\"\u017dupnija Menge\u0161\" \/>\n<meta property=\"article:published_time\" content=\"2025-10-05T21:22:53+00:00\" \/>\n<meta property=\"article:modified_time\" content=\"2025-10-19T18:42:02+00:00\" \/>\n<meta property=\"og:image\" content=\"https:\/\/zupnija-menges.rkc.si\/wp-content\/uploads\/2018\/10\/819198-free-download-rosary-wallpaper-1920x1080-for-lockscreen-e1570477049836.jpg\" \/>\n\t<meta property=\"og:image:width\" content=\"356\" \/>\n\t<meta property=\"og:image:height\" content=\"200\" \/>\n\t<meta property=\"og:image:type\" content=\"image\/jpeg\" \/>\n<meta name=\"author\" content=\"\u017dupnija Menge\u0161\" \/>\n<meta name=\"twitter:card\" content=\"summary_large_image\" \/>\n<meta name=\"twitter:label1\" content=\"Written by\" \/>\n\t<meta name=\"twitter:data1\" content=\"\u017dupnija Menge\u0161\" \/>\n\t<meta name=\"twitter:label2\" content=\"Est. reading time\" \/>\n\t<meta name=\"twitter:data2\" content=\"2 minuti\" \/>\n<script type=\"application\/ld+json\" class=\"yoast-schema-graph\">{\"@context\":\"https:\/\/schema.org\",\"@graph\":[{\"@type\":\"WebPage\",\"@id\":\"https:\/\/zupnija-menges.rkc.si\/index.php\/2025\/10\/05\/oznanila-mihaelova-nedelja-4\/\",\"url\":\"https:\/\/zupnija-menges.rkc.si\/index.php\/2025\/10\/05\/oznanila-mihaelova-nedelja-4\/\",\"name\":\"OZNANILA: Mihaelova nedelja - \u017dupnija Menge\u0161\",\"isPartOf\":{\"@id\":\"https:\/\/zupnija-menges.rkc.si\/#website\"},\"datePublished\":\"2025-10-05T21:22:53+00:00\",\"dateModified\":\"2025-10-19T18:42:02+00:00\",\"author\":{\"@id\":\"https:\/\/zupnija-menges.rkc.si\/#\/schema\/person\/30a6136b3e62fe0948bbeadab6a011c8\"},\"breadcrumb\":{\"@id\":\"https:\/\/zupnija-menges.rkc.si\/index.php\/2025\/10\/05\/oznanila-mihaelova-nedelja-4\/#breadcrumb\"},\"inLanguage\":\"sl-SI\",\"potentialAction\":[{\"@type\":\"ReadAction\",\"target\":[\"https:\/\/zupnija-menges.rkc.si\/index.php\/2025\/10\/05\/oznanila-mihaelova-nedelja-4\/\"]}]},{\"@type\":\"BreadcrumbList\",\"@id\":\"https:\/\/zupnija-menges.rkc.si\/index.php\/2025\/10\/05\/oznanila-mihaelova-nedelja-4\/#breadcrumb\",\"itemListElement\":[{\"@type\":\"ListItem\",\"position\":1,\"name\":\"Home\",\"item\":\"https:\/\/zupnija-menges.rkc.si\/\"},{\"@type\":\"ListItem\",\"position\":2,\"name\":\"OZNANILA: Mihaelova nedelja\"}]},{\"@type\":\"WebSite\",\"@id\":\"https:\/\/zupnija-menges.rkc.si\/#website\",\"url\":\"https:\/\/zupnija-menges.rkc.si\/\",\"name\":\"\u017dupnija Menge\u0161\",\"description\":\"\",\"potentialAction\":[{\"@type\":\"SearchAction\",\"target\":{\"@type\":\"EntryPoint\",\"urlTemplate\":\"https:\/\/zupnija-menges.rkc.si\/?s={search_term_string}\"},\"query-input\":\"required name=search_term_string\"}],\"inLanguage\":\"sl-SI\"},{\"@type\":\"Person\",\"@id\":\"https:\/\/zupnija-menges.rkc.si\/#\/schema\/person\/30a6136b3e62fe0948bbeadab6a011c8\",\"name\":\"\u017dupnija Menge\u0161\",\"image\":{\"@type\":\"ImageObject\",\"inLanguage\":\"sl-SI\",\"@id\":\"https:\/\/zupnija-menges.rkc.si\/#\/schema\/person\/image\/\",\"url\":\"https:\/\/secure.gravatar.com\/avatar\/5ab28e97e020e17154731a602459bd9e?s=96&d=mm&r=g\",\"contentUrl\":\"https:\/\/secure.gravatar.com\/avatar\/5ab28e97e020e17154731a602459bd9e?s=96&d=mm&r=g\",\"caption\":\"\u017dupnija Menge\u0161\"},\"url\":\"https:\/\/zupnija-menges.rkc.si\/index.php\/author\/zumenges\/\"}]}<\/script>\n<!-- \/ Yoast SEO plugin. -->","yoast_head_json":{"title":"OZNANILA: Mihaelova nedelja - \u017dupnija Menge\u0161","robots":{"index":"index","follow":"follow","max-snippet":"max-snippet:-1","max-image-preview":"max-image-preview:large","max-video-preview":"max-video-preview:-1"},"canonical":"https:\/\/zupnija-menges.rkc.si\/index.php\/2025\/10\/05\/oznanila-mihaelova-nedelja-4\/","og_locale":"sl_SI","og_type":"article","og_title":"OZNANILA: Mihaelova nedelja - \u017dupnija Menge\u0161","og_description":"Za \u010di\u0161\u010denje cerkve se zahvaljujem skupini iz Velikega Meng\u0161a od Grobeljske do Kolodvorske. Prihodnjo soboto so na vrsti Veliki Menge\u0161 severno od Pre\u0161ernove in Kolodvorske. Iz\u0161la je nova \u0161tevilka Dru\u017eine [&hellip;]","og_url":"https:\/\/zupnija-menges.rkc.si\/index.php\/2025\/10\/05\/oznanila-mihaelova-nedelja-4\/","og_site_name":"\u017dupnija Menge\u0161","article_published_time":"2025-10-05T21:22:53+00:00","article_modified_time":"2025-10-19T18:42:02+00:00","og_image":[{"width":356,"height":200,"url":"https:\/\/zupnija-menges.rkc.si\/wp-content\/uploads\/2018\/10\/819198-free-download-rosary-wallpaper-1920x1080-for-lockscreen-e1570477049836.jpg","type":"image\/jpeg"}],"author":"\u017dupnija Menge\u0161","twitter_card":"summary_large_image","twitter_misc":{"Written by":"\u017dupnija Menge\u0161","Est. reading time":"2 minuti"},"schema":{"@context":"https:\/\/schema.org","@graph":[{"@type":"WebPage","@id":"https:\/\/zupnija-menges.rkc.si\/index.php\/2025\/10\/05\/oznanila-mihaelova-nedelja-4\/","url":"https:\/\/zupnija-menges.rkc.si\/index.php\/2025\/10\/05\/oznanila-mihaelova-nedelja-4\/","name":"OZNANILA: Mihaelova nedelja - \u017dupnija Menge\u0161","isPartOf":{"@id":"https:\/\/zupnija-menges.rkc.si\/#website"},"datePublished":"2025-10-05T21:22:53+00:00","dateModified":"2025-10-19T18:42:02+00:00","author":{"@id":"https:\/\/zupnija-menges.rkc.si\/#\/schema\/person\/30a6136b3e62fe0948bbeadab6a011c8"},"breadcrumb":{"@id":"https:\/\/zupnija-menges.rkc.si\/index.php\/2025\/10\/05\/oznanila-mihaelova-nedelja-4\/#breadcrumb"},"inLanguage":"sl-SI","potentialAction":[{"@type":"ReadAction","target":["https:\/\/zupnija-menges.rkc.si\/index.php\/2025\/10\/05\/oznanila-mihaelova-nedelja-4\/"]}]},{"@type":"BreadcrumbList","@id":"https:\/\/zupnija-menges.rkc.si\/index.php\/2025\/10\/05\/oznanila-mihaelova-nedelja-4\/#breadcrumb","itemListElement":[{"@type":"ListItem","position":1,"name":"Home","item":"https:\/\/zupnija-menges.rkc.si\/"},{"@type":"ListItem","position":2,"name":"OZNANILA: Mihaelova nedelja"}]},{"@type":"WebSite","@id":"https:\/\/zupnija-menges.rkc.si\/#website","url":"https:\/\/zupnija-menges.rkc.si\/","name":"\u017dupnija Menge\u0161","description":"","potentialAction":[{"@type":"SearchAction","target":{"@type":"EntryPoint","urlTemplate":"https:\/\/zupnija-menges.rkc.si\/?s={search_term_string}"},"query-input":"required name=search_term_string"}],"inLanguage":"sl-SI"},{"@type":"Person","@id":"https:\/\/zupnija-menges.rkc.si\/#\/schema\/person\/30a6136b3e62fe0948bbeadab6a011c8","name":"\u017dupnija Menge\u0161","image":{"@type":"ImageObject","inLanguage":"sl-SI","@id":"https:\/\/zupnija-menges.rkc.si\/#\/schema\/person\/image\/","url":"https:\/\/secure.gravatar.com\/avatar\/5ab28e97e020e17154731a602459bd9e?s=96&d=mm&r=g","contentUrl":"https:\/\/secure.gravatar.com\/avatar\/5ab28e97e020e17154731a602459bd9e?s=96&d=mm&r=g","caption":"\u017dupnija Menge\u0161"},"url":"https:\/\/zupnija-menges.rkc.si\/index.php\/author\/zumenges\/"}]}},"_links":{"self":[{"href":"https:\/\/zupnija-menges.rkc.si\/index.php\/wp-json\/wp\/v2\/posts\/3525"}],"collection":[{"href":"https:\/\/zupnija-menges.rkc.si\/index.php\/wp-json\/wp\/v2\/posts"}],"about":[{"href":"https:\/\/zupnija-menges.rkc.si\/index.php\/wp-json\/wp\/v2\/types\/post"}],"author":[{"embeddable":true,"href":"https:\/\/zupnija-menges.rkc.si\/index.php\/wp-json\/wp\/v2\/users\/2"}],"replies":[{"embeddable":true,"href":"https:\/\/zupnija-menges.rkc.si\/index.php\/wp-json\/wp\/v2\/comments?post=3525"}],"version-history":[{"count":1,"href":"https:\/\/zupnija-menges.rkc.si\/index.php\/wp-json\/wp\/v2\/posts\/3525\/revisions"}],"predecessor-version":[{"id":3527,"href":"https:\/\/zupnija-menges.rkc.si\/index.php\/wp-json\/wp\/v2\/posts\/3525\/revisions\/3527"}],"wp:featuredmedia":[{"embeddable":true,"href":"https:\/\/zupnija-menges.rkc.si\/index.php\/wp-json\/wp\/v2\/media\/214"}],"wp:attachment":[{"href":"https:\/\/zupnija-menges.rkc.si\/index.php\/wp-json\/wp\/v2\/media?parent=3525"}],"wp:term":[{"taxonomy":"category","embeddable":true,"href":"https:\/\/zupnija-menges.rkc.si\/index.php\/wp-json\/wp\/v2\/categories?post=3525"},{"taxonomy":"post_tag","embeddable":true,"href":"https:\/\/zupnija-menges.rkc.si\/index.php\/wp-json\/wp\/v2\/tags?post=3525"}],"curies":[{"name":"wp","href":"https:\/\/api.w.org\/{rel}","templated":true}]}}