{"id":3331,"date":"2025-04-13T18:53:32","date_gmt":"2025-04-13T18:53:32","guid":{"rendered":"https:\/\/zupnija-menges.rkc.si\/?p=3331"},"modified":"2025-04-27T21:02:04","modified_gmt":"2025-04-27T21:02:04","slug":"oznanila-cvetna-nedelja-4","status":"publish","type":"post","link":"https:\/\/zupnija-menges.rkc.si\/index.php\/2025\/04\/13\/oznanila-cvetna-nedelja-4\/","title":{"rendered":"OZNANILA: Cvetna nedelja"},"content":{"rendered":"<div class=\"wp-block-image\">\n<figure class=\"aligncenter size-full\"><img decoding=\"async\" loading=\"lazy\" width=\"300\" height=\"449\" src=\"https:\/\/zupnija-menges.rkc.si\/wp-content\/uploads\/2023\/04\/DSC04740-e1555336381482-edited.jpg\" alt=\"\" class=\"wp-image-2423\" srcset=\"https:\/\/zupnija-menges.rkc.si\/wp-content\/uploads\/2023\/04\/DSC04740-e1555336381482-edited.jpg 300w, https:\/\/zupnija-menges.rkc.si\/wp-content\/uploads\/2023\/04\/DSC04740-e1555336381482-edited-200x300.jpg 200w, https:\/\/zupnija-menges.rkc.si\/wp-content\/uploads\/2023\/04\/DSC04740-e1555336381482-edited-230x344.jpg 230w\" sizes=\"(max-width: 300px) 100vw, 300px\" \/><\/figure><\/div>\n\n\n<p>Za \u010di\u0161\u010denje cerkve se zahvaljujem skupini iz Topol in z Dobena. V torek je na vrsti generalno \u010di\u0161\u010denje za vse skupine.<\/p>\n\n\n\n<p>Iz\u0161la je nova \u0161tevilka Dru\u017eine, Glasnik Kraljice miru in Misijonska obzorja.<\/p>\n\n\n\n<p>Umrl je Janez \u0160krlep. Pogreb pokojnega bo v ponedeljek ob 16.00. Umrla je Fran\u010di\u0161ka Koncilja. Pogreb bo v torek ob 13.00. Gospod, daj jima ve\u010dni mir in pokoj. Naj po\u010divata v miru.<\/p>\n\n\n\n<p>V torek ob 18.00 bo molitev pred Najsvetej\u0161im. Hkrati bo na voljo tuj spovednik ob 18.00 uri do svete ma\u0161e in \u0161e po sveti ma\u0161i.<\/p>\n\n\n\n<p>V \u010detrtek se bodo pri sveti ma\u0161i predstavili leto\u0161nji prvoobhajanci. Po sveti ma\u0161i bo najprej taizejska molitev, nato \u0161e molitvena ura za duhovne poklice.<\/p>\n\n\n\n<p>V petek je strogi post. Ob 15.00 bo v cerkvi igrani kri\u017eev pot. Vabljeni \u0161e posebej verou\u010denci. Ob 19.00 bodo obredi velikega petka.<\/p>\n\n\n\n<p>V soboto ob 6.00 bo blagoslov ognja in vode. Sledi za\u010detek \u010de\u0161\u010denja pri bo\u017ejem grobu, ki se prekine od 9.00 do 10.00.<\/p>\n\n\n\n<p><strong>BLAGOSLOV JEDIL<\/strong> bo v Meng\u0161u ob 13.15, 16.30 in 17.15.<br>V Topolah ob 14.20, na Dobenu ob 15.00, v Loki ob 15.45.<br>Velikono\u010dna vigilija bo ob 20.00. S seboj prinesite sve\u010de.<br>Velikono\u010dna procesija bo ob 6.00 uri. Druga sveta ma\u0161a bo ob 10.00 uri. Pri obeh prazni\u010dnih svetih ma\u0161ah bo ofer za obnovo lo\u0161ke cerkvice.<\/p>\n\n\n\n<figure class=\"wp-block-image size-large\"><img decoding=\"async\" loading=\"lazy\" width=\"724\" height=\"1024\" src=\"https:\/\/zupnija-menges.rkc.si\/wp-content\/uploads\/2025\/04\/mase-14-25-724x1024.jpg\" alt=\"\" class=\"wp-image-3332\" srcset=\"https:\/\/zupnija-menges.rkc.si\/wp-content\/uploads\/2025\/04\/mase-14-25-724x1024.jpg 724w, https:\/\/zupnija-menges.rkc.si\/wp-content\/uploads\/2025\/04\/mase-14-25-212x300.jpg 212w, https:\/\/zupnija-menges.rkc.si\/wp-content\/uploads\/2025\/04\/mase-14-25-768x1086.jpg 768w, https:\/\/zupnija-menges.rkc.si\/wp-content\/uploads\/2025\/04\/mase-14-25-1086x1536.jpg 1086w, https:\/\/zupnija-menges.rkc.si\/wp-content\/uploads\/2025\/04\/mase-14-25-1448x2048.jpg 1448w, https:\/\/zupnija-menges.rkc.si\/wp-content\/uploads\/2025\/04\/mase-14-25-1000x1415.jpg 1000w, https:\/\/zupnija-menges.rkc.si\/wp-content\/uploads\/2025\/04\/mase-14-25-230x325.jpg 230w, https:\/\/zupnija-menges.rkc.si\/wp-content\/uploads\/2025\/04\/mase-14-25-350x495.jpg 350w, https:\/\/zupnija-menges.rkc.si\/wp-content\/uploads\/2025\/04\/mase-14-25-480x679.jpg 480w, https:\/\/zupnija-menges.rkc.si\/wp-content\/uploads\/2025\/04\/mase-14-25-scaled.jpg 1810w\" sizes=\"(max-width: 724px) 100vw, 724px\" \/><\/figure>\n","protected":false},"excerpt":{"rendered":"<p>Za \u010di\u0161\u010denje cerkve se zahvaljujem skupini iz Topol in z Dobena. V torek je na vrsti generalno \u010di\u0161\u010denje za vse skupine. Iz\u0161la je nova \u0161tevilka Dru\u017eine, Glasnik Kraljice miru in [&hellip;]<\/p>\n","protected":false},"author":2,"featured_media":2423,"comment_status":"closed","ping_status":"closed","sticky":false,"template":"","format":"standard","meta":[],"categories":[3],"tags":[],"yoast_head":"<!-- This site is optimized with the Yoast SEO plugin v20.5 - https:\/\/yoast.com\/wordpress\/plugins\/seo\/ -->\n<title>OZNANILA: Cvetna nedelja - \u017dupnija Menge\u0161<\/title>\n<meta name=\"robots\" content=\"index, follow, max-snippet:-1, max-image-preview:large, max-video-preview:-1\" \/>\n<link rel=\"canonical\" href=\"https:\/\/zupnija-menges.rkc.si\/index.php\/2025\/04\/13\/oznanila-cvetna-nedelja-4\/\" \/>\n<meta property=\"og:locale\" content=\"sl_SI\" \/>\n<meta property=\"og:type\" content=\"article\" \/>\n<meta property=\"og:title\" content=\"OZNANILA: Cvetna nedelja - \u017dupnija Menge\u0161\" \/>\n<meta property=\"og:description\" content=\"Za \u010di\u0161\u010denje cerkve se zahvaljujem skupini iz Topol in z Dobena. V torek je na vrsti generalno \u010di\u0161\u010denje za vse skupine. Iz\u0161la je nova \u0161tevilka Dru\u017eine, Glasnik Kraljice miru in [&hellip;]\" \/>\n<meta property=\"og:url\" content=\"https:\/\/zupnija-menges.rkc.si\/index.php\/2025\/04\/13\/oznanila-cvetna-nedelja-4\/\" \/>\n<meta property=\"og:site_name\" content=\"\u017dupnija Menge\u0161\" \/>\n<meta property=\"article:published_time\" content=\"2025-04-13T18:53:32+00:00\" \/>\n<meta property=\"article:modified_time\" content=\"2025-04-27T21:02:04+00:00\" \/>\n<meta property=\"og:image\" content=\"https:\/\/zupnija-menges.rkc.si\/wp-content\/uploads\/2023\/04\/DSC04740-e1555336381482-edited.jpg\" \/>\n\t<meta property=\"og:image:width\" content=\"300\" \/>\n\t<meta property=\"og:image:height\" content=\"449\" \/>\n\t<meta property=\"og:image:type\" content=\"image\/jpeg\" \/>\n<meta name=\"author\" content=\"\u017dupnija Menge\u0161\" \/>\n<meta name=\"twitter:card\" content=\"summary_large_image\" \/>\n<meta name=\"twitter:label1\" content=\"Written by\" \/>\n\t<meta name=\"twitter:data1\" content=\"\u017dupnija Menge\u0161\" \/>\n\t<meta name=\"twitter:label2\" content=\"Est. reading time\" \/>\n\t<meta name=\"twitter:data2\" content=\"2 minuti\" \/>\n<script type=\"application\/ld+json\" class=\"yoast-schema-graph\">{\"@context\":\"https:\/\/schema.org\",\"@graph\":[{\"@type\":\"WebPage\",\"@id\":\"https:\/\/zupnija-menges.rkc.si\/index.php\/2025\/04\/13\/oznanila-cvetna-nedelja-4\/\",\"url\":\"https:\/\/zupnija-menges.rkc.si\/index.php\/2025\/04\/13\/oznanila-cvetna-nedelja-4\/\",\"name\":\"OZNANILA: Cvetna nedelja - \u017dupnija Menge\u0161\",\"isPartOf\":{\"@id\":\"https:\/\/zupnija-menges.rkc.si\/#website\"},\"datePublished\":\"2025-04-13T18:53:32+00:00\",\"dateModified\":\"2025-04-27T21:02:04+00:00\",\"author\":{\"@id\":\"https:\/\/zupnija-menges.rkc.si\/#\/schema\/person\/30a6136b3e62fe0948bbeadab6a011c8\"},\"breadcrumb\":{\"@id\":\"https:\/\/zupnija-menges.rkc.si\/index.php\/2025\/04\/13\/oznanila-cvetna-nedelja-4\/#breadcrumb\"},\"inLanguage\":\"sl-SI\",\"potentialAction\":[{\"@type\":\"ReadAction\",\"target\":[\"https:\/\/zupnija-menges.rkc.si\/index.php\/2025\/04\/13\/oznanila-cvetna-nedelja-4\/\"]}]},{\"@type\":\"BreadcrumbList\",\"@id\":\"https:\/\/zupnija-menges.rkc.si\/index.php\/2025\/04\/13\/oznanila-cvetna-nedelja-4\/#breadcrumb\",\"itemListElement\":[{\"@type\":\"ListItem\",\"position\":1,\"name\":\"Home\",\"item\":\"https:\/\/zupnija-menges.rkc.si\/\"},{\"@type\":\"ListItem\",\"position\":2,\"name\":\"OZNANILA: Cvetna nedelja\"}]},{\"@type\":\"WebSite\",\"@id\":\"https:\/\/zupnija-menges.rkc.si\/#website\",\"url\":\"https:\/\/zupnija-menges.rkc.si\/\",\"name\":\"\u017dupnija Menge\u0161\",\"description\":\"\",\"potentialAction\":[{\"@type\":\"SearchAction\",\"target\":{\"@type\":\"EntryPoint\",\"urlTemplate\":\"https:\/\/zupnija-menges.rkc.si\/?s={search_term_string}\"},\"query-input\":\"required name=search_term_string\"}],\"inLanguage\":\"sl-SI\"},{\"@type\":\"Person\",\"@id\":\"https:\/\/zupnija-menges.rkc.si\/#\/schema\/person\/30a6136b3e62fe0948bbeadab6a011c8\",\"name\":\"\u017dupnija Menge\u0161\",\"image\":{\"@type\":\"ImageObject\",\"inLanguage\":\"sl-SI\",\"@id\":\"https:\/\/zupnija-menges.rkc.si\/#\/schema\/person\/image\/\",\"url\":\"https:\/\/secure.gravatar.com\/avatar\/5ab28e97e020e17154731a602459bd9e?s=96&d=mm&r=g\",\"contentUrl\":\"https:\/\/secure.gravatar.com\/avatar\/5ab28e97e020e17154731a602459bd9e?s=96&d=mm&r=g\",\"caption\":\"\u017dupnija Menge\u0161\"},\"url\":\"https:\/\/zupnija-menges.rkc.si\/index.php\/author\/zumenges\/\"}]}<\/script>\n<!-- \/ Yoast SEO plugin. -->","yoast_head_json":{"title":"OZNANILA: Cvetna nedelja - \u017dupnija Menge\u0161","robots":{"index":"index","follow":"follow","max-snippet":"max-snippet:-1","max-image-preview":"max-image-preview:large","max-video-preview":"max-video-preview:-1"},"canonical":"https:\/\/zupnija-menges.rkc.si\/index.php\/2025\/04\/13\/oznanila-cvetna-nedelja-4\/","og_locale":"sl_SI","og_type":"article","og_title":"OZNANILA: Cvetna nedelja - \u017dupnija Menge\u0161","og_description":"Za \u010di\u0161\u010denje cerkve se zahvaljujem skupini iz Topol in z Dobena. V torek je na vrsti generalno \u010di\u0161\u010denje za vse skupine. Iz\u0161la je nova \u0161tevilka Dru\u017eine, Glasnik Kraljice miru in [&hellip;]","og_url":"https:\/\/zupnija-menges.rkc.si\/index.php\/2025\/04\/13\/oznanila-cvetna-nedelja-4\/","og_site_name":"\u017dupnija Menge\u0161","article_published_time":"2025-04-13T18:53:32+00:00","article_modified_time":"2025-04-27T21:02:04+00:00","og_image":[{"width":300,"height":449,"url":"https:\/\/zupnija-menges.rkc.si\/wp-content\/uploads\/2023\/04\/DSC04740-e1555336381482-edited.jpg","type":"image\/jpeg"}],"author":"\u017dupnija Menge\u0161","twitter_card":"summary_large_image","twitter_misc":{"Written by":"\u017dupnija Menge\u0161","Est. reading time":"2 minuti"},"schema":{"@context":"https:\/\/schema.org","@graph":[{"@type":"WebPage","@id":"https:\/\/zupnija-menges.rkc.si\/index.php\/2025\/04\/13\/oznanila-cvetna-nedelja-4\/","url":"https:\/\/zupnija-menges.rkc.si\/index.php\/2025\/04\/13\/oznanila-cvetna-nedelja-4\/","name":"OZNANILA: Cvetna nedelja - \u017dupnija Menge\u0161","isPartOf":{"@id":"https:\/\/zupnija-menges.rkc.si\/#website"},"datePublished":"2025-04-13T18:53:32+00:00","dateModified":"2025-04-27T21:02:04+00:00","author":{"@id":"https:\/\/zupnija-menges.rkc.si\/#\/schema\/person\/30a6136b3e62fe0948bbeadab6a011c8"},"breadcrumb":{"@id":"https:\/\/zupnija-menges.rkc.si\/index.php\/2025\/04\/13\/oznanila-cvetna-nedelja-4\/#breadcrumb"},"inLanguage":"sl-SI","potentialAction":[{"@type":"ReadAction","target":["https:\/\/zupnija-menges.rkc.si\/index.php\/2025\/04\/13\/oznanila-cvetna-nedelja-4\/"]}]},{"@type":"BreadcrumbList","@id":"https:\/\/zupnija-menges.rkc.si\/index.php\/2025\/04\/13\/oznanila-cvetna-nedelja-4\/#breadcrumb","itemListElement":[{"@type":"ListItem","position":1,"name":"Home","item":"https:\/\/zupnija-menges.rkc.si\/"},{"@type":"ListItem","position":2,"name":"OZNANILA: Cvetna nedelja"}]},{"@type":"WebSite","@id":"https:\/\/zupnija-menges.rkc.si\/#website","url":"https:\/\/zupnija-menges.rkc.si\/","name":"\u017dupnija Menge\u0161","description":"","potentialAction":[{"@type":"SearchAction","target":{"@type":"EntryPoint","urlTemplate":"https:\/\/zupnija-menges.rkc.si\/?s={search_term_string}"},"query-input":"required name=search_term_string"}],"inLanguage":"sl-SI"},{"@type":"Person","@id":"https:\/\/zupnija-menges.rkc.si\/#\/schema\/person\/30a6136b3e62fe0948bbeadab6a011c8","name":"\u017dupnija Menge\u0161","image":{"@type":"ImageObject","inLanguage":"sl-SI","@id":"https:\/\/zupnija-menges.rkc.si\/#\/schema\/person\/image\/","url":"https:\/\/secure.gravatar.com\/avatar\/5ab28e97e020e17154731a602459bd9e?s=96&d=mm&r=g","contentUrl":"https:\/\/secure.gravatar.com\/avatar\/5ab28e97e020e17154731a602459bd9e?s=96&d=mm&r=g","caption":"\u017dupnija Menge\u0161"},"url":"https:\/\/zupnija-menges.rkc.si\/index.php\/author\/zumenges\/"}]}},"_links":{"self":[{"href":"https:\/\/zupnija-menges.rkc.si\/index.php\/wp-json\/wp\/v2\/posts\/3331"}],"collection":[{"href":"https:\/\/zupnija-menges.rkc.si\/index.php\/wp-json\/wp\/v2\/posts"}],"about":[{"href":"https:\/\/zupnija-menges.rkc.si\/index.php\/wp-json\/wp\/v2\/types\/post"}],"author":[{"embeddable":true,"href":"https:\/\/zupnija-menges.rkc.si\/index.php\/wp-json\/wp\/v2\/users\/2"}],"replies":[{"embeddable":true,"href":"https:\/\/zupnija-menges.rkc.si\/index.php\/wp-json\/wp\/v2\/comments?post=3331"}],"version-history":[{"count":1,"href":"https:\/\/zupnija-menges.rkc.si\/index.php\/wp-json\/wp\/v2\/posts\/3331\/revisions"}],"predecessor-version":[{"id":3333,"href":"https:\/\/zupnija-menges.rkc.si\/index.php\/wp-json\/wp\/v2\/posts\/3331\/revisions\/3333"}],"wp:featuredmedia":[{"embeddable":true,"href":"https:\/\/zupnija-menges.rkc.si\/index.php\/wp-json\/wp\/v2\/media\/2423"}],"wp:attachment":[{"href":"https:\/\/zupnija-menges.rkc.si\/index.php\/wp-json\/wp\/v2\/media?parent=3331"}],"wp:term":[{"taxonomy":"category","embeddable":true,"href":"https:\/\/zupnija-menges.rkc.si\/index.php\/wp-json\/wp\/v2\/categories?post=3331"},{"taxonomy":"post_tag","embeddable":true,"href":"https:\/\/zupnija-menges.rkc.si\/index.php\/wp-json\/wp\/v2\/tags?post=3331"}],"curies":[{"name":"wp","href":"https:\/\/api.w.org\/{rel}","templated":true}]}}