{"id":2406,"date":"2023-03-19T13:15:33","date_gmt":"2023-03-19T13:15:33","guid":{"rendered":"https:\/\/zupnija-menges.rkc.si\/?p=2406"},"modified":"2023-03-27T10:38:49","modified_gmt":"2023-03-27T10:38:49","slug":"oznanila-cetrta-postna-nedelja-laetare","status":"publish","type":"post","link":"https:\/\/zupnija-menges.rkc.si\/index.php\/2023\/03\/19\/oznanila-cetrta-postna-nedelja-laetare\/","title":{"rendered":"OZNANILA: \u010detrta postna nedelja (laetare)"},"content":{"rendered":"<div class=\"wp-block-image\">\n<figure class=\"aligncenter size-large is-resized\"><img decoding=\"async\" loading=\"lazy\" src=\"https:\/\/zupnija-menges.rkc.si\/wp-content\/uploads\/2021\/03\/DSC05312-2-1024x684.jpg\" alt=\"\" class=\"wp-image-1549\" width=\"641\" height=\"428\"\/><figcaption class=\"wp-element-caption\">foto: An\u017ee Hribar<\/figcaption><\/figure><\/div>\n\n\n<p>Za \u010di\u0161\u010denje cerkve se zahvaljujem skupini iz Velikega Meng\u0161a severno od Pre\u0161ernove in Kolodvorske. Prihodnji petek so na vrsti Mali Menge\u0161, vzhodno od Liparjeve. Za \u010di\u0161\u010denje \u017eupnijskega doma se zahvaljujem star\u0161em verou\u010dencev.<\/p>\n\n\n\n<p>Danes ob 14.00 bo dru\u017einsko romanje k sv. Jo\u0161tu nad Kranjem. Zbor z avtomobili pred \u017eupni\u0161\u010dem. Ob 15.00 bo pobo\u017enost kri\u017eevega pota v \u017eupnijski cerkvi.<\/p>\n\n\n\n<p>V ponedeljek ob 19.00 bo v \u017eupnijskem domu pri\u010devanje zakonskega para \u010cu\u0161in, ki je namenjen vsem star\u0161em. Vabljeni.<\/p>\n\n\n\n<p>V torek po sveti ma\u0161i bo v \u017eupnijskem domu ob\u010dni zbor \u017eupnijske Karitas Menge\u0161. \u010clani in \u010dlanice vljudno vabljeni.<\/p>\n\n\n\n<p>Umrl je Jo\u017ee \u010cebulj. Pogreb pokojnega bo v sredo ob 13.00. Gospod, daj mu ve\u010dni mir in pokoj. Naj po\u010diva v miru.<\/p>\n\n\n\n<p>V sredo ob 17.00 bo molitev pred Najsvetej\u0161im v \u017eupnijski cerkvi. Vabljeni.<\/p>\n\n\n\n<p>V sredo ob 19.00 bo v \u017eupnijskem domu ogled filma o P\u0161ati. Vabljeni.<\/p>\n\n\n\n<p>V petek po sveti ma\u0161i bo ljudska pobo\u017enost kri\u017eevega pota v \u017eupnijski cerkvi.<\/p>\n\n\n\n<p>V soboto bo praznik Gospodovega oznanjenja Mariji. Prazni\u010dna sveta ma\u0161a bo ob 8.00, ve\u010derna bo \u017ee nedeljska od 5. postne nedelje.<\/p>\n\n\n\n<p>Prihodnjo nedeljo ob 15.00 bo dekanijski kri\u017eev pot iz vasi \u017deje proti sv. Trojici v \u017eupniji Dob.<\/p>\n\n\n\n<p>Prihodnjo nedeljo bo ve\u010derna sveta ma\u0161a ob 19.00 uri, ker prehajamo na poletni \u010das.<\/p>\n\n\n\n<figure class=\"wp-block-image size-large is-resized\"><img decoding=\"async\" loading=\"lazy\" src=\"https:\/\/zupnija-menges.rkc.si\/wp-content\/uploads\/2023\/03\/mase-12-23-791x1024.jpg\" alt=\"\" class=\"wp-image-2407\" width=\"814\" height=\"1054\" srcset=\"https:\/\/zupnija-menges.rkc.si\/wp-content\/uploads\/2023\/03\/mase-12-23-791x1024.jpg 791w, https:\/\/zupnija-menges.rkc.si\/wp-content\/uploads\/2023\/03\/mase-12-23-232x300.jpg 232w, https:\/\/zupnija-menges.rkc.si\/wp-content\/uploads\/2023\/03\/mase-12-23-768x994.jpg 768w, https:\/\/zupnija-menges.rkc.si\/wp-content\/uploads\/2023\/03\/mase-12-23-1187x1536.jpg 1187w, https:\/\/zupnija-menges.rkc.si\/wp-content\/uploads\/2023\/03\/mase-12-23-1583x2048.jpg 1583w, https:\/\/zupnija-menges.rkc.si\/wp-content\/uploads\/2023\/03\/mase-12-23-830x1074.jpg 830w, https:\/\/zupnija-menges.rkc.si\/wp-content\/uploads\/2023\/03\/mase-12-23-230x298.jpg 230w, https:\/\/zupnija-menges.rkc.si\/wp-content\/uploads\/2023\/03\/mase-12-23-350x453.jpg 350w, https:\/\/zupnija-menges.rkc.si\/wp-content\/uploads\/2023\/03\/mase-12-23-480x621.jpg 480w, https:\/\/zupnija-menges.rkc.si\/wp-content\/uploads\/2023\/03\/mase-12-23-scaled.jpg 1978w\" sizes=\"(max-width: 814px) 100vw, 814px\" \/><\/figure>\n","protected":false},"excerpt":{"rendered":"<p>Za \u010di\u0161\u010denje cerkve se zahvaljujem skupini iz Velikega Meng\u0161a severno od Pre\u0161ernove in Kolodvorske. Prihodnji petek so na vrsti Mali Menge\u0161, vzhodno od Liparjeve. Za \u010di\u0161\u010denje \u017eupnijskega doma se zahvaljujem [&hellip;]<\/p>\n","protected":false},"author":2,"featured_media":1549,"comment_status":"closed","ping_status":"closed","sticky":false,"template":"","format":"standard","meta":[],"categories":[3],"tags":[],"yoast_head":"<!-- This site is optimized with the Yoast SEO plugin v20.5 - https:\/\/yoast.com\/wordpress\/plugins\/seo\/ -->\n<title>OZNANILA: \u010detrta postna nedelja (laetare) - \u017dupnija Menge\u0161<\/title>\n<meta name=\"robots\" content=\"index, follow, max-snippet:-1, max-image-preview:large, max-video-preview:-1\" \/>\n<link rel=\"canonical\" href=\"https:\/\/zupnija-menges.rkc.si\/index.php\/2023\/03\/19\/oznanila-cetrta-postna-nedelja-laetare\/\" \/>\n<meta property=\"og:locale\" content=\"sl_SI\" \/>\n<meta property=\"og:type\" content=\"article\" \/>\n<meta property=\"og:title\" content=\"OZNANILA: \u010detrta postna nedelja (laetare) - \u017dupnija Menge\u0161\" \/>\n<meta property=\"og:description\" content=\"Za \u010di\u0161\u010denje cerkve se zahvaljujem skupini iz Velikega Meng\u0161a severno od Pre\u0161ernove in Kolodvorske. Prihodnji petek so na vrsti Mali Menge\u0161, vzhodno od Liparjeve. Za \u010di\u0161\u010denje \u017eupnijskega doma se zahvaljujem [&hellip;]\" \/>\n<meta property=\"og:url\" content=\"https:\/\/zupnija-menges.rkc.si\/index.php\/2023\/03\/19\/oznanila-cetrta-postna-nedelja-laetare\/\" \/>\n<meta property=\"og:site_name\" content=\"\u017dupnija Menge\u0161\" \/>\n<meta property=\"article:published_time\" content=\"2023-03-19T13:15:33+00:00\" \/>\n<meta property=\"article:modified_time\" content=\"2023-03-27T10:38:49+00:00\" \/>\n<meta property=\"og:image\" content=\"https:\/\/zupnija-menges.rkc.si\/wp-content\/uploads\/2021\/03\/DSC05312-2-scaled-e1615677164371.jpg\" \/>\n\t<meta property=\"og:image:width\" content=\"449\" \/>\n\t<meta property=\"og:image:height\" content=\"300\" \/>\n\t<meta property=\"og:image:type\" content=\"image\/jpeg\" \/>\n<meta name=\"author\" content=\"\u017dupnija Menge\u0161\" \/>\n<meta name=\"twitter:card\" content=\"summary_large_image\" \/>\n<meta name=\"twitter:label1\" content=\"Written by\" \/>\n\t<meta name=\"twitter:data1\" content=\"\u017dupnija Menge\u0161\" \/>\n\t<meta name=\"twitter:label2\" content=\"Est. reading time\" \/>\n\t<meta name=\"twitter:data2\" content=\"2 minuti\" \/>\n<script type=\"application\/ld+json\" class=\"yoast-schema-graph\">{\"@context\":\"https:\/\/schema.org\",\"@graph\":[{\"@type\":\"WebPage\",\"@id\":\"https:\/\/zupnija-menges.rkc.si\/index.php\/2023\/03\/19\/oznanila-cetrta-postna-nedelja-laetare\/\",\"url\":\"https:\/\/zupnija-menges.rkc.si\/index.php\/2023\/03\/19\/oznanila-cetrta-postna-nedelja-laetare\/\",\"name\":\"OZNANILA: \u010detrta postna nedelja (laetare) - \u017dupnija Menge\u0161\",\"isPartOf\":{\"@id\":\"https:\/\/zupnija-menges.rkc.si\/#website\"},\"datePublished\":\"2023-03-19T13:15:33+00:00\",\"dateModified\":\"2023-03-27T10:38:49+00:00\",\"author\":{\"@id\":\"https:\/\/zupnija-menges.rkc.si\/#\/schema\/person\/30a6136b3e62fe0948bbeadab6a011c8\"},\"breadcrumb\":{\"@id\":\"https:\/\/zupnija-menges.rkc.si\/index.php\/2023\/03\/19\/oznanila-cetrta-postna-nedelja-laetare\/#breadcrumb\"},\"inLanguage\":\"sl-SI\",\"potentialAction\":[{\"@type\":\"ReadAction\",\"target\":[\"https:\/\/zupnija-menges.rkc.si\/index.php\/2023\/03\/19\/oznanila-cetrta-postna-nedelja-laetare\/\"]}]},{\"@type\":\"BreadcrumbList\",\"@id\":\"https:\/\/zupnija-menges.rkc.si\/index.php\/2023\/03\/19\/oznanila-cetrta-postna-nedelja-laetare\/#breadcrumb\",\"itemListElement\":[{\"@type\":\"ListItem\",\"position\":1,\"name\":\"Home\",\"item\":\"https:\/\/zupnija-menges.rkc.si\/\"},{\"@type\":\"ListItem\",\"position\":2,\"name\":\"OZNANILA: \u010detrta postna nedelja (laetare)\"}]},{\"@type\":\"WebSite\",\"@id\":\"https:\/\/zupnija-menges.rkc.si\/#website\",\"url\":\"https:\/\/zupnija-menges.rkc.si\/\",\"name\":\"\u017dupnija Menge\u0161\",\"description\":\"\",\"potentialAction\":[{\"@type\":\"SearchAction\",\"target\":{\"@type\":\"EntryPoint\",\"urlTemplate\":\"https:\/\/zupnija-menges.rkc.si\/?s={search_term_string}\"},\"query-input\":\"required name=search_term_string\"}],\"inLanguage\":\"sl-SI\"},{\"@type\":\"Person\",\"@id\":\"https:\/\/zupnija-menges.rkc.si\/#\/schema\/person\/30a6136b3e62fe0948bbeadab6a011c8\",\"name\":\"\u017dupnija Menge\u0161\",\"image\":{\"@type\":\"ImageObject\",\"inLanguage\":\"sl-SI\",\"@id\":\"https:\/\/zupnija-menges.rkc.si\/#\/schema\/person\/image\/\",\"url\":\"https:\/\/secure.gravatar.com\/avatar\/5ab28e97e020e17154731a602459bd9e?s=96&d=mm&r=g\",\"contentUrl\":\"https:\/\/secure.gravatar.com\/avatar\/5ab28e97e020e17154731a602459bd9e?s=96&d=mm&r=g\",\"caption\":\"\u017dupnija Menge\u0161\"},\"url\":\"https:\/\/zupnija-menges.rkc.si\/index.php\/author\/zumenges\/\"}]}<\/script>\n<!-- \/ Yoast SEO plugin. -->","yoast_head_json":{"title":"OZNANILA: \u010detrta postna nedelja (laetare) - \u017dupnija Menge\u0161","robots":{"index":"index","follow":"follow","max-snippet":"max-snippet:-1","max-image-preview":"max-image-preview:large","max-video-preview":"max-video-preview:-1"},"canonical":"https:\/\/zupnija-menges.rkc.si\/index.php\/2023\/03\/19\/oznanila-cetrta-postna-nedelja-laetare\/","og_locale":"sl_SI","og_type":"article","og_title":"OZNANILA: \u010detrta postna nedelja (laetare) - \u017dupnija Menge\u0161","og_description":"Za \u010di\u0161\u010denje cerkve se zahvaljujem skupini iz Velikega Meng\u0161a severno od Pre\u0161ernove in Kolodvorske. Prihodnji petek so na vrsti Mali Menge\u0161, vzhodno od Liparjeve. Za \u010di\u0161\u010denje \u017eupnijskega doma se zahvaljujem [&hellip;]","og_url":"https:\/\/zupnija-menges.rkc.si\/index.php\/2023\/03\/19\/oznanila-cetrta-postna-nedelja-laetare\/","og_site_name":"\u017dupnija Menge\u0161","article_published_time":"2023-03-19T13:15:33+00:00","article_modified_time":"2023-03-27T10:38:49+00:00","og_image":[{"width":449,"height":300,"url":"https:\/\/zupnija-menges.rkc.si\/wp-content\/uploads\/2021\/03\/DSC05312-2-scaled-e1615677164371.jpg","type":"image\/jpeg"}],"author":"\u017dupnija Menge\u0161","twitter_card":"summary_large_image","twitter_misc":{"Written by":"\u017dupnija Menge\u0161","Est. reading time":"2 minuti"},"schema":{"@context":"https:\/\/schema.org","@graph":[{"@type":"WebPage","@id":"https:\/\/zupnija-menges.rkc.si\/index.php\/2023\/03\/19\/oznanila-cetrta-postna-nedelja-laetare\/","url":"https:\/\/zupnija-menges.rkc.si\/index.php\/2023\/03\/19\/oznanila-cetrta-postna-nedelja-laetare\/","name":"OZNANILA: \u010detrta postna nedelja (laetare) - \u017dupnija Menge\u0161","isPartOf":{"@id":"https:\/\/zupnija-menges.rkc.si\/#website"},"datePublished":"2023-03-19T13:15:33+00:00","dateModified":"2023-03-27T10:38:49+00:00","author":{"@id":"https:\/\/zupnija-menges.rkc.si\/#\/schema\/person\/30a6136b3e62fe0948bbeadab6a011c8"},"breadcrumb":{"@id":"https:\/\/zupnija-menges.rkc.si\/index.php\/2023\/03\/19\/oznanila-cetrta-postna-nedelja-laetare\/#breadcrumb"},"inLanguage":"sl-SI","potentialAction":[{"@type":"ReadAction","target":["https:\/\/zupnija-menges.rkc.si\/index.php\/2023\/03\/19\/oznanila-cetrta-postna-nedelja-laetare\/"]}]},{"@type":"BreadcrumbList","@id":"https:\/\/zupnija-menges.rkc.si\/index.php\/2023\/03\/19\/oznanila-cetrta-postna-nedelja-laetare\/#breadcrumb","itemListElement":[{"@type":"ListItem","position":1,"name":"Home","item":"https:\/\/zupnija-menges.rkc.si\/"},{"@type":"ListItem","position":2,"name":"OZNANILA: \u010detrta postna nedelja (laetare)"}]},{"@type":"WebSite","@id":"https:\/\/zupnija-menges.rkc.si\/#website","url":"https:\/\/zupnija-menges.rkc.si\/","name":"\u017dupnija Menge\u0161","description":"","potentialAction":[{"@type":"SearchAction","target":{"@type":"EntryPoint","urlTemplate":"https:\/\/zupnija-menges.rkc.si\/?s={search_term_string}"},"query-input":"required name=search_term_string"}],"inLanguage":"sl-SI"},{"@type":"Person","@id":"https:\/\/zupnija-menges.rkc.si\/#\/schema\/person\/30a6136b3e62fe0948bbeadab6a011c8","name":"\u017dupnija Menge\u0161","image":{"@type":"ImageObject","inLanguage":"sl-SI","@id":"https:\/\/zupnija-menges.rkc.si\/#\/schema\/person\/image\/","url":"https:\/\/secure.gravatar.com\/avatar\/5ab28e97e020e17154731a602459bd9e?s=96&d=mm&r=g","contentUrl":"https:\/\/secure.gravatar.com\/avatar\/5ab28e97e020e17154731a602459bd9e?s=96&d=mm&r=g","caption":"\u017dupnija Menge\u0161"},"url":"https:\/\/zupnija-menges.rkc.si\/index.php\/author\/zumenges\/"}]}},"_links":{"self":[{"href":"https:\/\/zupnija-menges.rkc.si\/index.php\/wp-json\/wp\/v2\/posts\/2406"}],"collection":[{"href":"https:\/\/zupnija-menges.rkc.si\/index.php\/wp-json\/wp\/v2\/posts"}],"about":[{"href":"https:\/\/zupnija-menges.rkc.si\/index.php\/wp-json\/wp\/v2\/types\/post"}],"author":[{"embeddable":true,"href":"https:\/\/zupnija-menges.rkc.si\/index.php\/wp-json\/wp\/v2\/users\/2"}],"replies":[{"embeddable":true,"href":"https:\/\/zupnija-menges.rkc.si\/index.php\/wp-json\/wp\/v2\/comments?post=2406"}],"version-history":[{"count":1,"href":"https:\/\/zupnija-menges.rkc.si\/index.php\/wp-json\/wp\/v2\/posts\/2406\/revisions"}],"predecessor-version":[{"id":2408,"href":"https:\/\/zupnija-menges.rkc.si\/index.php\/wp-json\/wp\/v2\/posts\/2406\/revisions\/2408"}],"wp:featuredmedia":[{"embeddable":true,"href":"https:\/\/zupnija-menges.rkc.si\/index.php\/wp-json\/wp\/v2\/media\/1549"}],"wp:attachment":[{"href":"https:\/\/zupnija-menges.rkc.si\/index.php\/wp-json\/wp\/v2\/media?parent=2406"}],"wp:term":[{"taxonomy":"category","embeddable":true,"href":"https:\/\/zupnija-menges.rkc.si\/index.php\/wp-json\/wp\/v2\/categories?post=2406"},{"taxonomy":"post_tag","embeddable":true,"href":"https:\/\/zupnija-menges.rkc.si\/index.php\/wp-json\/wp\/v2\/tags?post=2406"}],"curies":[{"name":"wp","href":"https:\/\/api.w.org\/{rel}","templated":true}]}}