{"id":2363,"date":"2023-01-22T16:39:20","date_gmt":"2023-01-22T16:39:20","guid":{"rendered":"https:\/\/zupnija-menges.rkc.si\/?p=2363"},"modified":"2023-01-29T10:22:31","modified_gmt":"2023-01-29T10:22:31","slug":"pohod-z-baklami-in-koncert-dekanijski-srecanji-za-mlade","status":"publish","type":"post","link":"https:\/\/zupnija-menges.rkc.si\/index.php\/2023\/01\/22\/pohod-z-baklami-in-koncert-dekanijski-srecanji-za-mlade\/","title":{"rendered":"POHOD Z BAKLAMI in KONCERT: dekanijski sre\u010danji za mlade"},"content":{"rendered":"\n<figure class=\"wp-block-image size-full\"><img decoding=\"async\" loading=\"lazy\" width=\"940\" height=\"788\" src=\"https:\/\/zupnija-menges.rkc.si\/wp-content\/uploads\/2023\/01\/pohod-z-baklami-2023.jpg\" alt=\"\" class=\"wp-image-2364\" srcset=\"https:\/\/zupnija-menges.rkc.si\/wp-content\/uploads\/2023\/01\/pohod-z-baklami-2023.jpg 940w, https:\/\/zupnija-menges.rkc.si\/wp-content\/uploads\/2023\/01\/pohod-z-baklami-2023-300x251.jpg 300w, https:\/\/zupnija-menges.rkc.si\/wp-content\/uploads\/2023\/01\/pohod-z-baklami-2023-768x644.jpg 768w, https:\/\/zupnija-menges.rkc.si\/wp-content\/uploads\/2023\/01\/pohod-z-baklami-2023-830x696.jpg 830w, https:\/\/zupnija-menges.rkc.si\/wp-content\/uploads\/2023\/01\/pohod-z-baklami-2023-230x193.jpg 230w, https:\/\/zupnija-menges.rkc.si\/wp-content\/uploads\/2023\/01\/pohod-z-baklami-2023-350x293.jpg 350w, https:\/\/zupnija-menges.rkc.si\/wp-content\/uploads\/2023\/01\/pohod-z-baklami-2023-480x402.jpg 480w\" sizes=\"(max-width: 940px) 100vw, 940px\" \/><\/figure>\n\n\n\n<p>Po dvoletnem premoru vse MLADE IZ DOM\u017dALSKE DEKANIJE zopet vabimo na tradicionalni <strong>POHOD Z BAKLAMI na Svetega Mohorja<\/strong>. Pohod bo <strong>V PETEK 27. januarja 2023<\/strong> ob 19.00 na PARKIRI\u0160\u010cU PRI GRADI\u0160KEM JEZERU. Se vidimo in povabite \u0161e prijatelje!<\/p>\n\n\n\n<p>P. S. Bodite primerno oble\u010deni, imejte kak\u0161ne rokavice in \u0161al &#8230; ne pozabite na baklo (ali svetilko), na vrhu pa nas bo \u010dakal topel \u010daj.<\/p>\n\n\n\n<figure class=\"wp-block-image size-large\"><img decoding=\"async\" loading=\"lazy\" width=\"724\" height=\"1024\" src=\"https:\/\/zupnija-menges.rkc.si\/wp-content\/uploads\/2023\/01\/koncert-Janez-Ferlez-724x1024.jpg\" alt=\"\" class=\"wp-image-2365\" srcset=\"https:\/\/zupnija-menges.rkc.si\/wp-content\/uploads\/2023\/01\/koncert-Janez-Ferlez-724x1024.jpg 724w, https:\/\/zupnija-menges.rkc.si\/wp-content\/uploads\/2023\/01\/koncert-Janez-Ferlez-212x300.jpg 212w, https:\/\/zupnija-menges.rkc.si\/wp-content\/uploads\/2023\/01\/koncert-Janez-Ferlez-768x1086.jpg 768w, https:\/\/zupnija-menges.rkc.si\/wp-content\/uploads\/2023\/01\/koncert-Janez-Ferlez-1086x1536.jpg 1086w, https:\/\/zupnija-menges.rkc.si\/wp-content\/uploads\/2023\/01\/koncert-Janez-Ferlez-830x1174.jpg 830w, https:\/\/zupnija-menges.rkc.si\/wp-content\/uploads\/2023\/01\/koncert-Janez-Ferlez-230x325.jpg 230w, https:\/\/zupnija-menges.rkc.si\/wp-content\/uploads\/2023\/01\/koncert-Janez-Ferlez-350x495.jpg 350w, https:\/\/zupnija-menges.rkc.si\/wp-content\/uploads\/2023\/01\/koncert-Janez-Ferlez-480x679.jpg 480w, https:\/\/zupnija-menges.rkc.si\/wp-content\/uploads\/2023\/01\/koncert-Janez-Ferlez.jpg 1448w\" sizes=\"(max-width: 724px) 100vw, 724px\" \/><\/figure>\n\n\n\n<p><\/p>\n","protected":false},"excerpt":{"rendered":"<p>Po dvoletnem premoru vse MLADE IZ DOM\u017dALSKE DEKANIJE zopet vabimo na tradicionalni POHOD Z BAKLAMI na Svetega Mohorja. Pohod bo V PETEK 27. januarja 2023 ob 19.00 na PARKIRI\u0160\u010cU PRI [&hellip;]<\/p>\n","protected":false},"author":2,"featured_media":2366,"comment_status":"closed","ping_status":"closed","sticky":false,"template":"","format":"standard","meta":[],"categories":[48,6,47],"tags":[],"yoast_head":"<!-- This site is optimized with the Yoast SEO plugin v20.5 - https:\/\/yoast.com\/wordpress\/plugins\/seo\/ -->\n<title>POHOD Z BAKLAMI in KONCERT: dekanijski sre\u010danji za mlade - \u017dupnija Menge\u0161<\/title>\n<meta name=\"robots\" content=\"index, follow, max-snippet:-1, max-image-preview:large, max-video-preview:-1\" \/>\n<link rel=\"canonical\" href=\"https:\/\/zupnija-menges.rkc.si\/index.php\/2023\/01\/22\/pohod-z-baklami-in-koncert-dekanijski-srecanji-za-mlade\/\" \/>\n<meta property=\"og:locale\" content=\"sl_SI\" \/>\n<meta property=\"og:type\" content=\"article\" \/>\n<meta property=\"og:title\" content=\"POHOD Z BAKLAMI in KONCERT: dekanijski sre\u010danji za mlade - \u017dupnija Menge\u0161\" \/>\n<meta property=\"og:description\" content=\"Po dvoletnem premoru vse MLADE IZ DOM\u017dALSKE DEKANIJE zopet vabimo na tradicionalni POHOD Z BAKLAMI na Svetega Mohorja. Pohod bo V PETEK 27. januarja 2023 ob 19.00 na PARKIRI\u0160\u010cU PRI [&hellip;]\" \/>\n<meta property=\"og:url\" content=\"https:\/\/zupnija-menges.rkc.si\/index.php\/2023\/01\/22\/pohod-z-baklami-in-koncert-dekanijski-srecanji-za-mlade\/\" \/>\n<meta property=\"og:site_name\" content=\"\u017dupnija Menge\u0161\" \/>\n<meta property=\"article:published_time\" content=\"2023-01-22T16:39:20+00:00\" \/>\n<meta property=\"article:modified_time\" content=\"2023-01-29T10:22:31+00:00\" \/>\n<meta property=\"og:image\" content=\"https:\/\/zupnija-menges.rkc.si\/wp-content\/uploads\/2023\/01\/pohod-z-baklami-e1674405497423.jpg\" \/>\n\t<meta property=\"og:image:width\" content=\"801\" \/>\n\t<meta property=\"og:image:height\" content=\"500\" \/>\n\t<meta property=\"og:image:type\" content=\"image\/jpeg\" \/>\n<meta name=\"author\" content=\"\u017dupnija Menge\u0161\" \/>\n<meta name=\"twitter:card\" content=\"summary_large_image\" \/>\n<meta name=\"twitter:label1\" content=\"Written by\" \/>\n\t<meta name=\"twitter:data1\" content=\"\u017dupnija Menge\u0161\" \/>\n\t<meta name=\"twitter:label2\" content=\"Est. reading time\" \/>\n\t<meta name=\"twitter:data2\" content=\"1 minuta\" \/>\n<script type=\"application\/ld+json\" class=\"yoast-schema-graph\">{\"@context\":\"https:\/\/schema.org\",\"@graph\":[{\"@type\":\"WebPage\",\"@id\":\"https:\/\/zupnija-menges.rkc.si\/index.php\/2023\/01\/22\/pohod-z-baklami-in-koncert-dekanijski-srecanji-za-mlade\/\",\"url\":\"https:\/\/zupnija-menges.rkc.si\/index.php\/2023\/01\/22\/pohod-z-baklami-in-koncert-dekanijski-srecanji-za-mlade\/\",\"name\":\"POHOD Z BAKLAMI in KONCERT: dekanijski sre\u010danji za mlade - \u017dupnija Menge\u0161\",\"isPartOf\":{\"@id\":\"https:\/\/zupnija-menges.rkc.si\/#website\"},\"datePublished\":\"2023-01-22T16:39:20+00:00\",\"dateModified\":\"2023-01-29T10:22:31+00:00\",\"author\":{\"@id\":\"https:\/\/zupnija-menges.rkc.si\/#\/schema\/person\/30a6136b3e62fe0948bbeadab6a011c8\"},\"breadcrumb\":{\"@id\":\"https:\/\/zupnija-menges.rkc.si\/index.php\/2023\/01\/22\/pohod-z-baklami-in-koncert-dekanijski-srecanji-za-mlade\/#breadcrumb\"},\"inLanguage\":\"sl-SI\",\"potentialAction\":[{\"@type\":\"ReadAction\",\"target\":[\"https:\/\/zupnija-menges.rkc.si\/index.php\/2023\/01\/22\/pohod-z-baklami-in-koncert-dekanijski-srecanji-za-mlade\/\"]}]},{\"@type\":\"BreadcrumbList\",\"@id\":\"https:\/\/zupnija-menges.rkc.si\/index.php\/2023\/01\/22\/pohod-z-baklami-in-koncert-dekanijski-srecanji-za-mlade\/#breadcrumb\",\"itemListElement\":[{\"@type\":\"ListItem\",\"position\":1,\"name\":\"Home\",\"item\":\"https:\/\/zupnija-menges.rkc.si\/\"},{\"@type\":\"ListItem\",\"position\":2,\"name\":\"POHOD Z BAKLAMI in KONCERT: dekanijski sre\u010danji za mlade\"}]},{\"@type\":\"WebSite\",\"@id\":\"https:\/\/zupnija-menges.rkc.si\/#website\",\"url\":\"https:\/\/zupnija-menges.rkc.si\/\",\"name\":\"\u017dupnija Menge\u0161\",\"description\":\"\",\"potentialAction\":[{\"@type\":\"SearchAction\",\"target\":{\"@type\":\"EntryPoint\",\"urlTemplate\":\"https:\/\/zupnija-menges.rkc.si\/?s={search_term_string}\"},\"query-input\":\"required name=search_term_string\"}],\"inLanguage\":\"sl-SI\"},{\"@type\":\"Person\",\"@id\":\"https:\/\/zupnija-menges.rkc.si\/#\/schema\/person\/30a6136b3e62fe0948bbeadab6a011c8\",\"name\":\"\u017dupnija Menge\u0161\",\"image\":{\"@type\":\"ImageObject\",\"inLanguage\":\"sl-SI\",\"@id\":\"https:\/\/zupnija-menges.rkc.si\/#\/schema\/person\/image\/\",\"url\":\"https:\/\/secure.gravatar.com\/avatar\/5ab28e97e020e17154731a602459bd9e?s=96&d=mm&r=g\",\"contentUrl\":\"https:\/\/secure.gravatar.com\/avatar\/5ab28e97e020e17154731a602459bd9e?s=96&d=mm&r=g\",\"caption\":\"\u017dupnija Menge\u0161\"},\"url\":\"https:\/\/zupnija-menges.rkc.si\/index.php\/author\/zumenges\/\"}]}<\/script>\n<!-- \/ Yoast SEO plugin. -->","yoast_head_json":{"title":"POHOD Z BAKLAMI in KONCERT: dekanijski sre\u010danji za mlade - \u017dupnija Menge\u0161","robots":{"index":"index","follow":"follow","max-snippet":"max-snippet:-1","max-image-preview":"max-image-preview:large","max-video-preview":"max-video-preview:-1"},"canonical":"https:\/\/zupnija-menges.rkc.si\/index.php\/2023\/01\/22\/pohod-z-baklami-in-koncert-dekanijski-srecanji-za-mlade\/","og_locale":"sl_SI","og_type":"article","og_title":"POHOD Z BAKLAMI in KONCERT: dekanijski sre\u010danji za mlade - \u017dupnija Menge\u0161","og_description":"Po dvoletnem premoru vse MLADE IZ DOM\u017dALSKE DEKANIJE zopet vabimo na tradicionalni POHOD Z BAKLAMI na Svetega Mohorja. Pohod bo V PETEK 27. januarja 2023 ob 19.00 na PARKIRI\u0160\u010cU PRI [&hellip;]","og_url":"https:\/\/zupnija-menges.rkc.si\/index.php\/2023\/01\/22\/pohod-z-baklami-in-koncert-dekanijski-srecanji-za-mlade\/","og_site_name":"\u017dupnija Menge\u0161","article_published_time":"2023-01-22T16:39:20+00:00","article_modified_time":"2023-01-29T10:22:31+00:00","og_image":[{"width":801,"height":500,"url":"https:\/\/zupnija-menges.rkc.si\/wp-content\/uploads\/2023\/01\/pohod-z-baklami-e1674405497423.jpg","type":"image\/jpeg"}],"author":"\u017dupnija Menge\u0161","twitter_card":"summary_large_image","twitter_misc":{"Written by":"\u017dupnija Menge\u0161","Est. reading time":"1 minuta"},"schema":{"@context":"https:\/\/schema.org","@graph":[{"@type":"WebPage","@id":"https:\/\/zupnija-menges.rkc.si\/index.php\/2023\/01\/22\/pohod-z-baklami-in-koncert-dekanijski-srecanji-za-mlade\/","url":"https:\/\/zupnija-menges.rkc.si\/index.php\/2023\/01\/22\/pohod-z-baklami-in-koncert-dekanijski-srecanji-za-mlade\/","name":"POHOD Z BAKLAMI in KONCERT: dekanijski sre\u010danji za mlade - \u017dupnija Menge\u0161","isPartOf":{"@id":"https:\/\/zupnija-menges.rkc.si\/#website"},"datePublished":"2023-01-22T16:39:20+00:00","dateModified":"2023-01-29T10:22:31+00:00","author":{"@id":"https:\/\/zupnija-menges.rkc.si\/#\/schema\/person\/30a6136b3e62fe0948bbeadab6a011c8"},"breadcrumb":{"@id":"https:\/\/zupnija-menges.rkc.si\/index.php\/2023\/01\/22\/pohod-z-baklami-in-koncert-dekanijski-srecanji-za-mlade\/#breadcrumb"},"inLanguage":"sl-SI","potentialAction":[{"@type":"ReadAction","target":["https:\/\/zupnija-menges.rkc.si\/index.php\/2023\/01\/22\/pohod-z-baklami-in-koncert-dekanijski-srecanji-za-mlade\/"]}]},{"@type":"BreadcrumbList","@id":"https:\/\/zupnija-menges.rkc.si\/index.php\/2023\/01\/22\/pohod-z-baklami-in-koncert-dekanijski-srecanji-za-mlade\/#breadcrumb","itemListElement":[{"@type":"ListItem","position":1,"name":"Home","item":"https:\/\/zupnija-menges.rkc.si\/"},{"@type":"ListItem","position":2,"name":"POHOD Z BAKLAMI in KONCERT: dekanijski sre\u010danji za mlade"}]},{"@type":"WebSite","@id":"https:\/\/zupnija-menges.rkc.si\/#website","url":"https:\/\/zupnija-menges.rkc.si\/","name":"\u017dupnija Menge\u0161","description":"","potentialAction":[{"@type":"SearchAction","target":{"@type":"EntryPoint","urlTemplate":"https:\/\/zupnija-menges.rkc.si\/?s={search_term_string}"},"query-input":"required name=search_term_string"}],"inLanguage":"sl-SI"},{"@type":"Person","@id":"https:\/\/zupnija-menges.rkc.si\/#\/schema\/person\/30a6136b3e62fe0948bbeadab6a011c8","name":"\u017dupnija Menge\u0161","image":{"@type":"ImageObject","inLanguage":"sl-SI","@id":"https:\/\/zupnija-menges.rkc.si\/#\/schema\/person\/image\/","url":"https:\/\/secure.gravatar.com\/avatar\/5ab28e97e020e17154731a602459bd9e?s=96&d=mm&r=g","contentUrl":"https:\/\/secure.gravatar.com\/avatar\/5ab28e97e020e17154731a602459bd9e?s=96&d=mm&r=g","caption":"\u017dupnija Menge\u0161"},"url":"https:\/\/zupnija-menges.rkc.si\/index.php\/author\/zumenges\/"}]}},"_links":{"self":[{"href":"https:\/\/zupnija-menges.rkc.si\/index.php\/wp-json\/wp\/v2\/posts\/2363"}],"collection":[{"href":"https:\/\/zupnija-menges.rkc.si\/index.php\/wp-json\/wp\/v2\/posts"}],"about":[{"href":"https:\/\/zupnija-menges.rkc.si\/index.php\/wp-json\/wp\/v2\/types\/post"}],"author":[{"embeddable":true,"href":"https:\/\/zupnija-menges.rkc.si\/index.php\/wp-json\/wp\/v2\/users\/2"}],"replies":[{"embeddable":true,"href":"https:\/\/zupnija-menges.rkc.si\/index.php\/wp-json\/wp\/v2\/comments?post=2363"}],"version-history":[{"count":1,"href":"https:\/\/zupnija-menges.rkc.si\/index.php\/wp-json\/wp\/v2\/posts\/2363\/revisions"}],"predecessor-version":[{"id":2367,"href":"https:\/\/zupnija-menges.rkc.si\/index.php\/wp-json\/wp\/v2\/posts\/2363\/revisions\/2367"}],"wp:featuredmedia":[{"embeddable":true,"href":"https:\/\/zupnija-menges.rkc.si\/index.php\/wp-json\/wp\/v2\/media\/2366"}],"wp:attachment":[{"href":"https:\/\/zupnija-menges.rkc.si\/index.php\/wp-json\/wp\/v2\/media?parent=2363"}],"wp:term":[{"taxonomy":"category","embeddable":true,"href":"https:\/\/zupnija-menges.rkc.si\/index.php\/wp-json\/wp\/v2\/categories?post=2363"},{"taxonomy":"post_tag","embeddable":true,"href":"https:\/\/zupnija-menges.rkc.si\/index.php\/wp-json\/wp\/v2\/tags?post=2363"}],"curies":[{"name":"wp","href":"https:\/\/api.w.org\/{rel}","templated":true}]}}