{"id":2089,"date":"2022-06-13T01:02:53","date_gmt":"2022-06-13T01:02:53","guid":{"rendered":"https:\/\/zupnija-menges.rkc.si\/?p=2089"},"modified":"2022-06-19T19:29:49","modified_gmt":"2022-06-19T19:29:49","slug":"oznanila-sveta-trojica-2","status":"publish","type":"post","link":"https:\/\/zupnija-menges.rkc.si\/index.php\/2022\/06\/13\/oznanila-sveta-trojica-2\/","title":{"rendered":"OZNANILA: Sveta Trojica"},"content":{"rendered":"\n<div class=\"wp-block-image\"><figure class=\"aligncenter size-large\"><img decoding=\"async\" loading=\"lazy\" width=\"300\" height=\"397\" src=\"https:\/\/zupnija-menges.rkc.si\/wp-content\/uploads\/2020\/06\/580px-Saint_Trinity-e1591477637660.jpg\" alt=\"\" class=\"wp-image-1222\"\/><figcaption>Sveta Trojica<\/figcaption><\/figure><\/div>\n\n\n\n<p>Za \u010di\u0161\u010denje in kra\u0161enje cerkve se zahvaljujem skupini iz Malega Meng\u0161a vzhodno od Liparjeve. Prihodnjo soboto je na vrsti skupina iz Topol.<\/p>\n\n\n\n<p>Umrl je Slavko Zabret iz Topol. Pogreb bo v ponedeljek ob 16.00 uri. Gospod, daj mu ve\u010dni mir in pokoj. Ve\u010dna lu\u010d naj mu sveti. Naj po\u010diva v miru.<\/p>\n\n\n\n<p>V torek po sveti ma\u0161i bo seja \u017dPS. Vabljeni.<\/p>\n\n\n\n<p>V sredo ob 18.00 bo molitev pred Najsvetej\u0161im.<\/p>\n\n\n\n<p>V \u010detrtek bo slovesni in zapovedani praznik Svetega Re\u0161njega Telesa in Svete Re\u0161nje Krvi. Sveti ma\u0161i bosta ob 8.00 in 19.00.<\/p>\n\n\n\n<p>V soboto 18. 6. bo na Brezjah 54. narodno romanje bolnikov, invalidov in starej\u0161ih. Prijave sprejemamo \u0161e do torka 14. 6. do 22.00 ure. Cena prevoza je 10 \u20ac. Uro odhoda boste izvedeli po telefonu vsaj dan pred odhodom. Odhod bo na avtobusni postaji pred gasilsko godbenim domom.<\/p>\n\n\n\n<p>Prihodnja nedelja bo 12. navadna nedelja med letom. Po jutranji sveti ma\u0161i, ki je ob 8.00 bo procesija Svetega Re\u0161njega Telesa.<\/p>\n\n\n\n<figure class=\"wp-block-image size-large is-resized\"><img decoding=\"async\" loading=\"lazy\" src=\"https:\/\/zupnija-menges.rkc.si\/wp-content\/uploads\/2022\/06\/ma\u0161e-23-22-791x1024.jpg\" alt=\"\" class=\"wp-image-2090\" width=\"635\" height=\"821\" srcset=\"https:\/\/zupnija-menges.rkc.si\/wp-content\/uploads\/2022\/06\/ma\u0161e-23-22-791x1024.jpg 791w, https:\/\/zupnija-menges.rkc.si\/wp-content\/uploads\/2022\/06\/ma\u0161e-23-22-232x300.jpg 232w, https:\/\/zupnija-menges.rkc.si\/wp-content\/uploads\/2022\/06\/ma\u0161e-23-22-768x994.jpg 768w, https:\/\/zupnija-menges.rkc.si\/wp-content\/uploads\/2022\/06\/ma\u0161e-23-22-1187x1536.jpg 1187w, https:\/\/zupnija-menges.rkc.si\/wp-content\/uploads\/2022\/06\/ma\u0161e-23-22-1583x2048.jpg 1583w, https:\/\/zupnija-menges.rkc.si\/wp-content\/uploads\/2022\/06\/ma\u0161e-23-22-830x1074.jpg 830w, https:\/\/zupnija-menges.rkc.si\/wp-content\/uploads\/2022\/06\/ma\u0161e-23-22-230x298.jpg 230w, https:\/\/zupnija-menges.rkc.si\/wp-content\/uploads\/2022\/06\/ma\u0161e-23-22-350x453.jpg 350w, https:\/\/zupnija-menges.rkc.si\/wp-content\/uploads\/2022\/06\/ma\u0161e-23-22-480x621.jpg 480w, https:\/\/zupnija-menges.rkc.si\/wp-content\/uploads\/2022\/06\/ma\u0161e-23-22-scaled.jpg 1978w\" sizes=\"(max-width: 635px) 100vw, 635px\" \/><\/figure>\n","protected":false},"excerpt":{"rendered":"<p>Za \u010di\u0161\u010denje in kra\u0161enje cerkve se zahvaljujem skupini iz Malega Meng\u0161a vzhodno od Liparjeve. Prihodnjo soboto je na vrsti skupina iz Topol. Umrl je Slavko Zabret iz Topol. Pogreb bo [&hellip;]<\/p>\n","protected":false},"author":2,"featured_media":1222,"comment_status":"closed","ping_status":"closed","sticky":false,"template":"","format":"standard","meta":[],"categories":[3],"tags":[],"yoast_head":"<!-- This site is optimized with the Yoast SEO plugin v20.5 - https:\/\/yoast.com\/wordpress\/plugins\/seo\/ -->\n<title>OZNANILA: Sveta Trojica - \u017dupnija Menge\u0161<\/title>\n<meta name=\"robots\" content=\"index, follow, max-snippet:-1, max-image-preview:large, max-video-preview:-1\" \/>\n<link rel=\"canonical\" href=\"https:\/\/zupnija-menges.rkc.si\/index.php\/2022\/06\/13\/oznanila-sveta-trojica-2\/\" \/>\n<meta property=\"og:locale\" content=\"sl_SI\" \/>\n<meta property=\"og:type\" content=\"article\" \/>\n<meta property=\"og:title\" content=\"OZNANILA: Sveta Trojica - \u017dupnija Menge\u0161\" \/>\n<meta property=\"og:description\" content=\"Za \u010di\u0161\u010denje in kra\u0161enje cerkve se zahvaljujem skupini iz Malega Meng\u0161a vzhodno od Liparjeve. Prihodnjo soboto je na vrsti skupina iz Topol. Umrl je Slavko Zabret iz Topol. Pogreb bo [&hellip;]\" \/>\n<meta property=\"og:url\" content=\"https:\/\/zupnija-menges.rkc.si\/index.php\/2022\/06\/13\/oznanila-sveta-trojica-2\/\" \/>\n<meta property=\"og:site_name\" content=\"\u017dupnija Menge\u0161\" \/>\n<meta property=\"article:published_time\" content=\"2022-06-13T01:02:53+00:00\" \/>\n<meta property=\"article:modified_time\" content=\"2022-06-19T19:29:49+00:00\" \/>\n<meta property=\"og:image\" content=\"https:\/\/zupnija-menges.rkc.si\/wp-content\/uploads\/2020\/06\/580px-Saint_Trinity-e1591477637660.jpg\" \/>\n\t<meta property=\"og:image:width\" content=\"300\" \/>\n\t<meta property=\"og:image:height\" content=\"397\" \/>\n\t<meta property=\"og:image:type\" content=\"image\/jpeg\" \/>\n<meta name=\"author\" content=\"\u017dupnija Menge\u0161\" \/>\n<meta name=\"twitter:card\" content=\"summary_large_image\" \/>\n<meta name=\"twitter:label1\" content=\"Written by\" \/>\n\t<meta name=\"twitter:data1\" content=\"\u017dupnija Menge\u0161\" \/>\n\t<meta name=\"twitter:label2\" content=\"Est. reading time\" \/>\n\t<meta name=\"twitter:data2\" content=\"1 minuta\" \/>\n<script type=\"application\/ld+json\" class=\"yoast-schema-graph\">{\"@context\":\"https:\/\/schema.org\",\"@graph\":[{\"@type\":\"WebPage\",\"@id\":\"https:\/\/zupnija-menges.rkc.si\/index.php\/2022\/06\/13\/oznanila-sveta-trojica-2\/\",\"url\":\"https:\/\/zupnija-menges.rkc.si\/index.php\/2022\/06\/13\/oznanila-sveta-trojica-2\/\",\"name\":\"OZNANILA: Sveta Trojica - \u017dupnija Menge\u0161\",\"isPartOf\":{\"@id\":\"https:\/\/zupnija-menges.rkc.si\/#website\"},\"datePublished\":\"2022-06-13T01:02:53+00:00\",\"dateModified\":\"2022-06-19T19:29:49+00:00\",\"author\":{\"@id\":\"https:\/\/zupnija-menges.rkc.si\/#\/schema\/person\/30a6136b3e62fe0948bbeadab6a011c8\"},\"breadcrumb\":{\"@id\":\"https:\/\/zupnija-menges.rkc.si\/index.php\/2022\/06\/13\/oznanila-sveta-trojica-2\/#breadcrumb\"},\"inLanguage\":\"sl-SI\",\"potentialAction\":[{\"@type\":\"ReadAction\",\"target\":[\"https:\/\/zupnija-menges.rkc.si\/index.php\/2022\/06\/13\/oznanila-sveta-trojica-2\/\"]}]},{\"@type\":\"BreadcrumbList\",\"@id\":\"https:\/\/zupnija-menges.rkc.si\/index.php\/2022\/06\/13\/oznanila-sveta-trojica-2\/#breadcrumb\",\"itemListElement\":[{\"@type\":\"ListItem\",\"position\":1,\"name\":\"Home\",\"item\":\"https:\/\/zupnija-menges.rkc.si\/\"},{\"@type\":\"ListItem\",\"position\":2,\"name\":\"OZNANILA: Sveta Trojica\"}]},{\"@type\":\"WebSite\",\"@id\":\"https:\/\/zupnija-menges.rkc.si\/#website\",\"url\":\"https:\/\/zupnija-menges.rkc.si\/\",\"name\":\"\u017dupnija Menge\u0161\",\"description\":\"\",\"potentialAction\":[{\"@type\":\"SearchAction\",\"target\":{\"@type\":\"EntryPoint\",\"urlTemplate\":\"https:\/\/zupnija-menges.rkc.si\/?s={search_term_string}\"},\"query-input\":\"required name=search_term_string\"}],\"inLanguage\":\"sl-SI\"},{\"@type\":\"Person\",\"@id\":\"https:\/\/zupnija-menges.rkc.si\/#\/schema\/person\/30a6136b3e62fe0948bbeadab6a011c8\",\"name\":\"\u017dupnija Menge\u0161\",\"image\":{\"@type\":\"ImageObject\",\"inLanguage\":\"sl-SI\",\"@id\":\"https:\/\/zupnija-menges.rkc.si\/#\/schema\/person\/image\/\",\"url\":\"https:\/\/secure.gravatar.com\/avatar\/5ab28e97e020e17154731a602459bd9e?s=96&d=mm&r=g\",\"contentUrl\":\"https:\/\/secure.gravatar.com\/avatar\/5ab28e97e020e17154731a602459bd9e?s=96&d=mm&r=g\",\"caption\":\"\u017dupnija Menge\u0161\"},\"url\":\"https:\/\/zupnija-menges.rkc.si\/index.php\/author\/zumenges\/\"}]}<\/script>\n<!-- \/ Yoast SEO plugin. -->","yoast_head_json":{"title":"OZNANILA: Sveta Trojica - \u017dupnija Menge\u0161","robots":{"index":"index","follow":"follow","max-snippet":"max-snippet:-1","max-image-preview":"max-image-preview:large","max-video-preview":"max-video-preview:-1"},"canonical":"https:\/\/zupnija-menges.rkc.si\/index.php\/2022\/06\/13\/oznanila-sveta-trojica-2\/","og_locale":"sl_SI","og_type":"article","og_title":"OZNANILA: Sveta Trojica - \u017dupnija Menge\u0161","og_description":"Za \u010di\u0161\u010denje in kra\u0161enje cerkve se zahvaljujem skupini iz Malega Meng\u0161a vzhodno od Liparjeve. Prihodnjo soboto je na vrsti skupina iz Topol. Umrl je Slavko Zabret iz Topol. Pogreb bo [&hellip;]","og_url":"https:\/\/zupnija-menges.rkc.si\/index.php\/2022\/06\/13\/oznanila-sveta-trojica-2\/","og_site_name":"\u017dupnija Menge\u0161","article_published_time":"2022-06-13T01:02:53+00:00","article_modified_time":"2022-06-19T19:29:49+00:00","og_image":[{"width":300,"height":397,"url":"https:\/\/zupnija-menges.rkc.si\/wp-content\/uploads\/2020\/06\/580px-Saint_Trinity-e1591477637660.jpg","type":"image\/jpeg"}],"author":"\u017dupnija Menge\u0161","twitter_card":"summary_large_image","twitter_misc":{"Written by":"\u017dupnija Menge\u0161","Est. reading time":"1 minuta"},"schema":{"@context":"https:\/\/schema.org","@graph":[{"@type":"WebPage","@id":"https:\/\/zupnija-menges.rkc.si\/index.php\/2022\/06\/13\/oznanila-sveta-trojica-2\/","url":"https:\/\/zupnija-menges.rkc.si\/index.php\/2022\/06\/13\/oznanila-sveta-trojica-2\/","name":"OZNANILA: Sveta Trojica - \u017dupnija Menge\u0161","isPartOf":{"@id":"https:\/\/zupnija-menges.rkc.si\/#website"},"datePublished":"2022-06-13T01:02:53+00:00","dateModified":"2022-06-19T19:29:49+00:00","author":{"@id":"https:\/\/zupnija-menges.rkc.si\/#\/schema\/person\/30a6136b3e62fe0948bbeadab6a011c8"},"breadcrumb":{"@id":"https:\/\/zupnija-menges.rkc.si\/index.php\/2022\/06\/13\/oznanila-sveta-trojica-2\/#breadcrumb"},"inLanguage":"sl-SI","potentialAction":[{"@type":"ReadAction","target":["https:\/\/zupnija-menges.rkc.si\/index.php\/2022\/06\/13\/oznanila-sveta-trojica-2\/"]}]},{"@type":"BreadcrumbList","@id":"https:\/\/zupnija-menges.rkc.si\/index.php\/2022\/06\/13\/oznanila-sveta-trojica-2\/#breadcrumb","itemListElement":[{"@type":"ListItem","position":1,"name":"Home","item":"https:\/\/zupnija-menges.rkc.si\/"},{"@type":"ListItem","position":2,"name":"OZNANILA: Sveta Trojica"}]},{"@type":"WebSite","@id":"https:\/\/zupnija-menges.rkc.si\/#website","url":"https:\/\/zupnija-menges.rkc.si\/","name":"\u017dupnija Menge\u0161","description":"","potentialAction":[{"@type":"SearchAction","target":{"@type":"EntryPoint","urlTemplate":"https:\/\/zupnija-menges.rkc.si\/?s={search_term_string}"},"query-input":"required name=search_term_string"}],"inLanguage":"sl-SI"},{"@type":"Person","@id":"https:\/\/zupnija-menges.rkc.si\/#\/schema\/person\/30a6136b3e62fe0948bbeadab6a011c8","name":"\u017dupnija Menge\u0161","image":{"@type":"ImageObject","inLanguage":"sl-SI","@id":"https:\/\/zupnija-menges.rkc.si\/#\/schema\/person\/image\/","url":"https:\/\/secure.gravatar.com\/avatar\/5ab28e97e020e17154731a602459bd9e?s=96&d=mm&r=g","contentUrl":"https:\/\/secure.gravatar.com\/avatar\/5ab28e97e020e17154731a602459bd9e?s=96&d=mm&r=g","caption":"\u017dupnija Menge\u0161"},"url":"https:\/\/zupnija-menges.rkc.si\/index.php\/author\/zumenges\/"}]}},"_links":{"self":[{"href":"https:\/\/zupnija-menges.rkc.si\/index.php\/wp-json\/wp\/v2\/posts\/2089"}],"collection":[{"href":"https:\/\/zupnija-menges.rkc.si\/index.php\/wp-json\/wp\/v2\/posts"}],"about":[{"href":"https:\/\/zupnija-menges.rkc.si\/index.php\/wp-json\/wp\/v2\/types\/post"}],"author":[{"embeddable":true,"href":"https:\/\/zupnija-menges.rkc.si\/index.php\/wp-json\/wp\/v2\/users\/2"}],"replies":[{"embeddable":true,"href":"https:\/\/zupnija-menges.rkc.si\/index.php\/wp-json\/wp\/v2\/comments?post=2089"}],"version-history":[{"count":1,"href":"https:\/\/zupnija-menges.rkc.si\/index.php\/wp-json\/wp\/v2\/posts\/2089\/revisions"}],"predecessor-version":[{"id":2091,"href":"https:\/\/zupnija-menges.rkc.si\/index.php\/wp-json\/wp\/v2\/posts\/2089\/revisions\/2091"}],"wp:featuredmedia":[{"embeddable":true,"href":"https:\/\/zupnija-menges.rkc.si\/index.php\/wp-json\/wp\/v2\/media\/1222"}],"wp:attachment":[{"href":"https:\/\/zupnija-menges.rkc.si\/index.php\/wp-json\/wp\/v2\/media?parent=2089"}],"wp:term":[{"taxonomy":"category","embeddable":true,"href":"https:\/\/zupnija-menges.rkc.si\/index.php\/wp-json\/wp\/v2\/categories?post=2089"},{"taxonomy":"post_tag","embeddable":true,"href":"https:\/\/zupnija-menges.rkc.si\/index.php\/wp-json\/wp\/v2\/tags?post=2089"}],"curies":[{"name":"wp","href":"https:\/\/api.w.org\/{rel}","templated":true}]}}