{"id":2020,"date":"2022-04-11T08:17:30","date_gmt":"2022-04-11T08:17:30","guid":{"rendered":"https:\/\/zupnija-menges.rkc.si\/?p=2020"},"modified":"2022-04-17T18:34:07","modified_gmt":"2022-04-17T18:34:07","slug":"oznanila-cvetna-nedelja","status":"publish","type":"post","link":"https:\/\/zupnija-menges.rkc.si\/index.php\/2022\/04\/11\/oznanila-cvetna-nedelja\/","title":{"rendered":"OZNANILA: cvetna nedelja"},"content":{"rendered":"\n<div class=\"wp-block-image\"><figure class=\"aligncenter size-large is-resized\"><img decoding=\"async\" loading=\"lazy\" src=\"https:\/\/zupnija-menges.rkc.si\/wp-content\/uploads\/2019\/04\/DSC04740-684x1024.jpg\" alt=\"\" class=\"wp-image-681\" width=\"306\" height=\"458\"\/><\/figure><\/div>\n\n\n\n<p>Za \u010di\u0161\u010denje cerkve in \u017eupnijskega doma se zahvaljujem vsem, ki ste pri\u0161li. V \u010detrtek 14. aprila zjutraj&nbsp;naj pride \u0161e skupina iz Velikega Meng\u0161a severno od Pre\u0161ernove in Kolodvorske.<\/p>\n\n\n\n<p>Iz\u0161la je nova \u0161tevilka Dru\u017eine. V njej pi\u0161e o \u017eupniji Vipava. Iz\u0161la so nova Misijonska obzorja. Iz\u0161la je revija V Materini \u0161oli. Iz\u0161la je revija Don Bosko.<\/p>\n\n\n\n<p>Do tretjega maja ni verouka. Povabljeni k obredom velikega tedna.<\/p>\n\n\n\n<p>V ponedeljek bo obisk bolnikov po domovih. <\/p>\n\n\n\n<p>V sredo bo za\u010detek birmanske 9-dnevnice. <\/p>\n\n\n\n<p>V \u010detrtek se bodo predstavili leto\u0161nji prvoobhajanci.<\/p>\n\n\n\n<p>V petek je strogi post. Ob 15.00 bo kri\u017eev pot.<\/p>\n\n\n\n<p>V soboto ob 6.00 bo blagoslov ognja in vode. Od 6.30 \u010de\u0161\u010denje pri bo\u017ejem grobu. Napi\u0161ite se v razpredelnico (v cerkvi pri stranskem oltarju), da Jezus ne bo sameval. Od 9.30 \u2013 10.00 vabljeni verou\u010denci. Od 14.20 do 17.15 bodo blagoslovi jedil. Ob 20.30 bo velikono\u010dna vigilija.<\/p>\n\n\n\n<p>Na veliko no\u010d ob 6.00 bo vstajenjska procesija, sledi sveta ma\u0161a. Prazni\u010dni ma\u0161i bosta \u0161e ob 10.00 in 19.00.<\/p>\n\n\n\n<p>V \u010detrtek bo nabirka za Ukrajino. V petek ob bo\u017ejem grobu za kristjane v sveti de\u017eeli. Darovi ob blagoslovu velikono\u010dnih jedil so za doma\u010da duhovnika. Na veliko no\u010d bo ofer za stro\u0161ke fasade.<\/p>\n\n\n\n<p>Spoved je pol ure pred vsako sveto ma\u0161o.<\/p>\n\n\n\n<figure class=\"wp-block-image size-large is-resized\"><img decoding=\"async\" loading=\"lazy\" src=\"https:\/\/zupnija-menges.rkc.si\/wp-content\/uploads\/2022\/04\/ma\u0161e-14-222-791x1024.jpg\" alt=\"\" class=\"wp-image-2021\" width=\"643\" height=\"832\" srcset=\"https:\/\/zupnija-menges.rkc.si\/wp-content\/uploads\/2022\/04\/ma\u0161e-14-222-791x1024.jpg 791w, https:\/\/zupnija-menges.rkc.si\/wp-content\/uploads\/2022\/04\/ma\u0161e-14-222-232x300.jpg 232w, https:\/\/zupnija-menges.rkc.si\/wp-content\/uploads\/2022\/04\/ma\u0161e-14-222-768x994.jpg 768w, https:\/\/zupnija-menges.rkc.si\/wp-content\/uploads\/2022\/04\/ma\u0161e-14-222-1187x1536.jpg 1187w, https:\/\/zupnija-menges.rkc.si\/wp-content\/uploads\/2022\/04\/ma\u0161e-14-222-1583x2048.jpg 1583w, https:\/\/zupnija-menges.rkc.si\/wp-content\/uploads\/2022\/04\/ma\u0161e-14-222-830x1074.jpg 830w, https:\/\/zupnija-menges.rkc.si\/wp-content\/uploads\/2022\/04\/ma\u0161e-14-222-230x298.jpg 230w, https:\/\/zupnija-menges.rkc.si\/wp-content\/uploads\/2022\/04\/ma\u0161e-14-222-350x453.jpg 350w, https:\/\/zupnija-menges.rkc.si\/wp-content\/uploads\/2022\/04\/ma\u0161e-14-222-480x621.jpg 480w, https:\/\/zupnija-menges.rkc.si\/wp-content\/uploads\/2022\/04\/ma\u0161e-14-222-scaled.jpg 1978w\" sizes=\"(max-width: 643px) 100vw, 643px\" \/><\/figure>\n","protected":false},"excerpt":{"rendered":"<p>Za \u010di\u0161\u010denje cerkve in \u017eupnijskega doma se zahvaljujem vsem, ki ste pri\u0161li. V \u010detrtek 14. aprila zjutraj&nbsp;naj pride \u0161e skupina iz Velikega Meng\u0161a severno od Pre\u0161ernove in Kolodvorske. Iz\u0161la je [&hellip;]<\/p>\n","protected":false},"author":2,"featured_media":681,"comment_status":"closed","ping_status":"closed","sticky":false,"template":"","format":"standard","meta":[],"categories":[3],"tags":[],"yoast_head":"<!-- This site is optimized with the Yoast SEO plugin v20.5 - https:\/\/yoast.com\/wordpress\/plugins\/seo\/ -->\n<title>OZNANILA: cvetna nedelja - \u017dupnija Menge\u0161<\/title>\n<meta name=\"robots\" content=\"index, follow, max-snippet:-1, max-image-preview:large, max-video-preview:-1\" \/>\n<link rel=\"canonical\" href=\"https:\/\/zupnija-menges.rkc.si\/index.php\/2022\/04\/11\/oznanila-cvetna-nedelja\/\" \/>\n<meta property=\"og:locale\" content=\"sl_SI\" \/>\n<meta property=\"og:type\" content=\"article\" \/>\n<meta property=\"og:title\" content=\"OZNANILA: cvetna nedelja - \u017dupnija Menge\u0161\" \/>\n<meta property=\"og:description\" content=\"Za \u010di\u0161\u010denje cerkve in \u017eupnijskega doma se zahvaljujem vsem, ki ste pri\u0161li. V \u010detrtek 14. aprila zjutraj&nbsp;naj pride \u0161e skupina iz Velikega Meng\u0161a severno od Pre\u0161ernove in Kolodvorske. Iz\u0161la je [&hellip;]\" \/>\n<meta property=\"og:url\" content=\"https:\/\/zupnija-menges.rkc.si\/index.php\/2022\/04\/11\/oznanila-cvetna-nedelja\/\" \/>\n<meta property=\"og:site_name\" content=\"\u017dupnija Menge\u0161\" \/>\n<meta property=\"article:published_time\" content=\"2022-04-11T08:17:30+00:00\" \/>\n<meta property=\"article:modified_time\" content=\"2022-04-17T18:34:07+00:00\" \/>\n<meta property=\"og:image\" content=\"https:\/\/zupnija-menges.rkc.si\/wp-content\/uploads\/2019\/04\/DSC04740-e1555336381482.jpg\" \/>\n\t<meta property=\"og:image:width\" content=\"300\" \/>\n\t<meta property=\"og:image:height\" content=\"449\" \/>\n\t<meta property=\"og:image:type\" content=\"image\/jpeg\" \/>\n<meta name=\"author\" content=\"\u017dupnija Menge\u0161\" \/>\n<meta name=\"twitter:card\" content=\"summary_large_image\" \/>\n<meta name=\"twitter:label1\" content=\"Written by\" \/>\n\t<meta name=\"twitter:data1\" content=\"\u017dupnija Menge\u0161\" \/>\n\t<meta name=\"twitter:label2\" content=\"Est. reading time\" \/>\n\t<meta name=\"twitter:data2\" content=\"1 minuta\" \/>\n<script type=\"application\/ld+json\" class=\"yoast-schema-graph\">{\"@context\":\"https:\/\/schema.org\",\"@graph\":[{\"@type\":\"WebPage\",\"@id\":\"https:\/\/zupnija-menges.rkc.si\/index.php\/2022\/04\/11\/oznanila-cvetna-nedelja\/\",\"url\":\"https:\/\/zupnija-menges.rkc.si\/index.php\/2022\/04\/11\/oznanila-cvetna-nedelja\/\",\"name\":\"OZNANILA: cvetna nedelja - \u017dupnija Menge\u0161\",\"isPartOf\":{\"@id\":\"https:\/\/zupnija-menges.rkc.si\/#website\"},\"datePublished\":\"2022-04-11T08:17:30+00:00\",\"dateModified\":\"2022-04-17T18:34:07+00:00\",\"author\":{\"@id\":\"https:\/\/zupnija-menges.rkc.si\/#\/schema\/person\/30a6136b3e62fe0948bbeadab6a011c8\"},\"breadcrumb\":{\"@id\":\"https:\/\/zupnija-menges.rkc.si\/index.php\/2022\/04\/11\/oznanila-cvetna-nedelja\/#breadcrumb\"},\"inLanguage\":\"sl-SI\",\"potentialAction\":[{\"@type\":\"ReadAction\",\"target\":[\"https:\/\/zupnija-menges.rkc.si\/index.php\/2022\/04\/11\/oznanila-cvetna-nedelja\/\"]}]},{\"@type\":\"BreadcrumbList\",\"@id\":\"https:\/\/zupnija-menges.rkc.si\/index.php\/2022\/04\/11\/oznanila-cvetna-nedelja\/#breadcrumb\",\"itemListElement\":[{\"@type\":\"ListItem\",\"position\":1,\"name\":\"Home\",\"item\":\"https:\/\/zupnija-menges.rkc.si\/\"},{\"@type\":\"ListItem\",\"position\":2,\"name\":\"OZNANILA: cvetna nedelja\"}]},{\"@type\":\"WebSite\",\"@id\":\"https:\/\/zupnija-menges.rkc.si\/#website\",\"url\":\"https:\/\/zupnija-menges.rkc.si\/\",\"name\":\"\u017dupnija Menge\u0161\",\"description\":\"\",\"potentialAction\":[{\"@type\":\"SearchAction\",\"target\":{\"@type\":\"EntryPoint\",\"urlTemplate\":\"https:\/\/zupnija-menges.rkc.si\/?s={search_term_string}\"},\"query-input\":\"required name=search_term_string\"}],\"inLanguage\":\"sl-SI\"},{\"@type\":\"Person\",\"@id\":\"https:\/\/zupnija-menges.rkc.si\/#\/schema\/person\/30a6136b3e62fe0948bbeadab6a011c8\",\"name\":\"\u017dupnija Menge\u0161\",\"image\":{\"@type\":\"ImageObject\",\"inLanguage\":\"sl-SI\",\"@id\":\"https:\/\/zupnija-menges.rkc.si\/#\/schema\/person\/image\/\",\"url\":\"https:\/\/secure.gravatar.com\/avatar\/5ab28e97e020e17154731a602459bd9e?s=96&d=mm&r=g\",\"contentUrl\":\"https:\/\/secure.gravatar.com\/avatar\/5ab28e97e020e17154731a602459bd9e?s=96&d=mm&r=g\",\"caption\":\"\u017dupnija Menge\u0161\"},\"url\":\"https:\/\/zupnija-menges.rkc.si\/index.php\/author\/zumenges\/\"}]}<\/script>\n<!-- \/ Yoast SEO plugin. -->","yoast_head_json":{"title":"OZNANILA: cvetna nedelja - \u017dupnija Menge\u0161","robots":{"index":"index","follow":"follow","max-snippet":"max-snippet:-1","max-image-preview":"max-image-preview:large","max-video-preview":"max-video-preview:-1"},"canonical":"https:\/\/zupnija-menges.rkc.si\/index.php\/2022\/04\/11\/oznanila-cvetna-nedelja\/","og_locale":"sl_SI","og_type":"article","og_title":"OZNANILA: cvetna nedelja - \u017dupnija Menge\u0161","og_description":"Za \u010di\u0161\u010denje cerkve in \u017eupnijskega doma se zahvaljujem vsem, ki ste pri\u0161li. V \u010detrtek 14. aprila zjutraj&nbsp;naj pride \u0161e skupina iz Velikega Meng\u0161a severno od Pre\u0161ernove in Kolodvorske. Iz\u0161la je [&hellip;]","og_url":"https:\/\/zupnija-menges.rkc.si\/index.php\/2022\/04\/11\/oznanila-cvetna-nedelja\/","og_site_name":"\u017dupnija Menge\u0161","article_published_time":"2022-04-11T08:17:30+00:00","article_modified_time":"2022-04-17T18:34:07+00:00","og_image":[{"width":300,"height":449,"url":"https:\/\/zupnija-menges.rkc.si\/wp-content\/uploads\/2019\/04\/DSC04740-e1555336381482.jpg","type":"image\/jpeg"}],"author":"\u017dupnija Menge\u0161","twitter_card":"summary_large_image","twitter_misc":{"Written by":"\u017dupnija Menge\u0161","Est. reading time":"1 minuta"},"schema":{"@context":"https:\/\/schema.org","@graph":[{"@type":"WebPage","@id":"https:\/\/zupnija-menges.rkc.si\/index.php\/2022\/04\/11\/oznanila-cvetna-nedelja\/","url":"https:\/\/zupnija-menges.rkc.si\/index.php\/2022\/04\/11\/oznanila-cvetna-nedelja\/","name":"OZNANILA: cvetna nedelja - \u017dupnija Menge\u0161","isPartOf":{"@id":"https:\/\/zupnija-menges.rkc.si\/#website"},"datePublished":"2022-04-11T08:17:30+00:00","dateModified":"2022-04-17T18:34:07+00:00","author":{"@id":"https:\/\/zupnija-menges.rkc.si\/#\/schema\/person\/30a6136b3e62fe0948bbeadab6a011c8"},"breadcrumb":{"@id":"https:\/\/zupnija-menges.rkc.si\/index.php\/2022\/04\/11\/oznanila-cvetna-nedelja\/#breadcrumb"},"inLanguage":"sl-SI","potentialAction":[{"@type":"ReadAction","target":["https:\/\/zupnija-menges.rkc.si\/index.php\/2022\/04\/11\/oznanila-cvetna-nedelja\/"]}]},{"@type":"BreadcrumbList","@id":"https:\/\/zupnija-menges.rkc.si\/index.php\/2022\/04\/11\/oznanila-cvetna-nedelja\/#breadcrumb","itemListElement":[{"@type":"ListItem","position":1,"name":"Home","item":"https:\/\/zupnija-menges.rkc.si\/"},{"@type":"ListItem","position":2,"name":"OZNANILA: cvetna nedelja"}]},{"@type":"WebSite","@id":"https:\/\/zupnija-menges.rkc.si\/#website","url":"https:\/\/zupnija-menges.rkc.si\/","name":"\u017dupnija Menge\u0161","description":"","potentialAction":[{"@type":"SearchAction","target":{"@type":"EntryPoint","urlTemplate":"https:\/\/zupnija-menges.rkc.si\/?s={search_term_string}"},"query-input":"required name=search_term_string"}],"inLanguage":"sl-SI"},{"@type":"Person","@id":"https:\/\/zupnija-menges.rkc.si\/#\/schema\/person\/30a6136b3e62fe0948bbeadab6a011c8","name":"\u017dupnija Menge\u0161","image":{"@type":"ImageObject","inLanguage":"sl-SI","@id":"https:\/\/zupnija-menges.rkc.si\/#\/schema\/person\/image\/","url":"https:\/\/secure.gravatar.com\/avatar\/5ab28e97e020e17154731a602459bd9e?s=96&d=mm&r=g","contentUrl":"https:\/\/secure.gravatar.com\/avatar\/5ab28e97e020e17154731a602459bd9e?s=96&d=mm&r=g","caption":"\u017dupnija Menge\u0161"},"url":"https:\/\/zupnija-menges.rkc.si\/index.php\/author\/zumenges\/"}]}},"_links":{"self":[{"href":"https:\/\/zupnija-menges.rkc.si\/index.php\/wp-json\/wp\/v2\/posts\/2020"}],"collection":[{"href":"https:\/\/zupnija-menges.rkc.si\/index.php\/wp-json\/wp\/v2\/posts"}],"about":[{"href":"https:\/\/zupnija-menges.rkc.si\/index.php\/wp-json\/wp\/v2\/types\/post"}],"author":[{"embeddable":true,"href":"https:\/\/zupnija-menges.rkc.si\/index.php\/wp-json\/wp\/v2\/users\/2"}],"replies":[{"embeddable":true,"href":"https:\/\/zupnija-menges.rkc.si\/index.php\/wp-json\/wp\/v2\/comments?post=2020"}],"version-history":[{"count":2,"href":"https:\/\/zupnija-menges.rkc.si\/index.php\/wp-json\/wp\/v2\/posts\/2020\/revisions"}],"predecessor-version":[{"id":2023,"href":"https:\/\/zupnija-menges.rkc.si\/index.php\/wp-json\/wp\/v2\/posts\/2020\/revisions\/2023"}],"wp:featuredmedia":[{"embeddable":true,"href":"https:\/\/zupnija-menges.rkc.si\/index.php\/wp-json\/wp\/v2\/media\/681"}],"wp:attachment":[{"href":"https:\/\/zupnija-menges.rkc.si\/index.php\/wp-json\/wp\/v2\/media?parent=2020"}],"wp:term":[{"taxonomy":"category","embeddable":true,"href":"https:\/\/zupnija-menges.rkc.si\/index.php\/wp-json\/wp\/v2\/categories?post=2020"},{"taxonomy":"post_tag","embeddable":true,"href":"https:\/\/zupnija-menges.rkc.si\/index.php\/wp-json\/wp\/v2\/tags?post=2020"}],"curies":[{"name":"wp","href":"https:\/\/api.w.org\/{rel}","templated":true}]}}