{"id":1593,"date":"2021-04-10T18:49:31","date_gmt":"2021-04-10T18:49:31","guid":{"rendered":"https:\/\/zupnija-menges.rkc.si\/?p=1593"},"modified":"2021-04-17T07:42:04","modified_gmt":"2021-04-17T07:42:04","slug":"oznanila-bela-nedelja-2","status":"publish","type":"post","link":"https:\/\/zupnija-menges.rkc.si\/index.php\/2021\/04\/10\/oznanila-bela-nedelja-2\/","title":{"rendered":"OZNANILA: Bela nedelja"},"content":{"rendered":"\n<div class=\"wp-block-image\"><figure class=\"aligncenter size-large is-resized\"><img decoding=\"async\" loading=\"lazy\" src=\"https:\/\/zupnija-menges.rkc.si\/wp-content\/uploads\/2019\/04\/Caravaggio_-nevera-s-Toma\u017ea1601-2-1024x758.jpg\" alt=\"\" class=\"wp-image-704\" width=\"390\" height=\"288\"\/><figcaption>Caravaggio: Nevera svetega Toma\u017ea<\/figcaption><\/figure><\/div>\n\n\n\n<p class=\"has-normal-font-size\"><a rel=\"noreferrer noopener\" href=\"https:\/\/katoliska-cerkev.si\/v-ponedeljek-se-odpirajo-cerkve-za-bogosluzje-z-verniki\" target=\"_blank\">V ponedeljek se odpirajo cerkve za bogoslu\u017eje z verniki. (klikni)<\/a><\/p>\n\n\n\n<p><a rel=\"noreferrer noopener\" href=\"https:\/\/katoliska-cerkev.si\/navodila-slovenskih-skofov-za-cas-od-12-aprila-do-18-aprila-2021\" target=\"_blank\">Navodila slovenskih \u0161kofov za \u010das od 12. do 18. aprila 2021<\/a> (klikni)<\/p>\n\n\n\n<p><a rel=\"noreferrer noopener\" href=\"https:\/\/katoliska-cerkev.si\/vprasanja-in-odgovori-ob-navodilih-slovenskih-skofov-za-obhajanje-svetih-mas-v-casu-epidemije-covid-192021\" target=\"_blank\">Vpra\u0161anja in odgovori ob navodilih slovenskih \u0161kofov za obhajanje svetih ma\u0161 v \u010dasu epidemije COVID-19<\/a> (klikni)<\/p>\n\n\n\n<p>Svete ma\u0161e bodo ob 18.00 in 19.00. <\/p>\n\n\n\n<p>V soboto \u010disti cerkev skupina iz Velikega Meng\u0161a severno od Pre\u0161ernove in Kolodvorske.<\/p>\n\n\n\n<p>V ponedeljek in torek bodo spet uradne ure.<\/p>\n\n\n\n<p>Verouk bo potekal \u0161e naprej na daljavo.<\/p>\n\n\n\n<p>V sredo ob 14.00 uri bo pogreb Danice Podbor\u0161ek iz Loke pri Meng\u0161u.<\/p>\n\n\n\n<p>Prihodnja nedelja bo tretja velikono\u010dna.<\/p>\n\n\n\n<figure class=\"wp-block-image size-large is-resized\"><img decoding=\"async\" loading=\"lazy\" src=\"https:\/\/zupnija-menges.rkc.si\/wp-content\/uploads\/2021\/04\/ma\u0161e-15-21-724x1024.jpg\" alt=\"\" class=\"wp-image-1594\" width=\"617\" height=\"872\" srcset=\"https:\/\/zupnija-menges.rkc.si\/wp-content\/uploads\/2021\/04\/ma\u0161e-15-21-724x1024.jpg 724w, https:\/\/zupnija-menges.rkc.si\/wp-content\/uploads\/2021\/04\/ma\u0161e-15-21-212x300.jpg 212w, https:\/\/zupnija-menges.rkc.si\/wp-content\/uploads\/2021\/04\/ma\u0161e-15-21-768x1086.jpg 768w, https:\/\/zupnija-menges.rkc.si\/wp-content\/uploads\/2021\/04\/ma\u0161e-15-21-1086x1536.jpg 1086w, https:\/\/zupnija-menges.rkc.si\/wp-content\/uploads\/2021\/04\/ma\u0161e-15-21-1448x2048.jpg 1448w, https:\/\/zupnija-menges.rkc.si\/wp-content\/uploads\/2021\/04\/ma\u0161e-15-21-830x1174.jpg 830w, https:\/\/zupnija-menges.rkc.si\/wp-content\/uploads\/2021\/04\/ma\u0161e-15-21-230x325.jpg 230w, https:\/\/zupnija-menges.rkc.si\/wp-content\/uploads\/2021\/04\/ma\u0161e-15-21-350x495.jpg 350w, https:\/\/zupnija-menges.rkc.si\/wp-content\/uploads\/2021\/04\/ma\u0161e-15-21-480x679.jpg 480w, https:\/\/zupnija-menges.rkc.si\/wp-content\/uploads\/2021\/04\/ma\u0161e-15-21-scaled.jpg 1810w\" sizes=\"(max-width: 617px) 100vw, 617px\" \/><\/figure>\n","protected":false},"excerpt":{"rendered":"<p>V ponedeljek se odpirajo cerkve za bogoslu\u017eje z verniki. (klikni) Navodila slovenskih \u0161kofov za \u010das od 12. do 18. aprila 2021 (klikni) Vpra\u0161anja in odgovori ob navodilih slovenskih \u0161kofov za [&hellip;]<\/p>\n","protected":false},"author":2,"featured_media":704,"comment_status":"closed","ping_status":"closed","sticky":false,"template":"","format":"standard","meta":[],"categories":[3],"tags":[],"yoast_head":"<!-- This site is optimized with the Yoast SEO plugin v20.5 - https:\/\/yoast.com\/wordpress\/plugins\/seo\/ -->\n<title>OZNANILA: Bela nedelja - \u017dupnija Menge\u0161<\/title>\n<meta name=\"robots\" content=\"index, follow, max-snippet:-1, max-image-preview:large, max-video-preview:-1\" \/>\n<link rel=\"canonical\" href=\"https:\/\/zupnija-menges.rkc.si\/index.php\/2021\/04\/10\/oznanila-bela-nedelja-2\/\" \/>\n<meta property=\"og:locale\" content=\"sl_SI\" \/>\n<meta property=\"og:type\" content=\"article\" \/>\n<meta property=\"og:title\" content=\"OZNANILA: Bela nedelja - \u017dupnija Menge\u0161\" \/>\n<meta property=\"og:description\" content=\"V ponedeljek se odpirajo cerkve za bogoslu\u017eje z verniki. (klikni) Navodila slovenskih \u0161kofov za \u010das od 12. do 18. aprila 2021 (klikni) Vpra\u0161anja in odgovori ob navodilih slovenskih \u0161kofov za [&hellip;]\" \/>\n<meta property=\"og:url\" content=\"https:\/\/zupnija-menges.rkc.si\/index.php\/2021\/04\/10\/oznanila-bela-nedelja-2\/\" \/>\n<meta property=\"og:site_name\" content=\"\u017dupnija Menge\u0161\" \/>\n<meta property=\"article:published_time\" content=\"2021-04-10T18:49:31+00:00\" \/>\n<meta property=\"article:modified_time\" content=\"2021-04-17T07:42:04+00:00\" \/>\n<meta property=\"og:image\" content=\"https:\/\/zupnija-menges.rkc.si\/wp-content\/uploads\/2019\/04\/Caravaggio_-nevera-s-Toma\u017ea1601-2-e1556311387771.jpg\" \/>\n\t<meta property=\"og:image:width\" content=\"405\" \/>\n\t<meta property=\"og:image:height\" content=\"300\" \/>\n\t<meta property=\"og:image:type\" content=\"image\/jpeg\" \/>\n<meta name=\"author\" content=\"\u017dupnija Menge\u0161\" \/>\n<meta name=\"twitter:card\" content=\"summary_large_image\" \/>\n<meta name=\"twitter:label1\" content=\"Written by\" \/>\n\t<meta name=\"twitter:data1\" content=\"\u017dupnija Menge\u0161\" \/>\n<script type=\"application\/ld+json\" class=\"yoast-schema-graph\">{\"@context\":\"https:\/\/schema.org\",\"@graph\":[{\"@type\":\"WebPage\",\"@id\":\"https:\/\/zupnija-menges.rkc.si\/index.php\/2021\/04\/10\/oznanila-bela-nedelja-2\/\",\"url\":\"https:\/\/zupnija-menges.rkc.si\/index.php\/2021\/04\/10\/oznanila-bela-nedelja-2\/\",\"name\":\"OZNANILA: Bela nedelja - \u017dupnija Menge\u0161\",\"isPartOf\":{\"@id\":\"https:\/\/zupnija-menges.rkc.si\/#website\"},\"datePublished\":\"2021-04-10T18:49:31+00:00\",\"dateModified\":\"2021-04-17T07:42:04+00:00\",\"author\":{\"@id\":\"https:\/\/zupnija-menges.rkc.si\/#\/schema\/person\/30a6136b3e62fe0948bbeadab6a011c8\"},\"breadcrumb\":{\"@id\":\"https:\/\/zupnija-menges.rkc.si\/index.php\/2021\/04\/10\/oznanila-bela-nedelja-2\/#breadcrumb\"},\"inLanguage\":\"sl-SI\",\"potentialAction\":[{\"@type\":\"ReadAction\",\"target\":[\"https:\/\/zupnija-menges.rkc.si\/index.php\/2021\/04\/10\/oznanila-bela-nedelja-2\/\"]}]},{\"@type\":\"BreadcrumbList\",\"@id\":\"https:\/\/zupnija-menges.rkc.si\/index.php\/2021\/04\/10\/oznanila-bela-nedelja-2\/#breadcrumb\",\"itemListElement\":[{\"@type\":\"ListItem\",\"position\":1,\"name\":\"Home\",\"item\":\"https:\/\/zupnija-menges.rkc.si\/\"},{\"@type\":\"ListItem\",\"position\":2,\"name\":\"OZNANILA: Bela nedelja\"}]},{\"@type\":\"WebSite\",\"@id\":\"https:\/\/zupnija-menges.rkc.si\/#website\",\"url\":\"https:\/\/zupnija-menges.rkc.si\/\",\"name\":\"\u017dupnija Menge\u0161\",\"description\":\"\",\"potentialAction\":[{\"@type\":\"SearchAction\",\"target\":{\"@type\":\"EntryPoint\",\"urlTemplate\":\"https:\/\/zupnija-menges.rkc.si\/?s={search_term_string}\"},\"query-input\":\"required name=search_term_string\"}],\"inLanguage\":\"sl-SI\"},{\"@type\":\"Person\",\"@id\":\"https:\/\/zupnija-menges.rkc.si\/#\/schema\/person\/30a6136b3e62fe0948bbeadab6a011c8\",\"name\":\"\u017dupnija Menge\u0161\",\"image\":{\"@type\":\"ImageObject\",\"inLanguage\":\"sl-SI\",\"@id\":\"https:\/\/zupnija-menges.rkc.si\/#\/schema\/person\/image\/\",\"url\":\"https:\/\/secure.gravatar.com\/avatar\/5ab28e97e020e17154731a602459bd9e?s=96&d=mm&r=g\",\"contentUrl\":\"https:\/\/secure.gravatar.com\/avatar\/5ab28e97e020e17154731a602459bd9e?s=96&d=mm&r=g\",\"caption\":\"\u017dupnija Menge\u0161\"},\"url\":\"https:\/\/zupnija-menges.rkc.si\/index.php\/author\/zumenges\/\"}]}<\/script>\n<!-- \/ Yoast SEO plugin. -->","yoast_head_json":{"title":"OZNANILA: Bela nedelja - \u017dupnija Menge\u0161","robots":{"index":"index","follow":"follow","max-snippet":"max-snippet:-1","max-image-preview":"max-image-preview:large","max-video-preview":"max-video-preview:-1"},"canonical":"https:\/\/zupnija-menges.rkc.si\/index.php\/2021\/04\/10\/oznanila-bela-nedelja-2\/","og_locale":"sl_SI","og_type":"article","og_title":"OZNANILA: Bela nedelja - \u017dupnija Menge\u0161","og_description":"V ponedeljek se odpirajo cerkve za bogoslu\u017eje z verniki. (klikni) Navodila slovenskih \u0161kofov za \u010das od 12. do 18. aprila 2021 (klikni) Vpra\u0161anja in odgovori ob navodilih slovenskih \u0161kofov za [&hellip;]","og_url":"https:\/\/zupnija-menges.rkc.si\/index.php\/2021\/04\/10\/oznanila-bela-nedelja-2\/","og_site_name":"\u017dupnija Menge\u0161","article_published_time":"2021-04-10T18:49:31+00:00","article_modified_time":"2021-04-17T07:42:04+00:00","og_image":[{"width":405,"height":300,"url":"https:\/\/zupnija-menges.rkc.si\/wp-content\/uploads\/2019\/04\/Caravaggio_-nevera-s-Toma\u017ea1601-2-e1556311387771.jpg","type":"image\/jpeg"}],"author":"\u017dupnija Menge\u0161","twitter_card":"summary_large_image","twitter_misc":{"Written by":"\u017dupnija Menge\u0161"},"schema":{"@context":"https:\/\/schema.org","@graph":[{"@type":"WebPage","@id":"https:\/\/zupnija-menges.rkc.si\/index.php\/2021\/04\/10\/oznanila-bela-nedelja-2\/","url":"https:\/\/zupnija-menges.rkc.si\/index.php\/2021\/04\/10\/oznanila-bela-nedelja-2\/","name":"OZNANILA: Bela nedelja - \u017dupnija Menge\u0161","isPartOf":{"@id":"https:\/\/zupnija-menges.rkc.si\/#website"},"datePublished":"2021-04-10T18:49:31+00:00","dateModified":"2021-04-17T07:42:04+00:00","author":{"@id":"https:\/\/zupnija-menges.rkc.si\/#\/schema\/person\/30a6136b3e62fe0948bbeadab6a011c8"},"breadcrumb":{"@id":"https:\/\/zupnija-menges.rkc.si\/index.php\/2021\/04\/10\/oznanila-bela-nedelja-2\/#breadcrumb"},"inLanguage":"sl-SI","potentialAction":[{"@type":"ReadAction","target":["https:\/\/zupnija-menges.rkc.si\/index.php\/2021\/04\/10\/oznanila-bela-nedelja-2\/"]}]},{"@type":"BreadcrumbList","@id":"https:\/\/zupnija-menges.rkc.si\/index.php\/2021\/04\/10\/oznanila-bela-nedelja-2\/#breadcrumb","itemListElement":[{"@type":"ListItem","position":1,"name":"Home","item":"https:\/\/zupnija-menges.rkc.si\/"},{"@type":"ListItem","position":2,"name":"OZNANILA: Bela nedelja"}]},{"@type":"WebSite","@id":"https:\/\/zupnija-menges.rkc.si\/#website","url":"https:\/\/zupnija-menges.rkc.si\/","name":"\u017dupnija Menge\u0161","description":"","potentialAction":[{"@type":"SearchAction","target":{"@type":"EntryPoint","urlTemplate":"https:\/\/zupnija-menges.rkc.si\/?s={search_term_string}"},"query-input":"required name=search_term_string"}],"inLanguage":"sl-SI"},{"@type":"Person","@id":"https:\/\/zupnija-menges.rkc.si\/#\/schema\/person\/30a6136b3e62fe0948bbeadab6a011c8","name":"\u017dupnija Menge\u0161","image":{"@type":"ImageObject","inLanguage":"sl-SI","@id":"https:\/\/zupnija-menges.rkc.si\/#\/schema\/person\/image\/","url":"https:\/\/secure.gravatar.com\/avatar\/5ab28e97e020e17154731a602459bd9e?s=96&d=mm&r=g","contentUrl":"https:\/\/secure.gravatar.com\/avatar\/5ab28e97e020e17154731a602459bd9e?s=96&d=mm&r=g","caption":"\u017dupnija Menge\u0161"},"url":"https:\/\/zupnija-menges.rkc.si\/index.php\/author\/zumenges\/"}]}},"_links":{"self":[{"href":"https:\/\/zupnija-menges.rkc.si\/index.php\/wp-json\/wp\/v2\/posts\/1593"}],"collection":[{"href":"https:\/\/zupnija-menges.rkc.si\/index.php\/wp-json\/wp\/v2\/posts"}],"about":[{"href":"https:\/\/zupnija-menges.rkc.si\/index.php\/wp-json\/wp\/v2\/types\/post"}],"author":[{"embeddable":true,"href":"https:\/\/zupnija-menges.rkc.si\/index.php\/wp-json\/wp\/v2\/users\/2"}],"replies":[{"embeddable":true,"href":"https:\/\/zupnija-menges.rkc.si\/index.php\/wp-json\/wp\/v2\/comments?post=1593"}],"version-history":[{"count":5,"href":"https:\/\/zupnija-menges.rkc.si\/index.php\/wp-json\/wp\/v2\/posts\/1593\/revisions"}],"predecessor-version":[{"id":1599,"href":"https:\/\/zupnija-menges.rkc.si\/index.php\/wp-json\/wp\/v2\/posts\/1593\/revisions\/1599"}],"wp:featuredmedia":[{"embeddable":true,"href":"https:\/\/zupnija-menges.rkc.si\/index.php\/wp-json\/wp\/v2\/media\/704"}],"wp:attachment":[{"href":"https:\/\/zupnija-menges.rkc.si\/index.php\/wp-json\/wp\/v2\/media?parent=1593"}],"wp:term":[{"taxonomy":"category","embeddable":true,"href":"https:\/\/zupnija-menges.rkc.si\/index.php\/wp-json\/wp\/v2\/categories?post=1593"},{"taxonomy":"post_tag","embeddable":true,"href":"https:\/\/zupnija-menges.rkc.si\/index.php\/wp-json\/wp\/v2\/tags?post=1593"}],"curies":[{"name":"wp","href":"https:\/\/api.w.org\/{rel}","templated":true}]}}