{"id":1478,"date":"2021-01-02T20:26:37","date_gmt":"2021-01-02T20:26:37","guid":{"rendered":"https:\/\/zupnija-menges.rkc.si\/?p=1478"},"modified":"2021-01-09T16:11:11","modified_gmt":"2021-01-09T16:11:11","slug":"oznanila-druga-nedelja-po-bozicu","status":"publish","type":"post","link":"https:\/\/zupnija-menges.rkc.si\/index.php\/2021\/01\/02\/oznanila-druga-nedelja-po-bozicu\/","title":{"rendered":"OZNANILA: Druga nedelja po bo\u017ei\u010du"},"content":{"rendered":"\n<div class=\"wp-block-image\"><figure class=\"aligncenter size-large is-resized\"><img decoding=\"async\" loading=\"lazy\" src=\"https:\/\/zupnija-menges.rkc.si\/wp-content\/uploads\/2021\/01\/DSC00981-684x1024.jpg\" alt=\"\" class=\"wp-image-1479\" width=\"393\" height=\"588\"\/><figcaption>Foto: An\u017ee Hribar<\/figcaption><\/figure><\/div>\n\n\n\n<p>V soboto so za \u010di\u0161\u010denje cerkve na vrsti Veliki Menge\u0161 severno od Pre\u0161ernove in Kolodvorske.<\/p>\n\n\n\n<p>Iz\u0161la je nova \u0161tevilka Dru\u017eine. V njej pi\u0161e o dogodkih v letu 2020.<\/p>\n\n\n\n<p>Verouk bomo zopet nadaljevali na daljavo. <\/p>\n\n\n\n<p>V sredo bo <strong>praznik gospodovega razgla\u0161enja<\/strong> &#8211; sveti trije kralji. Skavti bodo letos po domovih raznosili letake, kjer lahko po polo\u017enici darujete za slovenske misijonarje in njihove projekte za otroke.<\/p>\n\n\n\n<p><strong>Od ponedeljka 4. januarja bodo redne svete ma\u0161e tudi ob nedeljah in praznikih v \u017eupnijski cerkvi.<\/strong> Ob delavnikih sta dve ma\u0161i ob 17.00 in 18.00. Tako se la\u017eje razvrstite. Tudi v soboto bosta dve nedeljski sveti ma\u0161i ob 17.00 in 18.00. V nedeljo pa tri: ob 8.00, 10.00 in 18.00. <br>Tisti, ki pridete v soboto k sveti ma\u0161i, dajte prostor tistim, ki pridejo v nedeljo. Glede na velikost cerkve, je lahko pri ma\u0161i najve\u010d 14 oseb oziroma dru\u017ein iz istega gospodinjstva. V cerkvi je potrebno obvezno uporabljati za\u0161\u010ditno masko in vzdr\u017eevati varnostno razdaljo vsaj 1,5 m. <br>\u010ce bo potrebno, bomo dodali \u0161e kak\u0161no nedeljsko ma\u0161o. Pomembno je, da pri eni ma\u0161i ni preveliko \u0161tevilo ljudi glede na pravila. Sem v \u010dudni situaciji, ko ne smem vabiti ljudi v cerkev.<\/p>\n\n\n\n<figure class=\"wp-block-image size-large is-resized\"><img decoding=\"async\" loading=\"lazy\" src=\"https:\/\/zupnija-menges.rkc.si\/wp-content\/uploads\/2021\/01\/ma\u0161e-1-21-791x1024.jpg\" alt=\"\" class=\"wp-image-1489\" width=\"613\" height=\"793\" srcset=\"https:\/\/zupnija-menges.rkc.si\/wp-content\/uploads\/2021\/01\/ma\u0161e-1-21-791x1024.jpg 791w, https:\/\/zupnija-menges.rkc.si\/wp-content\/uploads\/2021\/01\/ma\u0161e-1-21-232x300.jpg 232w, https:\/\/zupnija-menges.rkc.si\/wp-content\/uploads\/2021\/01\/ma\u0161e-1-21-768x994.jpg 768w, https:\/\/zupnija-menges.rkc.si\/wp-content\/uploads\/2021\/01\/ma\u0161e-1-21-1187x1536.jpg 1187w, https:\/\/zupnija-menges.rkc.si\/wp-content\/uploads\/2021\/01\/ma\u0161e-1-21-1583x2048.jpg 1583w, https:\/\/zupnija-menges.rkc.si\/wp-content\/uploads\/2021\/01\/ma\u0161e-1-21-830x1074.jpg 830w, https:\/\/zupnija-menges.rkc.si\/wp-content\/uploads\/2021\/01\/ma\u0161e-1-21-230x298.jpg 230w, https:\/\/zupnija-menges.rkc.si\/wp-content\/uploads\/2021\/01\/ma\u0161e-1-21-350x453.jpg 350w, https:\/\/zupnija-menges.rkc.si\/wp-content\/uploads\/2021\/01\/ma\u0161e-1-21-480x621.jpg 480w, https:\/\/zupnija-menges.rkc.si\/wp-content\/uploads\/2021\/01\/ma\u0161e-1-21-scaled.jpg 1978w\" sizes=\"(max-width: 613px) 100vw, 613px\" \/><\/figure>\n","protected":false},"excerpt":{"rendered":"<p>V soboto so za \u010di\u0161\u010denje cerkve na vrsti Veliki Menge\u0161 severno od Pre\u0161ernove in Kolodvorske. Iz\u0161la je nova \u0161tevilka Dru\u017eine. V njej pi\u0161e o dogodkih v letu 2020. Verouk bomo [&hellip;]<\/p>\n","protected":false},"author":2,"featured_media":1479,"comment_status":"closed","ping_status":"closed","sticky":false,"template":"","format":"standard","meta":[],"categories":[3],"tags":[],"yoast_head":"<!-- This site is optimized with the Yoast SEO plugin v20.5 - https:\/\/yoast.com\/wordpress\/plugins\/seo\/ -->\n<title>OZNANILA: Druga nedelja po bo\u017ei\u010du - \u017dupnija Menge\u0161<\/title>\n<meta name=\"robots\" content=\"index, follow, max-snippet:-1, max-image-preview:large, max-video-preview:-1\" \/>\n<link rel=\"canonical\" href=\"https:\/\/zupnija-menges.rkc.si\/index.php\/2021\/01\/02\/oznanila-druga-nedelja-po-bozicu\/\" \/>\n<meta property=\"og:locale\" content=\"sl_SI\" \/>\n<meta property=\"og:type\" content=\"article\" \/>\n<meta property=\"og:title\" content=\"OZNANILA: Druga nedelja po bo\u017ei\u010du - \u017dupnija Menge\u0161\" \/>\n<meta property=\"og:description\" content=\"V soboto so za \u010di\u0161\u010denje cerkve na vrsti Veliki Menge\u0161 severno od Pre\u0161ernove in Kolodvorske. Iz\u0161la je nova \u0161tevilka Dru\u017eine. V njej pi\u0161e o dogodkih v letu 2020. Verouk bomo [&hellip;]\" \/>\n<meta property=\"og:url\" content=\"https:\/\/zupnija-menges.rkc.si\/index.php\/2021\/01\/02\/oznanila-druga-nedelja-po-bozicu\/\" \/>\n<meta property=\"og:site_name\" content=\"\u017dupnija Menge\u0161\" \/>\n<meta property=\"article:published_time\" content=\"2021-01-02T20:26:37+00:00\" \/>\n<meta property=\"article:modified_time\" content=\"2021-01-09T16:11:11+00:00\" \/>\n<meta property=\"og:image\" content=\"https:\/\/zupnija-menges.rkc.si\/wp-content\/uploads\/2021\/01\/DSC00981-scaled-e1609618483249.jpg\" \/>\n\t<meta property=\"og:image:width\" content=\"300\" \/>\n\t<meta property=\"og:image:height\" content=\"449\" \/>\n\t<meta property=\"og:image:type\" content=\"image\/jpeg\" \/>\n<meta name=\"author\" content=\"\u017dupnija Menge\u0161\" \/>\n<meta name=\"twitter:card\" content=\"summary_large_image\" \/>\n<meta name=\"twitter:label1\" content=\"Written by\" \/>\n\t<meta name=\"twitter:data1\" content=\"\u017dupnija Menge\u0161\" \/>\n\t<meta name=\"twitter:label2\" content=\"Est. reading time\" \/>\n\t<meta name=\"twitter:data2\" content=\"1 minuta\" \/>\n<script type=\"application\/ld+json\" class=\"yoast-schema-graph\">{\"@context\":\"https:\/\/schema.org\",\"@graph\":[{\"@type\":\"WebPage\",\"@id\":\"https:\/\/zupnija-menges.rkc.si\/index.php\/2021\/01\/02\/oznanila-druga-nedelja-po-bozicu\/\",\"url\":\"https:\/\/zupnija-menges.rkc.si\/index.php\/2021\/01\/02\/oznanila-druga-nedelja-po-bozicu\/\",\"name\":\"OZNANILA: Druga nedelja po bo\u017ei\u010du - \u017dupnija Menge\u0161\",\"isPartOf\":{\"@id\":\"https:\/\/zupnija-menges.rkc.si\/#website\"},\"datePublished\":\"2021-01-02T20:26:37+00:00\",\"dateModified\":\"2021-01-09T16:11:11+00:00\",\"author\":{\"@id\":\"https:\/\/zupnija-menges.rkc.si\/#\/schema\/person\/30a6136b3e62fe0948bbeadab6a011c8\"},\"breadcrumb\":{\"@id\":\"https:\/\/zupnija-menges.rkc.si\/index.php\/2021\/01\/02\/oznanila-druga-nedelja-po-bozicu\/#breadcrumb\"},\"inLanguage\":\"sl-SI\",\"potentialAction\":[{\"@type\":\"ReadAction\",\"target\":[\"https:\/\/zupnija-menges.rkc.si\/index.php\/2021\/01\/02\/oznanila-druga-nedelja-po-bozicu\/\"]}]},{\"@type\":\"BreadcrumbList\",\"@id\":\"https:\/\/zupnija-menges.rkc.si\/index.php\/2021\/01\/02\/oznanila-druga-nedelja-po-bozicu\/#breadcrumb\",\"itemListElement\":[{\"@type\":\"ListItem\",\"position\":1,\"name\":\"Home\",\"item\":\"https:\/\/zupnija-menges.rkc.si\/\"},{\"@type\":\"ListItem\",\"position\":2,\"name\":\"OZNANILA: Druga nedelja po bo\u017ei\u010du\"}]},{\"@type\":\"WebSite\",\"@id\":\"https:\/\/zupnija-menges.rkc.si\/#website\",\"url\":\"https:\/\/zupnija-menges.rkc.si\/\",\"name\":\"\u017dupnija Menge\u0161\",\"description\":\"\",\"potentialAction\":[{\"@type\":\"SearchAction\",\"target\":{\"@type\":\"EntryPoint\",\"urlTemplate\":\"https:\/\/zupnija-menges.rkc.si\/?s={search_term_string}\"},\"query-input\":\"required name=search_term_string\"}],\"inLanguage\":\"sl-SI\"},{\"@type\":\"Person\",\"@id\":\"https:\/\/zupnija-menges.rkc.si\/#\/schema\/person\/30a6136b3e62fe0948bbeadab6a011c8\",\"name\":\"\u017dupnija Menge\u0161\",\"image\":{\"@type\":\"ImageObject\",\"inLanguage\":\"sl-SI\",\"@id\":\"https:\/\/zupnija-menges.rkc.si\/#\/schema\/person\/image\/\",\"url\":\"https:\/\/secure.gravatar.com\/avatar\/5ab28e97e020e17154731a602459bd9e?s=96&d=mm&r=g\",\"contentUrl\":\"https:\/\/secure.gravatar.com\/avatar\/5ab28e97e020e17154731a602459bd9e?s=96&d=mm&r=g\",\"caption\":\"\u017dupnija Menge\u0161\"},\"url\":\"https:\/\/zupnija-menges.rkc.si\/index.php\/author\/zumenges\/\"}]}<\/script>\n<!-- \/ Yoast SEO plugin. -->","yoast_head_json":{"title":"OZNANILA: Druga nedelja po bo\u017ei\u010du - \u017dupnija Menge\u0161","robots":{"index":"index","follow":"follow","max-snippet":"max-snippet:-1","max-image-preview":"max-image-preview:large","max-video-preview":"max-video-preview:-1"},"canonical":"https:\/\/zupnija-menges.rkc.si\/index.php\/2021\/01\/02\/oznanila-druga-nedelja-po-bozicu\/","og_locale":"sl_SI","og_type":"article","og_title":"OZNANILA: Druga nedelja po bo\u017ei\u010du - \u017dupnija Menge\u0161","og_description":"V soboto so za \u010di\u0161\u010denje cerkve na vrsti Veliki Menge\u0161 severno od Pre\u0161ernove in Kolodvorske. Iz\u0161la je nova \u0161tevilka Dru\u017eine. V njej pi\u0161e o dogodkih v letu 2020. Verouk bomo [&hellip;]","og_url":"https:\/\/zupnija-menges.rkc.si\/index.php\/2021\/01\/02\/oznanila-druga-nedelja-po-bozicu\/","og_site_name":"\u017dupnija Menge\u0161","article_published_time":"2021-01-02T20:26:37+00:00","article_modified_time":"2021-01-09T16:11:11+00:00","og_image":[{"width":300,"height":449,"url":"https:\/\/zupnija-menges.rkc.si\/wp-content\/uploads\/2021\/01\/DSC00981-scaled-e1609618483249.jpg","type":"image\/jpeg"}],"author":"\u017dupnija Menge\u0161","twitter_card":"summary_large_image","twitter_misc":{"Written by":"\u017dupnija Menge\u0161","Est. reading time":"1 minuta"},"schema":{"@context":"https:\/\/schema.org","@graph":[{"@type":"WebPage","@id":"https:\/\/zupnija-menges.rkc.si\/index.php\/2021\/01\/02\/oznanila-druga-nedelja-po-bozicu\/","url":"https:\/\/zupnija-menges.rkc.si\/index.php\/2021\/01\/02\/oznanila-druga-nedelja-po-bozicu\/","name":"OZNANILA: Druga nedelja po bo\u017ei\u010du - \u017dupnija Menge\u0161","isPartOf":{"@id":"https:\/\/zupnija-menges.rkc.si\/#website"},"datePublished":"2021-01-02T20:26:37+00:00","dateModified":"2021-01-09T16:11:11+00:00","author":{"@id":"https:\/\/zupnija-menges.rkc.si\/#\/schema\/person\/30a6136b3e62fe0948bbeadab6a011c8"},"breadcrumb":{"@id":"https:\/\/zupnija-menges.rkc.si\/index.php\/2021\/01\/02\/oznanila-druga-nedelja-po-bozicu\/#breadcrumb"},"inLanguage":"sl-SI","potentialAction":[{"@type":"ReadAction","target":["https:\/\/zupnija-menges.rkc.si\/index.php\/2021\/01\/02\/oznanila-druga-nedelja-po-bozicu\/"]}]},{"@type":"BreadcrumbList","@id":"https:\/\/zupnija-menges.rkc.si\/index.php\/2021\/01\/02\/oznanila-druga-nedelja-po-bozicu\/#breadcrumb","itemListElement":[{"@type":"ListItem","position":1,"name":"Home","item":"https:\/\/zupnija-menges.rkc.si\/"},{"@type":"ListItem","position":2,"name":"OZNANILA: Druga nedelja po bo\u017ei\u010du"}]},{"@type":"WebSite","@id":"https:\/\/zupnija-menges.rkc.si\/#website","url":"https:\/\/zupnija-menges.rkc.si\/","name":"\u017dupnija Menge\u0161","description":"","potentialAction":[{"@type":"SearchAction","target":{"@type":"EntryPoint","urlTemplate":"https:\/\/zupnija-menges.rkc.si\/?s={search_term_string}"},"query-input":"required name=search_term_string"}],"inLanguage":"sl-SI"},{"@type":"Person","@id":"https:\/\/zupnija-menges.rkc.si\/#\/schema\/person\/30a6136b3e62fe0948bbeadab6a011c8","name":"\u017dupnija Menge\u0161","image":{"@type":"ImageObject","inLanguage":"sl-SI","@id":"https:\/\/zupnija-menges.rkc.si\/#\/schema\/person\/image\/","url":"https:\/\/secure.gravatar.com\/avatar\/5ab28e97e020e17154731a602459bd9e?s=96&d=mm&r=g","contentUrl":"https:\/\/secure.gravatar.com\/avatar\/5ab28e97e020e17154731a602459bd9e?s=96&d=mm&r=g","caption":"\u017dupnija Menge\u0161"},"url":"https:\/\/zupnija-menges.rkc.si\/index.php\/author\/zumenges\/"}]}},"_links":{"self":[{"href":"https:\/\/zupnija-menges.rkc.si\/index.php\/wp-json\/wp\/v2\/posts\/1478"}],"collection":[{"href":"https:\/\/zupnija-menges.rkc.si\/index.php\/wp-json\/wp\/v2\/posts"}],"about":[{"href":"https:\/\/zupnija-menges.rkc.si\/index.php\/wp-json\/wp\/v2\/types\/post"}],"author":[{"embeddable":true,"href":"https:\/\/zupnija-menges.rkc.si\/index.php\/wp-json\/wp\/v2\/users\/2"}],"replies":[{"embeddable":true,"href":"https:\/\/zupnija-menges.rkc.si\/index.php\/wp-json\/wp\/v2\/comments?post=1478"}],"version-history":[{"count":3,"href":"https:\/\/zupnija-menges.rkc.si\/index.php\/wp-json\/wp\/v2\/posts\/1478\/revisions"}],"predecessor-version":[{"id":1490,"href":"https:\/\/zupnija-menges.rkc.si\/index.php\/wp-json\/wp\/v2\/posts\/1478\/revisions\/1490"}],"wp:featuredmedia":[{"embeddable":true,"href":"https:\/\/zupnija-menges.rkc.si\/index.php\/wp-json\/wp\/v2\/media\/1479"}],"wp:attachment":[{"href":"https:\/\/zupnija-menges.rkc.si\/index.php\/wp-json\/wp\/v2\/media?parent=1478"}],"wp:term":[{"taxonomy":"category","embeddable":true,"href":"https:\/\/zupnija-menges.rkc.si\/index.php\/wp-json\/wp\/v2\/categories?post=1478"},{"taxonomy":"post_tag","embeddable":true,"href":"https:\/\/zupnija-menges.rkc.si\/index.php\/wp-json\/wp\/v2\/tags?post=1478"}],"curies":[{"name":"wp","href":"https:\/\/api.w.org\/{rel}","templated":true}]}}