{"id":1454,"date":"2020-12-19T20:26:02","date_gmt":"2020-12-19T20:26:02","guid":{"rendered":"https:\/\/zupnija-menges.rkc.si\/?p=1454"},"modified":"2020-12-26T16:10:23","modified_gmt":"2020-12-26T16:10:23","slug":"oznanila-cetrta-adventna-nedelja","status":"publish","type":"post","link":"https:\/\/zupnija-menges.rkc.si\/index.php\/2020\/12\/19\/oznanila-cetrta-adventna-nedelja\/","title":{"rendered":"OZNANILA: \u010cetrta adventna nedelja"},"content":{"rendered":"\n<figure class=\"wp-block-image size-large\"><img decoding=\"async\" loading=\"lazy\" width=\"619\" height=\"300\" src=\"https:\/\/zupnija-menges.rkc.si\/wp-content\/uploads\/2020\/12\/Annunciation_Leonardo-e1608409469343.jpg\" alt=\"\" class=\"wp-image-1456\"\/><figcaption>Leonardo da Vinci: Oznanjenje<br><\/figcaption><\/figure>\n\n\n\n<p>\u010ci\u0161\u010denje cerkve pred bo\u017ei\u010dem bo v sredo zjutraj. Na vrsti je skupina iz Pristave in Malega Meng\u0161a zahodno od Liparjeve.<br>Iz\u0161la je nova dvojna prazni\u010dna bo\u017ei\u010dna \u0161tevilka Dru\u017eine. Cena enega izvoda je zato 4,60 \u20ac. Poslali so 40 dodatnih izvodov.<br>Umrl je Mihael Selan. Pogreb bo v ponedeljek ob 12.00 uri.<\/p>\n\n\n\n<p>Od torka bo v cerkvi na voljo <strong>Lu\u010d miru iz Betlehema<\/strong>. Na voljo je tudi <strong>blagoslovljena voda<\/strong>. Embala\u017eo prinesite s seboj.<\/p>\n\n\n\n<p>Ljubljanska nad\u0161kofija je v petek 18. 12. sprejela nekatere sklepe glede obhajanja svetih ma\u0161 z ljudstvom <a href=\"https:\/\/zupnija-menges.rkc.si\/index.php\/2020\/06\/27\/ponovna-obvezna-uporaba-zascitnih-mask-pri-svetih-masah\/\" target=\"_blank\" rel=\"noreferrer noopener\">(klikni)<\/a>.<br><strong>V menge\u0161ki cerkvi so lahko<\/strong> glede na veliko povr\u0161ino cerkve <strong>pri sveti ma\u0161i med delavnikom verniki iz najve\u010d 14 razli\u010dnih gospodinjstev<\/strong>. Predlagam, da pridejo le tisti, ki so bili \u017ee do sedaj redni pri svetem obhajilu med tednom ter sorodniki, za katere se tisti dan daruje sveta ma\u0161a iz enega gospodinjstva. V kolikor se bo pokazala potreba po \u0161tevilnej\u0161em obisku svete ma\u0161e, bova z gospodom \u0160tefanom ma\u0161evala lo\u010deno. Eden ob 18.00, drugi ob 17.00. <br><strong>Cerkev bo med sveto ma\u0161o zaprta, da ne bo kr\u0161eno \u0161tevilo \u010dlanov razli\u010dnih gospodinjstev. <\/strong>Cerkev bomo zaklenili 2 minuti pred uro, ali \u017ee prej, \u010de bo \u0161tevilo razli\u010dnih gospodinjstev dose\u017eeno.<\/p>\n\n\n\n<p><strong>Svete ma\u0161e<\/strong>, kjer bodo lahko prisotni verniki v omejenem \u0161tevilu bodo<strong> od ponedeljka do srede ob 18.00 uri<\/strong>. <br>Pol ure pred sveto ma\u0161o bo prilo\u017enost za sveto spoved. <\/p>\n\n\n\n<p><strong>V \u010cETRTEK<\/strong> bo prvi sveti ve\u010der. Verniki pri sveti ma\u0161i ne bodo smeli biti prisotni. <strong>Obhajilo<\/strong> <strong>bo mo\u017eno prejeti ob 17.00 uri. Pol ure prej bo spovedovanje<\/strong>. <br>Na prvi sveti ve\u010der doma blagoslovite stanovanje in molite ro\u017eni venec. Sveto ma\u0161o si oglejte preko TV ali spleta.<\/p>\n\n\n\n<p>Od petka do nedelje, od 25. do 27. decembra, svetih ma\u0161 s prisotnostjo vernikov ne bo. Obhajilo bo mo\u017eno prejeti od 8.30 do 9.30 ter od 11.00 do 11.30, torej po nedeljskem razporedu. <\/p>\n\n\n\n<figure class=\"wp-block-image size-large is-resized\"><img decoding=\"async\" loading=\"lazy\" src=\"https:\/\/zupnija-menges.rkc.si\/wp-content\/uploads\/2020\/12\/ma\u0161e-46-20-791x1024.jpg\" alt=\"\" class=\"wp-image-1455\" width=\"664\" height=\"859\" srcset=\"https:\/\/zupnija-menges.rkc.si\/wp-content\/uploads\/2020\/12\/ma\u0161e-46-20-791x1024.jpg 791w, https:\/\/zupnija-menges.rkc.si\/wp-content\/uploads\/2020\/12\/ma\u0161e-46-20-232x300.jpg 232w, https:\/\/zupnija-menges.rkc.si\/wp-content\/uploads\/2020\/12\/ma\u0161e-46-20-768x994.jpg 768w, https:\/\/zupnija-menges.rkc.si\/wp-content\/uploads\/2020\/12\/ma\u0161e-46-20-1187x1536.jpg 1187w, https:\/\/zupnija-menges.rkc.si\/wp-content\/uploads\/2020\/12\/ma\u0161e-46-20-1583x2048.jpg 1583w, https:\/\/zupnija-menges.rkc.si\/wp-content\/uploads\/2020\/12\/ma\u0161e-46-20-830x1074.jpg 830w, https:\/\/zupnija-menges.rkc.si\/wp-content\/uploads\/2020\/12\/ma\u0161e-46-20-230x298.jpg 230w, https:\/\/zupnija-menges.rkc.si\/wp-content\/uploads\/2020\/12\/ma\u0161e-46-20-350x453.jpg 350w, https:\/\/zupnija-menges.rkc.si\/wp-content\/uploads\/2020\/12\/ma\u0161e-46-20-480x621.jpg 480w, https:\/\/zupnija-menges.rkc.si\/wp-content\/uploads\/2020\/12\/ma\u0161e-46-20-scaled.jpg 1978w\" sizes=\"(max-width: 664px) 100vw, 664px\" \/><\/figure>\n","protected":false},"excerpt":{"rendered":"<p>\u010ci\u0161\u010denje cerkve pred bo\u017ei\u010dem bo v sredo zjutraj. Na vrsti je skupina iz Pristave in Malega Meng\u0161a zahodno od Liparjeve.Iz\u0161la je nova dvojna prazni\u010dna bo\u017ei\u010dna \u0161tevilka Dru\u017eine. Cena enega izvoda [&hellip;]<\/p>\n","protected":false},"author":2,"featured_media":1456,"comment_status":"closed","ping_status":"closed","sticky":false,"template":"","format":"standard","meta":[],"categories":[3],"tags":[],"yoast_head":"<!-- This site is optimized with the Yoast SEO plugin v20.5 - https:\/\/yoast.com\/wordpress\/plugins\/seo\/ -->\n<title>OZNANILA: \u010cetrta adventna nedelja - \u017dupnija Menge\u0161<\/title>\n<meta name=\"robots\" content=\"index, follow, max-snippet:-1, max-image-preview:large, max-video-preview:-1\" \/>\n<link rel=\"canonical\" href=\"https:\/\/zupnija-menges.rkc.si\/index.php\/2020\/12\/19\/oznanila-cetrta-adventna-nedelja\/\" \/>\n<meta property=\"og:locale\" content=\"sl_SI\" \/>\n<meta property=\"og:type\" content=\"article\" \/>\n<meta property=\"og:title\" content=\"OZNANILA: \u010cetrta adventna nedelja - \u017dupnija Menge\u0161\" \/>\n<meta property=\"og:description\" content=\"\u010ci\u0161\u010denje cerkve pred bo\u017ei\u010dem bo v sredo zjutraj. Na vrsti je skupina iz Pristave in Malega Meng\u0161a zahodno od Liparjeve.Iz\u0161la je nova dvojna prazni\u010dna bo\u017ei\u010dna \u0161tevilka Dru\u017eine. Cena enega izvoda [&hellip;]\" \/>\n<meta property=\"og:url\" content=\"https:\/\/zupnija-menges.rkc.si\/index.php\/2020\/12\/19\/oznanila-cetrta-adventna-nedelja\/\" \/>\n<meta property=\"og:site_name\" content=\"\u017dupnija Menge\u0161\" \/>\n<meta property=\"article:published_time\" content=\"2020-12-19T20:26:02+00:00\" \/>\n<meta property=\"article:modified_time\" content=\"2020-12-26T16:10:23+00:00\" \/>\n<meta property=\"og:image\" content=\"https:\/\/zupnija-menges.rkc.si\/wp-content\/uploads\/2020\/12\/Annunciation_Leonardo-e1608409469343.jpg\" \/>\n\t<meta property=\"og:image:width\" content=\"619\" \/>\n\t<meta property=\"og:image:height\" content=\"300\" \/>\n\t<meta property=\"og:image:type\" content=\"image\/jpeg\" \/>\n<meta name=\"author\" content=\"\u017dupnija Menge\u0161\" \/>\n<meta name=\"twitter:card\" content=\"summary_large_image\" \/>\n<meta name=\"twitter:label1\" content=\"Written by\" \/>\n\t<meta name=\"twitter:data1\" content=\"\u017dupnija Menge\u0161\" \/>\n\t<meta name=\"twitter:label2\" content=\"Est. reading time\" \/>\n\t<meta name=\"twitter:data2\" content=\"2 minuti\" \/>\n<script type=\"application\/ld+json\" class=\"yoast-schema-graph\">{\"@context\":\"https:\/\/schema.org\",\"@graph\":[{\"@type\":\"WebPage\",\"@id\":\"https:\/\/zupnija-menges.rkc.si\/index.php\/2020\/12\/19\/oznanila-cetrta-adventna-nedelja\/\",\"url\":\"https:\/\/zupnija-menges.rkc.si\/index.php\/2020\/12\/19\/oznanila-cetrta-adventna-nedelja\/\",\"name\":\"OZNANILA: \u010cetrta adventna nedelja - \u017dupnija Menge\u0161\",\"isPartOf\":{\"@id\":\"https:\/\/zupnija-menges.rkc.si\/#website\"},\"datePublished\":\"2020-12-19T20:26:02+00:00\",\"dateModified\":\"2020-12-26T16:10:23+00:00\",\"author\":{\"@id\":\"https:\/\/zupnija-menges.rkc.si\/#\/schema\/person\/30a6136b3e62fe0948bbeadab6a011c8\"},\"breadcrumb\":{\"@id\":\"https:\/\/zupnija-menges.rkc.si\/index.php\/2020\/12\/19\/oznanila-cetrta-adventna-nedelja\/#breadcrumb\"},\"inLanguage\":\"sl-SI\",\"potentialAction\":[{\"@type\":\"ReadAction\",\"target\":[\"https:\/\/zupnija-menges.rkc.si\/index.php\/2020\/12\/19\/oznanila-cetrta-adventna-nedelja\/\"]}]},{\"@type\":\"BreadcrumbList\",\"@id\":\"https:\/\/zupnija-menges.rkc.si\/index.php\/2020\/12\/19\/oznanila-cetrta-adventna-nedelja\/#breadcrumb\",\"itemListElement\":[{\"@type\":\"ListItem\",\"position\":1,\"name\":\"Home\",\"item\":\"https:\/\/zupnija-menges.rkc.si\/\"},{\"@type\":\"ListItem\",\"position\":2,\"name\":\"OZNANILA: \u010cetrta adventna nedelja\"}]},{\"@type\":\"WebSite\",\"@id\":\"https:\/\/zupnija-menges.rkc.si\/#website\",\"url\":\"https:\/\/zupnija-menges.rkc.si\/\",\"name\":\"\u017dupnija Menge\u0161\",\"description\":\"\",\"potentialAction\":[{\"@type\":\"SearchAction\",\"target\":{\"@type\":\"EntryPoint\",\"urlTemplate\":\"https:\/\/zupnija-menges.rkc.si\/?s={search_term_string}\"},\"query-input\":\"required name=search_term_string\"}],\"inLanguage\":\"sl-SI\"},{\"@type\":\"Person\",\"@id\":\"https:\/\/zupnija-menges.rkc.si\/#\/schema\/person\/30a6136b3e62fe0948bbeadab6a011c8\",\"name\":\"\u017dupnija Menge\u0161\",\"image\":{\"@type\":\"ImageObject\",\"inLanguage\":\"sl-SI\",\"@id\":\"https:\/\/zupnija-menges.rkc.si\/#\/schema\/person\/image\/\",\"url\":\"https:\/\/secure.gravatar.com\/avatar\/5ab28e97e020e17154731a602459bd9e?s=96&d=mm&r=g\",\"contentUrl\":\"https:\/\/secure.gravatar.com\/avatar\/5ab28e97e020e17154731a602459bd9e?s=96&d=mm&r=g\",\"caption\":\"\u017dupnija Menge\u0161\"},\"url\":\"https:\/\/zupnija-menges.rkc.si\/index.php\/author\/zumenges\/\"}]}<\/script>\n<!-- \/ Yoast SEO plugin. -->","yoast_head_json":{"title":"OZNANILA: \u010cetrta adventna nedelja - \u017dupnija Menge\u0161","robots":{"index":"index","follow":"follow","max-snippet":"max-snippet:-1","max-image-preview":"max-image-preview:large","max-video-preview":"max-video-preview:-1"},"canonical":"https:\/\/zupnija-menges.rkc.si\/index.php\/2020\/12\/19\/oznanila-cetrta-adventna-nedelja\/","og_locale":"sl_SI","og_type":"article","og_title":"OZNANILA: \u010cetrta adventna nedelja - \u017dupnija Menge\u0161","og_description":"\u010ci\u0161\u010denje cerkve pred bo\u017ei\u010dem bo v sredo zjutraj. Na vrsti je skupina iz Pristave in Malega Meng\u0161a zahodno od Liparjeve.Iz\u0161la je nova dvojna prazni\u010dna bo\u017ei\u010dna \u0161tevilka Dru\u017eine. Cena enega izvoda [&hellip;]","og_url":"https:\/\/zupnija-menges.rkc.si\/index.php\/2020\/12\/19\/oznanila-cetrta-adventna-nedelja\/","og_site_name":"\u017dupnija Menge\u0161","article_published_time":"2020-12-19T20:26:02+00:00","article_modified_time":"2020-12-26T16:10:23+00:00","og_image":[{"width":619,"height":300,"url":"https:\/\/zupnija-menges.rkc.si\/wp-content\/uploads\/2020\/12\/Annunciation_Leonardo-e1608409469343.jpg","type":"image\/jpeg"}],"author":"\u017dupnija Menge\u0161","twitter_card":"summary_large_image","twitter_misc":{"Written by":"\u017dupnija Menge\u0161","Est. reading time":"2 minuti"},"schema":{"@context":"https:\/\/schema.org","@graph":[{"@type":"WebPage","@id":"https:\/\/zupnija-menges.rkc.si\/index.php\/2020\/12\/19\/oznanila-cetrta-adventna-nedelja\/","url":"https:\/\/zupnija-menges.rkc.si\/index.php\/2020\/12\/19\/oznanila-cetrta-adventna-nedelja\/","name":"OZNANILA: \u010cetrta adventna nedelja - \u017dupnija Menge\u0161","isPartOf":{"@id":"https:\/\/zupnija-menges.rkc.si\/#website"},"datePublished":"2020-12-19T20:26:02+00:00","dateModified":"2020-12-26T16:10:23+00:00","author":{"@id":"https:\/\/zupnija-menges.rkc.si\/#\/schema\/person\/30a6136b3e62fe0948bbeadab6a011c8"},"breadcrumb":{"@id":"https:\/\/zupnija-menges.rkc.si\/index.php\/2020\/12\/19\/oznanila-cetrta-adventna-nedelja\/#breadcrumb"},"inLanguage":"sl-SI","potentialAction":[{"@type":"ReadAction","target":["https:\/\/zupnija-menges.rkc.si\/index.php\/2020\/12\/19\/oznanila-cetrta-adventna-nedelja\/"]}]},{"@type":"BreadcrumbList","@id":"https:\/\/zupnija-menges.rkc.si\/index.php\/2020\/12\/19\/oznanila-cetrta-adventna-nedelja\/#breadcrumb","itemListElement":[{"@type":"ListItem","position":1,"name":"Home","item":"https:\/\/zupnija-menges.rkc.si\/"},{"@type":"ListItem","position":2,"name":"OZNANILA: \u010cetrta adventna nedelja"}]},{"@type":"WebSite","@id":"https:\/\/zupnija-menges.rkc.si\/#website","url":"https:\/\/zupnija-menges.rkc.si\/","name":"\u017dupnija Menge\u0161","description":"","potentialAction":[{"@type":"SearchAction","target":{"@type":"EntryPoint","urlTemplate":"https:\/\/zupnija-menges.rkc.si\/?s={search_term_string}"},"query-input":"required name=search_term_string"}],"inLanguage":"sl-SI"},{"@type":"Person","@id":"https:\/\/zupnija-menges.rkc.si\/#\/schema\/person\/30a6136b3e62fe0948bbeadab6a011c8","name":"\u017dupnija Menge\u0161","image":{"@type":"ImageObject","inLanguage":"sl-SI","@id":"https:\/\/zupnija-menges.rkc.si\/#\/schema\/person\/image\/","url":"https:\/\/secure.gravatar.com\/avatar\/5ab28e97e020e17154731a602459bd9e?s=96&d=mm&r=g","contentUrl":"https:\/\/secure.gravatar.com\/avatar\/5ab28e97e020e17154731a602459bd9e?s=96&d=mm&r=g","caption":"\u017dupnija Menge\u0161"},"url":"https:\/\/zupnija-menges.rkc.si\/index.php\/author\/zumenges\/"}]}},"_links":{"self":[{"href":"https:\/\/zupnija-menges.rkc.si\/index.php\/wp-json\/wp\/v2\/posts\/1454"}],"collection":[{"href":"https:\/\/zupnija-menges.rkc.si\/index.php\/wp-json\/wp\/v2\/posts"}],"about":[{"href":"https:\/\/zupnija-menges.rkc.si\/index.php\/wp-json\/wp\/v2\/types\/post"}],"author":[{"embeddable":true,"href":"https:\/\/zupnija-menges.rkc.si\/index.php\/wp-json\/wp\/v2\/users\/2"}],"replies":[{"embeddable":true,"href":"https:\/\/zupnija-menges.rkc.si\/index.php\/wp-json\/wp\/v2\/comments?post=1454"}],"version-history":[{"count":3,"href":"https:\/\/zupnija-menges.rkc.si\/index.php\/wp-json\/wp\/v2\/posts\/1454\/revisions"}],"predecessor-version":[{"id":1463,"href":"https:\/\/zupnija-menges.rkc.si\/index.php\/wp-json\/wp\/v2\/posts\/1454\/revisions\/1463"}],"wp:featuredmedia":[{"embeddable":true,"href":"https:\/\/zupnija-menges.rkc.si\/index.php\/wp-json\/wp\/v2\/media\/1456"}],"wp:attachment":[{"href":"https:\/\/zupnija-menges.rkc.si\/index.php\/wp-json\/wp\/v2\/media?parent=1454"}],"wp:term":[{"taxonomy":"category","embeddable":true,"href":"https:\/\/zupnija-menges.rkc.si\/index.php\/wp-json\/wp\/v2\/categories?post=1454"},{"taxonomy":"post_tag","embeddable":true,"href":"https:\/\/zupnija-menges.rkc.si\/index.php\/wp-json\/wp\/v2\/tags?post=1454"}],"curies":[{"name":"wp","href":"https:\/\/api.w.org\/{rel}","templated":true}]}}