{"id":1270,"date":"2020-07-21T17:38:28","date_gmt":"2020-07-21T17:38:28","guid":{"rendered":"https:\/\/zupnija-menges.rkc.si\/?p=1270"},"modified":"2020-07-25T19:33:17","modified_gmt":"2020-07-25T19:33:17","slug":"16-navadna-nedelja","status":"publish","type":"post","link":"https:\/\/zupnija-menges.rkc.si\/index.php\/2020\/07\/21\/16-navadna-nedelja\/","title":{"rendered":"16. navadna nedelja"},"content":{"rendered":"\n<figure class=\"wp-block-image size-large\"><img decoding=\"async\" loading=\"lazy\" width=\"800\" height=\"569\" src=\"https:\/\/zupnija-menges.rkc.si\/wp-content\/uploads\/2020\/07\/German_School_-_Saint_Christopher_carrying_the_Infant_Christ_-_NG2156_-_National_Gallery.jpg\" alt=\"\" class=\"wp-image-1272\" srcset=\"https:\/\/zupnija-menges.rkc.si\/wp-content\/uploads\/2020\/07\/German_School_-_Saint_Christopher_carrying_the_Infant_Christ_-_NG2156_-_National_Gallery.jpg 800w, https:\/\/zupnija-menges.rkc.si\/wp-content\/uploads\/2020\/07\/German_School_-_Saint_Christopher_carrying_the_Infant_Christ_-_NG2156_-_National_Gallery-300x213.jpg 300w, https:\/\/zupnija-menges.rkc.si\/wp-content\/uploads\/2020\/07\/German_School_-_Saint_Christopher_carrying_the_Infant_Christ_-_NG2156_-_National_Gallery-768x546.jpg 768w, https:\/\/zupnija-menges.rkc.si\/wp-content\/uploads\/2020\/07\/German_School_-_Saint_Christopher_carrying_the_Infant_Christ_-_NG2156_-_National_Gallery-230x164.jpg 230w, https:\/\/zupnija-menges.rkc.si\/wp-content\/uploads\/2020\/07\/German_School_-_Saint_Christopher_carrying_the_Infant_Christ_-_NG2156_-_National_Gallery-350x249.jpg 350w, https:\/\/zupnija-menges.rkc.si\/wp-content\/uploads\/2020\/07\/German_School_-_Saint_Christopher_carrying_the_Infant_Christ_-_NG2156_-_National_Gallery-480x341.jpg 480w\" sizes=\"(max-width: 800px) 100vw, 800px\" \/><figcaption><em>neznani avtor: Sveti Kri\u0161tof nosi Kristusa<\/em><\/figcaption><\/figure>\n\n\n\n<p>Za \u010di\u0161\u010denje in kra\u0161enje cerkve se zahvaljujem skupini iz Malega Meng\u0161a, vzhodno od Liparjeve. Prihodnjo soboto so na vrsti Topole in Dobeno. V sredo ob 18h bo molitev pred Najsvetej\u0161im za \u017eupnijo.<br>Prihodnja nedelja bo Kri\u0161tofova. Po vseh ma\u0161ah bo blagoslov avtomobilov. Zadaj v skrinjico boste lahko prispevali stotin za sre\u010dno prevo\u017een kilometer. Pri sveti ma\u0161i ob 10h bo imel ponovitev nove ma\u0161e leto\u0161nji novoma\u0161nik Tilen Oberwald Zupanc iz Jar\u0161, ki je do leta 1975 spadala pod Menge\u0161ko<br>\u017eupnijo. Pri tej sveti ma\u0161i bo tudi ofer za novoma\u0161nika.<\/p>\n\n\n\n<div class=\"wp-block-image\"><figure class=\"aligncenter size-large is-resized\"><img decoding=\"async\" loading=\"lazy\" src=\"https:\/\/zupnija-menges.rkc.si\/wp-content\/uploads\/2020\/07\/ma\u0161e-25-20-791x1024.jpg\" alt=\"\" class=\"wp-image-1271\" width=\"753\" height=\"974\" srcset=\"https:\/\/zupnija-menges.rkc.si\/wp-content\/uploads\/2020\/07\/ma\u0161e-25-20-791x1024.jpg 791w, https:\/\/zupnija-menges.rkc.si\/wp-content\/uploads\/2020\/07\/ma\u0161e-25-20-232x300.jpg 232w, https:\/\/zupnija-menges.rkc.si\/wp-content\/uploads\/2020\/07\/ma\u0161e-25-20-768x994.jpg 768w, https:\/\/zupnija-menges.rkc.si\/wp-content\/uploads\/2020\/07\/ma\u0161e-25-20-1187x1536.jpg 1187w, https:\/\/zupnija-menges.rkc.si\/wp-content\/uploads\/2020\/07\/ma\u0161e-25-20-1583x2048.jpg 1583w, https:\/\/zupnija-menges.rkc.si\/wp-content\/uploads\/2020\/07\/ma\u0161e-25-20-830x1074.jpg 830w, https:\/\/zupnija-menges.rkc.si\/wp-content\/uploads\/2020\/07\/ma\u0161e-25-20-230x298.jpg 230w, https:\/\/zupnija-menges.rkc.si\/wp-content\/uploads\/2020\/07\/ma\u0161e-25-20-350x453.jpg 350w, https:\/\/zupnija-menges.rkc.si\/wp-content\/uploads\/2020\/07\/ma\u0161e-25-20-480x621.jpg 480w, https:\/\/zupnija-menges.rkc.si\/wp-content\/uploads\/2020\/07\/ma\u0161e-25-20-scaled.jpg 1978w\" sizes=\"(max-width: 753px) 100vw, 753px\" \/><\/figure><\/div>\n","protected":false},"excerpt":{"rendered":"<p>Za \u010di\u0161\u010denje in kra\u0161enje cerkve se zahvaljujem skupini iz Malega Meng\u0161a, vzhodno od Liparjeve. Prihodnjo soboto so na vrsti Topole in Dobeno. V sredo ob 18h bo molitev pred Najsvetej\u0161im [&hellip;]<\/p>\n","protected":false},"author":2,"featured_media":1272,"comment_status":"closed","ping_status":"closed","sticky":false,"template":"","format":"standard","meta":[],"categories":[3],"tags":[],"yoast_head":"<!-- This site is optimized with the Yoast SEO plugin v20.5 - https:\/\/yoast.com\/wordpress\/plugins\/seo\/ -->\n<title>16. navadna nedelja - \u017dupnija Menge\u0161<\/title>\n<meta name=\"robots\" content=\"index, follow, max-snippet:-1, max-image-preview:large, max-video-preview:-1\" \/>\n<link rel=\"canonical\" href=\"https:\/\/zupnija-menges.rkc.si\/index.php\/2020\/07\/21\/16-navadna-nedelja\/\" \/>\n<meta property=\"og:locale\" content=\"sl_SI\" \/>\n<meta property=\"og:type\" content=\"article\" \/>\n<meta property=\"og:title\" content=\"16. navadna nedelja - \u017dupnija Menge\u0161\" \/>\n<meta property=\"og:description\" content=\"Za \u010di\u0161\u010denje in kra\u0161enje cerkve se zahvaljujem skupini iz Malega Meng\u0161a, vzhodno od Liparjeve. Prihodnjo soboto so na vrsti Topole in Dobeno. V sredo ob 18h bo molitev pred Najsvetej\u0161im [&hellip;]\" \/>\n<meta property=\"og:url\" content=\"https:\/\/zupnija-menges.rkc.si\/index.php\/2020\/07\/21\/16-navadna-nedelja\/\" \/>\n<meta property=\"og:site_name\" content=\"\u017dupnija Menge\u0161\" \/>\n<meta property=\"article:published_time\" content=\"2020-07-21T17:38:28+00:00\" \/>\n<meta property=\"article:modified_time\" content=\"2020-07-25T19:33:17+00:00\" \/>\n<meta property=\"og:image\" content=\"https:\/\/zupnija-menges.rkc.si\/wp-content\/uploads\/2020\/07\/German_School_-_Saint_Christopher_carrying_the_Infant_Christ_-_NG2156_-_National_Gallery.jpg\" \/>\n\t<meta property=\"og:image:width\" content=\"800\" \/>\n\t<meta property=\"og:image:height\" content=\"569\" \/>\n\t<meta property=\"og:image:type\" content=\"image\/jpeg\" \/>\n<meta name=\"author\" content=\"\u017dupnija Menge\u0161\" \/>\n<meta name=\"twitter:card\" content=\"summary_large_image\" \/>\n<meta name=\"twitter:label1\" content=\"Written by\" \/>\n\t<meta name=\"twitter:data1\" content=\"\u017dupnija Menge\u0161\" \/>\n\t<meta name=\"twitter:label2\" content=\"Est. reading time\" \/>\n\t<meta name=\"twitter:data2\" content=\"1 minuta\" \/>\n<script type=\"application\/ld+json\" class=\"yoast-schema-graph\">{\"@context\":\"https:\/\/schema.org\",\"@graph\":[{\"@type\":\"WebPage\",\"@id\":\"https:\/\/zupnija-menges.rkc.si\/index.php\/2020\/07\/21\/16-navadna-nedelja\/\",\"url\":\"https:\/\/zupnija-menges.rkc.si\/index.php\/2020\/07\/21\/16-navadna-nedelja\/\",\"name\":\"16. navadna nedelja - \u017dupnija Menge\u0161\",\"isPartOf\":{\"@id\":\"https:\/\/zupnija-menges.rkc.si\/#website\"},\"datePublished\":\"2020-07-21T17:38:28+00:00\",\"dateModified\":\"2020-07-25T19:33:17+00:00\",\"author\":{\"@id\":\"https:\/\/zupnija-menges.rkc.si\/#\/schema\/person\/30a6136b3e62fe0948bbeadab6a011c8\"},\"breadcrumb\":{\"@id\":\"https:\/\/zupnija-menges.rkc.si\/index.php\/2020\/07\/21\/16-navadna-nedelja\/#breadcrumb\"},\"inLanguage\":\"sl-SI\",\"potentialAction\":[{\"@type\":\"ReadAction\",\"target\":[\"https:\/\/zupnija-menges.rkc.si\/index.php\/2020\/07\/21\/16-navadna-nedelja\/\"]}]},{\"@type\":\"BreadcrumbList\",\"@id\":\"https:\/\/zupnija-menges.rkc.si\/index.php\/2020\/07\/21\/16-navadna-nedelja\/#breadcrumb\",\"itemListElement\":[{\"@type\":\"ListItem\",\"position\":1,\"name\":\"Home\",\"item\":\"https:\/\/zupnija-menges.rkc.si\/\"},{\"@type\":\"ListItem\",\"position\":2,\"name\":\"16. navadna nedelja\"}]},{\"@type\":\"WebSite\",\"@id\":\"https:\/\/zupnija-menges.rkc.si\/#website\",\"url\":\"https:\/\/zupnija-menges.rkc.si\/\",\"name\":\"\u017dupnija Menge\u0161\",\"description\":\"\",\"potentialAction\":[{\"@type\":\"SearchAction\",\"target\":{\"@type\":\"EntryPoint\",\"urlTemplate\":\"https:\/\/zupnija-menges.rkc.si\/?s={search_term_string}\"},\"query-input\":\"required name=search_term_string\"}],\"inLanguage\":\"sl-SI\"},{\"@type\":\"Person\",\"@id\":\"https:\/\/zupnija-menges.rkc.si\/#\/schema\/person\/30a6136b3e62fe0948bbeadab6a011c8\",\"name\":\"\u017dupnija Menge\u0161\",\"image\":{\"@type\":\"ImageObject\",\"inLanguage\":\"sl-SI\",\"@id\":\"https:\/\/zupnija-menges.rkc.si\/#\/schema\/person\/image\/\",\"url\":\"https:\/\/secure.gravatar.com\/avatar\/5ab28e97e020e17154731a602459bd9e?s=96&d=mm&r=g\",\"contentUrl\":\"https:\/\/secure.gravatar.com\/avatar\/5ab28e97e020e17154731a602459bd9e?s=96&d=mm&r=g\",\"caption\":\"\u017dupnija Menge\u0161\"},\"url\":\"https:\/\/zupnija-menges.rkc.si\/index.php\/author\/zumenges\/\"}]}<\/script>\n<!-- \/ Yoast SEO plugin. -->","yoast_head_json":{"title":"16. navadna nedelja - \u017dupnija Menge\u0161","robots":{"index":"index","follow":"follow","max-snippet":"max-snippet:-1","max-image-preview":"max-image-preview:large","max-video-preview":"max-video-preview:-1"},"canonical":"https:\/\/zupnija-menges.rkc.si\/index.php\/2020\/07\/21\/16-navadna-nedelja\/","og_locale":"sl_SI","og_type":"article","og_title":"16. navadna nedelja - \u017dupnija Menge\u0161","og_description":"Za \u010di\u0161\u010denje in kra\u0161enje cerkve se zahvaljujem skupini iz Malega Meng\u0161a, vzhodno od Liparjeve. Prihodnjo soboto so na vrsti Topole in Dobeno. V sredo ob 18h bo molitev pred Najsvetej\u0161im [&hellip;]","og_url":"https:\/\/zupnija-menges.rkc.si\/index.php\/2020\/07\/21\/16-navadna-nedelja\/","og_site_name":"\u017dupnija Menge\u0161","article_published_time":"2020-07-21T17:38:28+00:00","article_modified_time":"2020-07-25T19:33:17+00:00","og_image":[{"width":800,"height":569,"url":"https:\/\/zupnija-menges.rkc.si\/wp-content\/uploads\/2020\/07\/German_School_-_Saint_Christopher_carrying_the_Infant_Christ_-_NG2156_-_National_Gallery.jpg","type":"image\/jpeg"}],"author":"\u017dupnija Menge\u0161","twitter_card":"summary_large_image","twitter_misc":{"Written by":"\u017dupnija Menge\u0161","Est. reading time":"1 minuta"},"schema":{"@context":"https:\/\/schema.org","@graph":[{"@type":"WebPage","@id":"https:\/\/zupnija-menges.rkc.si\/index.php\/2020\/07\/21\/16-navadna-nedelja\/","url":"https:\/\/zupnija-menges.rkc.si\/index.php\/2020\/07\/21\/16-navadna-nedelja\/","name":"16. navadna nedelja - \u017dupnija Menge\u0161","isPartOf":{"@id":"https:\/\/zupnija-menges.rkc.si\/#website"},"datePublished":"2020-07-21T17:38:28+00:00","dateModified":"2020-07-25T19:33:17+00:00","author":{"@id":"https:\/\/zupnija-menges.rkc.si\/#\/schema\/person\/30a6136b3e62fe0948bbeadab6a011c8"},"breadcrumb":{"@id":"https:\/\/zupnija-menges.rkc.si\/index.php\/2020\/07\/21\/16-navadna-nedelja\/#breadcrumb"},"inLanguage":"sl-SI","potentialAction":[{"@type":"ReadAction","target":["https:\/\/zupnija-menges.rkc.si\/index.php\/2020\/07\/21\/16-navadna-nedelja\/"]}]},{"@type":"BreadcrumbList","@id":"https:\/\/zupnija-menges.rkc.si\/index.php\/2020\/07\/21\/16-navadna-nedelja\/#breadcrumb","itemListElement":[{"@type":"ListItem","position":1,"name":"Home","item":"https:\/\/zupnija-menges.rkc.si\/"},{"@type":"ListItem","position":2,"name":"16. navadna nedelja"}]},{"@type":"WebSite","@id":"https:\/\/zupnija-menges.rkc.si\/#website","url":"https:\/\/zupnija-menges.rkc.si\/","name":"\u017dupnija Menge\u0161","description":"","potentialAction":[{"@type":"SearchAction","target":{"@type":"EntryPoint","urlTemplate":"https:\/\/zupnija-menges.rkc.si\/?s={search_term_string}"},"query-input":"required name=search_term_string"}],"inLanguage":"sl-SI"},{"@type":"Person","@id":"https:\/\/zupnija-menges.rkc.si\/#\/schema\/person\/30a6136b3e62fe0948bbeadab6a011c8","name":"\u017dupnija Menge\u0161","image":{"@type":"ImageObject","inLanguage":"sl-SI","@id":"https:\/\/zupnija-menges.rkc.si\/#\/schema\/person\/image\/","url":"https:\/\/secure.gravatar.com\/avatar\/5ab28e97e020e17154731a602459bd9e?s=96&d=mm&r=g","contentUrl":"https:\/\/secure.gravatar.com\/avatar\/5ab28e97e020e17154731a602459bd9e?s=96&d=mm&r=g","caption":"\u017dupnija Menge\u0161"},"url":"https:\/\/zupnija-menges.rkc.si\/index.php\/author\/zumenges\/"}]}},"_links":{"self":[{"href":"https:\/\/zupnija-menges.rkc.si\/index.php\/wp-json\/wp\/v2\/posts\/1270"}],"collection":[{"href":"https:\/\/zupnija-menges.rkc.si\/index.php\/wp-json\/wp\/v2\/posts"}],"about":[{"href":"https:\/\/zupnija-menges.rkc.si\/index.php\/wp-json\/wp\/v2\/types\/post"}],"author":[{"embeddable":true,"href":"https:\/\/zupnija-menges.rkc.si\/index.php\/wp-json\/wp\/v2\/users\/2"}],"replies":[{"embeddable":true,"href":"https:\/\/zupnija-menges.rkc.si\/index.php\/wp-json\/wp\/v2\/comments?post=1270"}],"version-history":[{"count":1,"href":"https:\/\/zupnija-menges.rkc.si\/index.php\/wp-json\/wp\/v2\/posts\/1270\/revisions"}],"predecessor-version":[{"id":1273,"href":"https:\/\/zupnija-menges.rkc.si\/index.php\/wp-json\/wp\/v2\/posts\/1270\/revisions\/1273"}],"wp:featuredmedia":[{"embeddable":true,"href":"https:\/\/zupnija-menges.rkc.si\/index.php\/wp-json\/wp\/v2\/media\/1272"}],"wp:attachment":[{"href":"https:\/\/zupnija-menges.rkc.si\/index.php\/wp-json\/wp\/v2\/media?parent=1270"}],"wp:term":[{"taxonomy":"category","embeddable":true,"href":"https:\/\/zupnija-menges.rkc.si\/index.php\/wp-json\/wp\/v2\/categories?post=1270"},{"taxonomy":"post_tag","embeddable":true,"href":"https:\/\/zupnija-menges.rkc.si\/index.php\/wp-json\/wp\/v2\/tags?post=1270"}],"curies":[{"name":"wp","href":"https:\/\/api.w.org\/{rel}","templated":true}]}}