{"id":1244,"date":"2020-06-27T21:00:48","date_gmt":"2020-06-27T21:00:48","guid":{"rendered":"https:\/\/zupnija-menges.rkc.si\/?p=1244"},"modified":"2020-07-05T07:22:33","modified_gmt":"2020-07-05T07:22:33","slug":"trinajsta-navadna-nedelja","status":"publish","type":"post","link":"https:\/\/zupnija-menges.rkc.si\/index.php\/2020\/06\/27\/trinajsta-navadna-nedelja\/","title":{"rendered":"Trinajsta navadna nedelja"},"content":{"rendered":"\n<div class=\"wp-block-image\"><figure class=\"aligncenter size-large\"><img decoding=\"async\" loading=\"lazy\" width=\"300\" height=\"440\" src=\"https:\/\/zupnija-menges.rkc.si\/wp-content\/uploads\/2020\/06\/523px-Saint_Paul._Detail_of_the_mosaic_in_Arian_Baptistery._Ravenna_Italy-e1593291119795.jpg\" alt=\"\" class=\"wp-image-1245\"\/><figcaption><em>Sveti Pavel<\/em><\/figcaption><\/figure><\/div>\n\n\n\n<p>Za \u010di\u0161\u010denje cerkve se zahvaljujem skupini s Pristave in Malega Meng\u0161a zahodno od Liparjeve. Za kra\u0161enje pa Poloni Debevec. Prihodnjo soboto so na vrsti Veliki Menge\u0161 od Grobeljske do Kolodvorske.<\/p>\n\n\n\n<p><a rel=\"noreferrer noopener\" href=\"https:\/\/katoliska-cerkev.si\/ponovna-obvezna-uporaba-zascitnih-mask-pri-svetih-masah-od-25-junija-2020\" target=\"_blank\">Od 25. junija so v cerkvi zopet obvezne za\u0161\u010ditne maske. <\/a><\/p>\n\n\n\n<p>Spri\u010devala od verouka bodo verou\u010denci dobili pri verouku ob zaklju\u010dku prihodnjega leta. Ko se je verouk prekinil v marcu zaradi koronavirusa, ga potem nismo nadaljevali. \u010ce bodo razmere dopu\u0161\u010dale bomo imeli verouk od 7. septembra dalje.<\/p>\n\n\n\n<p>\u010ce bodo razmere dopu\u0161\u010dale bomo imeli oratorij od 17. do 21. avgusta. <a rel=\"noreferrer noopener\" href=\"https:\/\/zupnija-menges.rkc.si\/index.php\/2020\/06\/14\/oratorij-2020\/\" target=\"_blank\">Prijavnice so na spletni strani \u017eupnije Menge\u0161.<\/a><\/p>\n\n\n\n<p>Jutri na praznik Petra in Pavla bodo v ljubljanski stolnici ob 9h posve\u010deni naslednji novoma\u0161niki: An\u017ee Cunk iz \u017eupnije Kokrica, Martin Leban iz \u017eupnije Jesenice, Tilen Oberwalder Zupanc iz sosednje \u017eupnije Jar\u0161e, Janez Potisek iz \u017eupnije Dol pri Ljubljani, Matej Rus iz \u017eupnije \u0160entvid pri Sti\u010dni ter Lazarist Rok Vinko \u017dlendir iz \u017eupnije Maribor \u2013 sv. Marija.<br>Iz\u0161la je nova \u0161t. Dru\u017eine \u2013 novoma\u0161na.<\/p>\n\n\n\n<p>Od srede do sobote zve\u010der bo uro pred sveto ma\u0161o molitev pred Najsvetej\u0161im. V petek bo prvi petek. Po domovih bo obisk bolnikov. Iz sobote na nedeljo ob celono\u010dno \u010de\u0161\u010denje v zimski kapeli. Prihodnjo nedeljo bo praznik sv. Cirila in Metoda.<\/p>\n\n\n\n<figure class=\"wp-block-image size-large is-resized\"><img decoding=\"async\" loading=\"lazy\" src=\"https:\/\/zupnija-menges.rkc.si\/wp-content\/uploads\/2020\/06\/ma\u0161e-22-20-791x1024.jpg\" alt=\"\" class=\"wp-image-1246\" width=\"724\" height=\"936\" srcset=\"https:\/\/zupnija-menges.rkc.si\/wp-content\/uploads\/2020\/06\/ma\u0161e-22-20-791x1024.jpg 791w, https:\/\/zupnija-menges.rkc.si\/wp-content\/uploads\/2020\/06\/ma\u0161e-22-20-232x300.jpg 232w, https:\/\/zupnija-menges.rkc.si\/wp-content\/uploads\/2020\/06\/ma\u0161e-22-20-768x994.jpg 768w, https:\/\/zupnija-menges.rkc.si\/wp-content\/uploads\/2020\/06\/ma\u0161e-22-20-1187x1536.jpg 1187w, https:\/\/zupnija-menges.rkc.si\/wp-content\/uploads\/2020\/06\/ma\u0161e-22-20-1583x2048.jpg 1583w, https:\/\/zupnija-menges.rkc.si\/wp-content\/uploads\/2020\/06\/ma\u0161e-22-20-830x1074.jpg 830w, https:\/\/zupnija-menges.rkc.si\/wp-content\/uploads\/2020\/06\/ma\u0161e-22-20-230x298.jpg 230w, https:\/\/zupnija-menges.rkc.si\/wp-content\/uploads\/2020\/06\/ma\u0161e-22-20-350x453.jpg 350w, https:\/\/zupnija-menges.rkc.si\/wp-content\/uploads\/2020\/06\/ma\u0161e-22-20-480x621.jpg 480w, https:\/\/zupnija-menges.rkc.si\/wp-content\/uploads\/2020\/06\/ma\u0161e-22-20-scaled.jpg 1978w\" sizes=\"(max-width: 724px) 100vw, 724px\" \/><\/figure>\n","protected":false},"excerpt":{"rendered":"<p>Za \u010di\u0161\u010denje cerkve se zahvaljujem skupini s Pristave in Malega Meng\u0161a zahodno od Liparjeve. Za kra\u0161enje pa Poloni Debevec. Prihodnjo soboto so na vrsti Veliki Menge\u0161 od Grobeljske do Kolodvorske. [&hellip;]<\/p>\n","protected":false},"author":2,"featured_media":1245,"comment_status":"closed","ping_status":"closed","sticky":false,"template":"","format":"standard","meta":[],"categories":[3],"tags":[],"yoast_head":"<!-- This site is optimized with the Yoast SEO plugin v20.5 - https:\/\/yoast.com\/wordpress\/plugins\/seo\/ -->\n<title>Trinajsta navadna nedelja - \u017dupnija Menge\u0161<\/title>\n<meta name=\"robots\" content=\"index, follow, max-snippet:-1, max-image-preview:large, max-video-preview:-1\" \/>\n<link rel=\"canonical\" href=\"https:\/\/zupnija-menges.rkc.si\/index.php\/2020\/06\/27\/trinajsta-navadna-nedelja\/\" \/>\n<meta property=\"og:locale\" content=\"sl_SI\" \/>\n<meta property=\"og:type\" content=\"article\" \/>\n<meta property=\"og:title\" content=\"Trinajsta navadna nedelja - \u017dupnija Menge\u0161\" \/>\n<meta property=\"og:description\" content=\"Za \u010di\u0161\u010denje cerkve se zahvaljujem skupini s Pristave in Malega Meng\u0161a zahodno od Liparjeve. Za kra\u0161enje pa Poloni Debevec. Prihodnjo soboto so na vrsti Veliki Menge\u0161 od Grobeljske do Kolodvorske. [&hellip;]\" \/>\n<meta property=\"og:url\" content=\"https:\/\/zupnija-menges.rkc.si\/index.php\/2020\/06\/27\/trinajsta-navadna-nedelja\/\" \/>\n<meta property=\"og:site_name\" content=\"\u017dupnija Menge\u0161\" \/>\n<meta property=\"article:published_time\" content=\"2020-06-27T21:00:48+00:00\" \/>\n<meta property=\"article:modified_time\" content=\"2020-07-05T07:22:33+00:00\" \/>\n<meta property=\"og:image\" content=\"https:\/\/zupnija-menges.rkc.si\/wp-content\/uploads\/2020\/06\/523px-Saint_Paul._Detail_of_the_mosaic_in_Arian_Baptistery._Ravenna_Italy-e1593291119795.jpg\" \/>\n\t<meta property=\"og:image:width\" content=\"300\" \/>\n\t<meta property=\"og:image:height\" content=\"440\" \/>\n\t<meta property=\"og:image:type\" content=\"image\/jpeg\" \/>\n<meta name=\"author\" content=\"\u017dupnija Menge\u0161\" \/>\n<meta name=\"twitter:card\" content=\"summary_large_image\" \/>\n<meta name=\"twitter:label1\" content=\"Written by\" \/>\n\t<meta name=\"twitter:data1\" content=\"\u017dupnija Menge\u0161\" \/>\n\t<meta name=\"twitter:label2\" content=\"Est. reading time\" \/>\n\t<meta name=\"twitter:data2\" content=\"1 minuta\" \/>\n<script type=\"application\/ld+json\" class=\"yoast-schema-graph\">{\"@context\":\"https:\/\/schema.org\",\"@graph\":[{\"@type\":\"WebPage\",\"@id\":\"https:\/\/zupnija-menges.rkc.si\/index.php\/2020\/06\/27\/trinajsta-navadna-nedelja\/\",\"url\":\"https:\/\/zupnija-menges.rkc.si\/index.php\/2020\/06\/27\/trinajsta-navadna-nedelja\/\",\"name\":\"Trinajsta navadna nedelja - \u017dupnija Menge\u0161\",\"isPartOf\":{\"@id\":\"https:\/\/zupnija-menges.rkc.si\/#website\"},\"datePublished\":\"2020-06-27T21:00:48+00:00\",\"dateModified\":\"2020-07-05T07:22:33+00:00\",\"author\":{\"@id\":\"https:\/\/zupnija-menges.rkc.si\/#\/schema\/person\/30a6136b3e62fe0948bbeadab6a011c8\"},\"breadcrumb\":{\"@id\":\"https:\/\/zupnija-menges.rkc.si\/index.php\/2020\/06\/27\/trinajsta-navadna-nedelja\/#breadcrumb\"},\"inLanguage\":\"sl-SI\",\"potentialAction\":[{\"@type\":\"ReadAction\",\"target\":[\"https:\/\/zupnija-menges.rkc.si\/index.php\/2020\/06\/27\/trinajsta-navadna-nedelja\/\"]}]},{\"@type\":\"BreadcrumbList\",\"@id\":\"https:\/\/zupnija-menges.rkc.si\/index.php\/2020\/06\/27\/trinajsta-navadna-nedelja\/#breadcrumb\",\"itemListElement\":[{\"@type\":\"ListItem\",\"position\":1,\"name\":\"Home\",\"item\":\"https:\/\/zupnija-menges.rkc.si\/\"},{\"@type\":\"ListItem\",\"position\":2,\"name\":\"Trinajsta navadna nedelja\"}]},{\"@type\":\"WebSite\",\"@id\":\"https:\/\/zupnija-menges.rkc.si\/#website\",\"url\":\"https:\/\/zupnija-menges.rkc.si\/\",\"name\":\"\u017dupnija Menge\u0161\",\"description\":\"\",\"potentialAction\":[{\"@type\":\"SearchAction\",\"target\":{\"@type\":\"EntryPoint\",\"urlTemplate\":\"https:\/\/zupnija-menges.rkc.si\/?s={search_term_string}\"},\"query-input\":\"required name=search_term_string\"}],\"inLanguage\":\"sl-SI\"},{\"@type\":\"Person\",\"@id\":\"https:\/\/zupnija-menges.rkc.si\/#\/schema\/person\/30a6136b3e62fe0948bbeadab6a011c8\",\"name\":\"\u017dupnija Menge\u0161\",\"image\":{\"@type\":\"ImageObject\",\"inLanguage\":\"sl-SI\",\"@id\":\"https:\/\/zupnija-menges.rkc.si\/#\/schema\/person\/image\/\",\"url\":\"https:\/\/secure.gravatar.com\/avatar\/5ab28e97e020e17154731a602459bd9e?s=96&d=mm&r=g\",\"contentUrl\":\"https:\/\/secure.gravatar.com\/avatar\/5ab28e97e020e17154731a602459bd9e?s=96&d=mm&r=g\",\"caption\":\"\u017dupnija Menge\u0161\"},\"url\":\"https:\/\/zupnija-menges.rkc.si\/index.php\/author\/zumenges\/\"}]}<\/script>\n<!-- \/ Yoast SEO plugin. -->","yoast_head_json":{"title":"Trinajsta navadna nedelja - \u017dupnija Menge\u0161","robots":{"index":"index","follow":"follow","max-snippet":"max-snippet:-1","max-image-preview":"max-image-preview:large","max-video-preview":"max-video-preview:-1"},"canonical":"https:\/\/zupnija-menges.rkc.si\/index.php\/2020\/06\/27\/trinajsta-navadna-nedelja\/","og_locale":"sl_SI","og_type":"article","og_title":"Trinajsta navadna nedelja - \u017dupnija Menge\u0161","og_description":"Za \u010di\u0161\u010denje cerkve se zahvaljujem skupini s Pristave in Malega Meng\u0161a zahodno od Liparjeve. Za kra\u0161enje pa Poloni Debevec. Prihodnjo soboto so na vrsti Veliki Menge\u0161 od Grobeljske do Kolodvorske. [&hellip;]","og_url":"https:\/\/zupnija-menges.rkc.si\/index.php\/2020\/06\/27\/trinajsta-navadna-nedelja\/","og_site_name":"\u017dupnija Menge\u0161","article_published_time":"2020-06-27T21:00:48+00:00","article_modified_time":"2020-07-05T07:22:33+00:00","og_image":[{"width":300,"height":440,"url":"https:\/\/zupnija-menges.rkc.si\/wp-content\/uploads\/2020\/06\/523px-Saint_Paul._Detail_of_the_mosaic_in_Arian_Baptistery._Ravenna_Italy-e1593291119795.jpg","type":"image\/jpeg"}],"author":"\u017dupnija Menge\u0161","twitter_card":"summary_large_image","twitter_misc":{"Written by":"\u017dupnija Menge\u0161","Est. reading time":"1 minuta"},"schema":{"@context":"https:\/\/schema.org","@graph":[{"@type":"WebPage","@id":"https:\/\/zupnija-menges.rkc.si\/index.php\/2020\/06\/27\/trinajsta-navadna-nedelja\/","url":"https:\/\/zupnija-menges.rkc.si\/index.php\/2020\/06\/27\/trinajsta-navadna-nedelja\/","name":"Trinajsta navadna nedelja - \u017dupnija Menge\u0161","isPartOf":{"@id":"https:\/\/zupnija-menges.rkc.si\/#website"},"datePublished":"2020-06-27T21:00:48+00:00","dateModified":"2020-07-05T07:22:33+00:00","author":{"@id":"https:\/\/zupnija-menges.rkc.si\/#\/schema\/person\/30a6136b3e62fe0948bbeadab6a011c8"},"breadcrumb":{"@id":"https:\/\/zupnija-menges.rkc.si\/index.php\/2020\/06\/27\/trinajsta-navadna-nedelja\/#breadcrumb"},"inLanguage":"sl-SI","potentialAction":[{"@type":"ReadAction","target":["https:\/\/zupnija-menges.rkc.si\/index.php\/2020\/06\/27\/trinajsta-navadna-nedelja\/"]}]},{"@type":"BreadcrumbList","@id":"https:\/\/zupnija-menges.rkc.si\/index.php\/2020\/06\/27\/trinajsta-navadna-nedelja\/#breadcrumb","itemListElement":[{"@type":"ListItem","position":1,"name":"Home","item":"https:\/\/zupnija-menges.rkc.si\/"},{"@type":"ListItem","position":2,"name":"Trinajsta navadna nedelja"}]},{"@type":"WebSite","@id":"https:\/\/zupnija-menges.rkc.si\/#website","url":"https:\/\/zupnija-menges.rkc.si\/","name":"\u017dupnija Menge\u0161","description":"","potentialAction":[{"@type":"SearchAction","target":{"@type":"EntryPoint","urlTemplate":"https:\/\/zupnija-menges.rkc.si\/?s={search_term_string}"},"query-input":"required name=search_term_string"}],"inLanguage":"sl-SI"},{"@type":"Person","@id":"https:\/\/zupnija-menges.rkc.si\/#\/schema\/person\/30a6136b3e62fe0948bbeadab6a011c8","name":"\u017dupnija Menge\u0161","image":{"@type":"ImageObject","inLanguage":"sl-SI","@id":"https:\/\/zupnija-menges.rkc.si\/#\/schema\/person\/image\/","url":"https:\/\/secure.gravatar.com\/avatar\/5ab28e97e020e17154731a602459bd9e?s=96&d=mm&r=g","contentUrl":"https:\/\/secure.gravatar.com\/avatar\/5ab28e97e020e17154731a602459bd9e?s=96&d=mm&r=g","caption":"\u017dupnija Menge\u0161"},"url":"https:\/\/zupnija-menges.rkc.si\/index.php\/author\/zumenges\/"}]}},"_links":{"self":[{"href":"https:\/\/zupnija-menges.rkc.si\/index.php\/wp-json\/wp\/v2\/posts\/1244"}],"collection":[{"href":"https:\/\/zupnija-menges.rkc.si\/index.php\/wp-json\/wp\/v2\/posts"}],"about":[{"href":"https:\/\/zupnija-menges.rkc.si\/index.php\/wp-json\/wp\/v2\/types\/post"}],"author":[{"embeddable":true,"href":"https:\/\/zupnija-menges.rkc.si\/index.php\/wp-json\/wp\/v2\/users\/2"}],"replies":[{"embeddable":true,"href":"https:\/\/zupnija-menges.rkc.si\/index.php\/wp-json\/wp\/v2\/comments?post=1244"}],"version-history":[{"count":1,"href":"https:\/\/zupnija-menges.rkc.si\/index.php\/wp-json\/wp\/v2\/posts\/1244\/revisions"}],"predecessor-version":[{"id":1247,"href":"https:\/\/zupnija-menges.rkc.si\/index.php\/wp-json\/wp\/v2\/posts\/1244\/revisions\/1247"}],"wp:featuredmedia":[{"embeddable":true,"href":"https:\/\/zupnija-menges.rkc.si\/index.php\/wp-json\/wp\/v2\/media\/1245"}],"wp:attachment":[{"href":"https:\/\/zupnija-menges.rkc.si\/index.php\/wp-json\/wp\/v2\/media?parent=1244"}],"wp:term":[{"taxonomy":"category","embeddable":true,"href":"https:\/\/zupnija-menges.rkc.si\/index.php\/wp-json\/wp\/v2\/categories?post=1244"},{"taxonomy":"post_tag","embeddable":true,"href":"https:\/\/zupnija-menges.rkc.si\/index.php\/wp-json\/wp\/v2\/tags?post=1244"}],"curies":[{"name":"wp","href":"https:\/\/api.w.org\/{rel}","templated":true}]}}