{"id":1179,"date":"2020-05-02T20:31:30","date_gmt":"2020-05-02T20:31:30","guid":{"rendered":"https:\/\/zupnija-menges.rkc.si\/?p=1179"},"modified":"2020-05-09T20:03:13","modified_gmt":"2020-05-09T20:03:13","slug":"oznanila-cetrta-velikonocna-nedelja","status":"publish","type":"post","link":"https:\/\/zupnija-menges.rkc.si\/index.php\/2020\/05\/02\/oznanila-cetrta-velikonocna-nedelja\/","title":{"rendered":"OZNANILA: \u010detrta velikono\u010dna nedelja"},"content":{"rendered":"\n<p>Od ponedeljka 4. maja bodo zopet svete ma\u0161e v \u017eupnijski cerkvi.<\/p>\n\n\n\n<div class=\"wp-block-image\"><figure class=\"aligncenter size-large\"><img decoding=\"async\" loading=\"lazy\" width=\"300\" height=\"376\" src=\"https:\/\/zupnija-menges.rkc.si\/wp-content\/uploads\/2020\/05\/GoodShepherdYoungJesus-e1588450875187.jpg\" alt=\"Bartolom\u00e9 Esteban Murillo\" class=\"wp-image-1182\"\/><figcaption><em>Bartolom\u00e9 Esteban Murillo<\/em>:<em> Mladi Jezus dobri pastir<\/em><\/figcaption><\/figure><\/div>\n\n\n\n<p>Slovenski \u0161kofje so nam posredovali nova navodila, ki veljajo od 4. maja 2020 dalje do preklica <a href=\"https:\/\/katoliska-cerkev.si\/media\/datoteke\/2020\/200430-Navodila%20za%20uvajanje%20bogosluzja%20po%20epidemiji.pdf\" target=\"_blank\" rel=\"noreferrer noopener\">(povezava)<\/a>:<\/p>\n\n\n\n<ul><li>Udele\u017eba pri ma\u0161ah je dovoljena samo zdravim osebam, ki nimajo simptomov oku\u017ebe dihal. <\/li><li>Starej\u0161im, kroni\u010dnim bolnikom in drugim zdravstveno ogro\u017eenim osebam priporo\u010damo, da svete ma\u0161e \u0161e naprej spremljajo po televiziji, radiu ali spletu.<\/li><li>V cerkvi mora vsak nositi svojo za\u0161\u010ditno masko ali \u0161al.<\/li><li>Pri vhodu v cerkev si mora vsak razku\u017eiti roke.<\/li><li>Verniki naj v cerkvi ohranjajo medsebojno varnostno razdaljo vsaj 1,5m. Te omejitve ne veljajo za dru\u017eine ali osebe, ki \u017eivijo v skupnem gospodinjstvu.<\/li><li>Vernikom je dovoljeno deliti sveto obhajilo samo na roko.<\/li><li>Spovedovanje v spovednicah ni dovoljeno.<\/li><\/ul>\n\n\n\n<p>Uradne ure so po dogovoru na gsm: 040-200-267 ali marko.kosir@rkc.si. Za svete ma\u0161e oddajte v nabiralnik kuverto z ma\u0161nim namenom in darom. Ter pripi\u0161ite va\u0161 gsm, da vas pokli\u010dem.<\/p>\n\n\n\n<p>V soboto so na vrsti za \u010di\u0161\u010denje in kra\u0161enje cerkve \u017eupljani iz Topol in z Dobena.<\/p>\n\n\n\n<figure class=\"wp-block-image size-large\"><img decoding=\"async\" loading=\"lazy\" width=\"724\" height=\"1024\" src=\"https:\/\/zupnija-menges.rkc.si\/wp-content\/uploads\/2020\/05\/ma\u0161e-16-20-724x1024.jpg\" alt=\"\" class=\"wp-image-1180\" srcset=\"https:\/\/zupnija-menges.rkc.si\/wp-content\/uploads\/2020\/05\/ma\u0161e-16-20-724x1024.jpg 724w, https:\/\/zupnija-menges.rkc.si\/wp-content\/uploads\/2020\/05\/ma\u0161e-16-20-212x300.jpg 212w, https:\/\/zupnija-menges.rkc.si\/wp-content\/uploads\/2020\/05\/ma\u0161e-16-20-768x1086.jpg 768w, https:\/\/zupnija-menges.rkc.si\/wp-content\/uploads\/2020\/05\/ma\u0161e-16-20-1086x1536.jpg 1086w, https:\/\/zupnija-menges.rkc.si\/wp-content\/uploads\/2020\/05\/ma\u0161e-16-20-1448x2048.jpg 1448w, https:\/\/zupnija-menges.rkc.si\/wp-content\/uploads\/2020\/05\/ma\u0161e-16-20-830x1174.jpg 830w, https:\/\/zupnija-menges.rkc.si\/wp-content\/uploads\/2020\/05\/ma\u0161e-16-20-230x325.jpg 230w, https:\/\/zupnija-menges.rkc.si\/wp-content\/uploads\/2020\/05\/ma\u0161e-16-20-350x495.jpg 350w, https:\/\/zupnija-menges.rkc.si\/wp-content\/uploads\/2020\/05\/ma\u0161e-16-20-480x679.jpg 480w, https:\/\/zupnija-menges.rkc.si\/wp-content\/uploads\/2020\/05\/ma\u0161e-16-20-scaled.jpg 1810w\" sizes=\"(max-width: 724px) 100vw, 724px\" \/><\/figure>\n","protected":false},"excerpt":{"rendered":"<p>Od ponedeljka 4. maja bodo zopet svete ma\u0161e v \u017eupnijski cerkvi. Slovenski \u0161kofje so nam posredovali nova navodila, ki veljajo od 4. maja 2020 dalje do preklica (povezava): Udele\u017eba pri [&hellip;]<\/p>\n","protected":false},"author":2,"featured_media":1182,"comment_status":"closed","ping_status":"closed","sticky":false,"template":"","format":"standard","meta":[],"categories":[3],"tags":[],"yoast_head":"<!-- This site is optimized with the Yoast SEO plugin v20.5 - https:\/\/yoast.com\/wordpress\/plugins\/seo\/ -->\n<title>OZNANILA: \u010detrta velikono\u010dna nedelja - \u017dupnija Menge\u0161<\/title>\n<meta name=\"robots\" content=\"index, follow, max-snippet:-1, max-image-preview:large, max-video-preview:-1\" \/>\n<link rel=\"canonical\" href=\"https:\/\/zupnija-menges.rkc.si\/index.php\/2020\/05\/02\/oznanila-cetrta-velikonocna-nedelja\/\" \/>\n<meta property=\"og:locale\" content=\"sl_SI\" \/>\n<meta property=\"og:type\" content=\"article\" \/>\n<meta property=\"og:title\" content=\"OZNANILA: \u010detrta velikono\u010dna nedelja - \u017dupnija Menge\u0161\" \/>\n<meta property=\"og:description\" content=\"Od ponedeljka 4. maja bodo zopet svete ma\u0161e v \u017eupnijski cerkvi. Slovenski \u0161kofje so nam posredovali nova navodila, ki veljajo od 4. maja 2020 dalje do preklica (povezava): Udele\u017eba pri [&hellip;]\" \/>\n<meta property=\"og:url\" content=\"https:\/\/zupnija-menges.rkc.si\/index.php\/2020\/05\/02\/oznanila-cetrta-velikonocna-nedelja\/\" \/>\n<meta property=\"og:site_name\" content=\"\u017dupnija Menge\u0161\" \/>\n<meta property=\"article:published_time\" content=\"2020-05-02T20:31:30+00:00\" \/>\n<meta property=\"article:modified_time\" content=\"2020-05-09T20:03:13+00:00\" \/>\n<meta property=\"og:image\" content=\"https:\/\/zupnija-menges.rkc.si\/wp-content\/uploads\/2020\/05\/GoodShepherdYoungJesus-e1588450875187.jpg\" \/>\n\t<meta property=\"og:image:width\" content=\"300\" \/>\n\t<meta property=\"og:image:height\" content=\"376\" \/>\n\t<meta property=\"og:image:type\" content=\"image\/jpeg\" \/>\n<meta name=\"author\" content=\"\u017dupnija Menge\u0161\" \/>\n<meta name=\"twitter:card\" content=\"summary_large_image\" \/>\n<meta name=\"twitter:label1\" content=\"Written by\" \/>\n\t<meta name=\"twitter:data1\" content=\"\u017dupnija Menge\u0161\" \/>\n\t<meta name=\"twitter:label2\" content=\"Est. reading time\" \/>\n\t<meta name=\"twitter:data2\" content=\"1 minuta\" \/>\n<script type=\"application\/ld+json\" class=\"yoast-schema-graph\">{\"@context\":\"https:\/\/schema.org\",\"@graph\":[{\"@type\":\"WebPage\",\"@id\":\"https:\/\/zupnija-menges.rkc.si\/index.php\/2020\/05\/02\/oznanila-cetrta-velikonocna-nedelja\/\",\"url\":\"https:\/\/zupnija-menges.rkc.si\/index.php\/2020\/05\/02\/oznanila-cetrta-velikonocna-nedelja\/\",\"name\":\"OZNANILA: \u010detrta velikono\u010dna nedelja - \u017dupnija Menge\u0161\",\"isPartOf\":{\"@id\":\"https:\/\/zupnija-menges.rkc.si\/#website\"},\"datePublished\":\"2020-05-02T20:31:30+00:00\",\"dateModified\":\"2020-05-09T20:03:13+00:00\",\"author\":{\"@id\":\"https:\/\/zupnija-menges.rkc.si\/#\/schema\/person\/30a6136b3e62fe0948bbeadab6a011c8\"},\"breadcrumb\":{\"@id\":\"https:\/\/zupnija-menges.rkc.si\/index.php\/2020\/05\/02\/oznanila-cetrta-velikonocna-nedelja\/#breadcrumb\"},\"inLanguage\":\"sl-SI\",\"potentialAction\":[{\"@type\":\"ReadAction\",\"target\":[\"https:\/\/zupnija-menges.rkc.si\/index.php\/2020\/05\/02\/oznanila-cetrta-velikonocna-nedelja\/\"]}]},{\"@type\":\"BreadcrumbList\",\"@id\":\"https:\/\/zupnija-menges.rkc.si\/index.php\/2020\/05\/02\/oznanila-cetrta-velikonocna-nedelja\/#breadcrumb\",\"itemListElement\":[{\"@type\":\"ListItem\",\"position\":1,\"name\":\"Home\",\"item\":\"https:\/\/zupnija-menges.rkc.si\/\"},{\"@type\":\"ListItem\",\"position\":2,\"name\":\"OZNANILA: \u010detrta velikono\u010dna nedelja\"}]},{\"@type\":\"WebSite\",\"@id\":\"https:\/\/zupnija-menges.rkc.si\/#website\",\"url\":\"https:\/\/zupnija-menges.rkc.si\/\",\"name\":\"\u017dupnija Menge\u0161\",\"description\":\"\",\"potentialAction\":[{\"@type\":\"SearchAction\",\"target\":{\"@type\":\"EntryPoint\",\"urlTemplate\":\"https:\/\/zupnija-menges.rkc.si\/?s={search_term_string}\"},\"query-input\":\"required name=search_term_string\"}],\"inLanguage\":\"sl-SI\"},{\"@type\":\"Person\",\"@id\":\"https:\/\/zupnija-menges.rkc.si\/#\/schema\/person\/30a6136b3e62fe0948bbeadab6a011c8\",\"name\":\"\u017dupnija Menge\u0161\",\"image\":{\"@type\":\"ImageObject\",\"inLanguage\":\"sl-SI\",\"@id\":\"https:\/\/zupnija-menges.rkc.si\/#\/schema\/person\/image\/\",\"url\":\"https:\/\/secure.gravatar.com\/avatar\/5ab28e97e020e17154731a602459bd9e?s=96&d=mm&r=g\",\"contentUrl\":\"https:\/\/secure.gravatar.com\/avatar\/5ab28e97e020e17154731a602459bd9e?s=96&d=mm&r=g\",\"caption\":\"\u017dupnija Menge\u0161\"},\"url\":\"https:\/\/zupnija-menges.rkc.si\/index.php\/author\/zumenges\/\"}]}<\/script>\n<!-- \/ Yoast SEO plugin. -->","yoast_head_json":{"title":"OZNANILA: \u010detrta velikono\u010dna nedelja - \u017dupnija Menge\u0161","robots":{"index":"index","follow":"follow","max-snippet":"max-snippet:-1","max-image-preview":"max-image-preview:large","max-video-preview":"max-video-preview:-1"},"canonical":"https:\/\/zupnija-menges.rkc.si\/index.php\/2020\/05\/02\/oznanila-cetrta-velikonocna-nedelja\/","og_locale":"sl_SI","og_type":"article","og_title":"OZNANILA: \u010detrta velikono\u010dna nedelja - \u017dupnija Menge\u0161","og_description":"Od ponedeljka 4. maja bodo zopet svete ma\u0161e v \u017eupnijski cerkvi. Slovenski \u0161kofje so nam posredovali nova navodila, ki veljajo od 4. maja 2020 dalje do preklica (povezava): Udele\u017eba pri [&hellip;]","og_url":"https:\/\/zupnija-menges.rkc.si\/index.php\/2020\/05\/02\/oznanila-cetrta-velikonocna-nedelja\/","og_site_name":"\u017dupnija Menge\u0161","article_published_time":"2020-05-02T20:31:30+00:00","article_modified_time":"2020-05-09T20:03:13+00:00","og_image":[{"width":300,"height":376,"url":"https:\/\/zupnija-menges.rkc.si\/wp-content\/uploads\/2020\/05\/GoodShepherdYoungJesus-e1588450875187.jpg","type":"image\/jpeg"}],"author":"\u017dupnija Menge\u0161","twitter_card":"summary_large_image","twitter_misc":{"Written by":"\u017dupnija Menge\u0161","Est. reading time":"1 minuta"},"schema":{"@context":"https:\/\/schema.org","@graph":[{"@type":"WebPage","@id":"https:\/\/zupnija-menges.rkc.si\/index.php\/2020\/05\/02\/oznanila-cetrta-velikonocna-nedelja\/","url":"https:\/\/zupnija-menges.rkc.si\/index.php\/2020\/05\/02\/oznanila-cetrta-velikonocna-nedelja\/","name":"OZNANILA: \u010detrta velikono\u010dna nedelja - \u017dupnija Menge\u0161","isPartOf":{"@id":"https:\/\/zupnija-menges.rkc.si\/#website"},"datePublished":"2020-05-02T20:31:30+00:00","dateModified":"2020-05-09T20:03:13+00:00","author":{"@id":"https:\/\/zupnija-menges.rkc.si\/#\/schema\/person\/30a6136b3e62fe0948bbeadab6a011c8"},"breadcrumb":{"@id":"https:\/\/zupnija-menges.rkc.si\/index.php\/2020\/05\/02\/oznanila-cetrta-velikonocna-nedelja\/#breadcrumb"},"inLanguage":"sl-SI","potentialAction":[{"@type":"ReadAction","target":["https:\/\/zupnija-menges.rkc.si\/index.php\/2020\/05\/02\/oznanila-cetrta-velikonocna-nedelja\/"]}]},{"@type":"BreadcrumbList","@id":"https:\/\/zupnija-menges.rkc.si\/index.php\/2020\/05\/02\/oznanila-cetrta-velikonocna-nedelja\/#breadcrumb","itemListElement":[{"@type":"ListItem","position":1,"name":"Home","item":"https:\/\/zupnija-menges.rkc.si\/"},{"@type":"ListItem","position":2,"name":"OZNANILA: \u010detrta velikono\u010dna nedelja"}]},{"@type":"WebSite","@id":"https:\/\/zupnija-menges.rkc.si\/#website","url":"https:\/\/zupnija-menges.rkc.si\/","name":"\u017dupnija Menge\u0161","description":"","potentialAction":[{"@type":"SearchAction","target":{"@type":"EntryPoint","urlTemplate":"https:\/\/zupnija-menges.rkc.si\/?s={search_term_string}"},"query-input":"required name=search_term_string"}],"inLanguage":"sl-SI"},{"@type":"Person","@id":"https:\/\/zupnija-menges.rkc.si\/#\/schema\/person\/30a6136b3e62fe0948bbeadab6a011c8","name":"\u017dupnija Menge\u0161","image":{"@type":"ImageObject","inLanguage":"sl-SI","@id":"https:\/\/zupnija-menges.rkc.si\/#\/schema\/person\/image\/","url":"https:\/\/secure.gravatar.com\/avatar\/5ab28e97e020e17154731a602459bd9e?s=96&d=mm&r=g","contentUrl":"https:\/\/secure.gravatar.com\/avatar\/5ab28e97e020e17154731a602459bd9e?s=96&d=mm&r=g","caption":"\u017dupnija Menge\u0161"},"url":"https:\/\/zupnija-menges.rkc.si\/index.php\/author\/zumenges\/"}]}},"_links":{"self":[{"href":"https:\/\/zupnija-menges.rkc.si\/index.php\/wp-json\/wp\/v2\/posts\/1179"}],"collection":[{"href":"https:\/\/zupnija-menges.rkc.si\/index.php\/wp-json\/wp\/v2\/posts"}],"about":[{"href":"https:\/\/zupnija-menges.rkc.si\/index.php\/wp-json\/wp\/v2\/types\/post"}],"author":[{"embeddable":true,"href":"https:\/\/zupnija-menges.rkc.si\/index.php\/wp-json\/wp\/v2\/users\/2"}],"replies":[{"embeddable":true,"href":"https:\/\/zupnija-menges.rkc.si\/index.php\/wp-json\/wp\/v2\/comments?post=1179"}],"version-history":[{"count":5,"href":"https:\/\/zupnija-menges.rkc.si\/index.php\/wp-json\/wp\/v2\/posts\/1179\/revisions"}],"predecessor-version":[{"id":1187,"href":"https:\/\/zupnija-menges.rkc.si\/index.php\/wp-json\/wp\/v2\/posts\/1179\/revisions\/1187"}],"wp:featuredmedia":[{"embeddable":true,"href":"https:\/\/zupnija-menges.rkc.si\/index.php\/wp-json\/wp\/v2\/media\/1182"}],"wp:attachment":[{"href":"https:\/\/zupnija-menges.rkc.si\/index.php\/wp-json\/wp\/v2\/media?parent=1179"}],"wp:term":[{"taxonomy":"category","embeddable":true,"href":"https:\/\/zupnija-menges.rkc.si\/index.php\/wp-json\/wp\/v2\/categories?post=1179"},{"taxonomy":"post_tag","embeddable":true,"href":"https:\/\/zupnija-menges.rkc.si\/index.php\/wp-json\/wp\/v2\/tags?post=1179"}],"curies":[{"name":"wp","href":"https:\/\/api.w.org\/{rel}","templated":true}]}}