{"id":1164,"date":"2020-04-26T07:40:42","date_gmt":"2020-04-26T07:40:42","guid":{"rendered":"https:\/\/zupnija-menges.rkc.si\/?p=1164"},"modified":"2020-05-02T20:31:52","modified_gmt":"2020-05-02T20:31:52","slug":"oznanila-tretja-velikonocna-nedelja","status":"publish","type":"post","link":"https:\/\/zupnija-menges.rkc.si\/index.php\/2020\/04\/26\/oznanila-tretja-velikonocna-nedelja\/","title":{"rendered":"OZNANILA: tretja velikono\u010dna nedelja"},"content":{"rendered":"\n<figure class=\"wp-block-image size-large\"><img decoding=\"async\" loading=\"lazy\" width=\"1024\" height=\"744\" src=\"https:\/\/zupnija-menges.rkc.si\/wp-content\/uploads\/2020\/04\/Jan_Wildens_Landscape_with_Christ_and_his_Disciples_on_the_Road_to_Emmaus-1024x744.jpg\" alt=\"\" class=\"wp-image-1166\"\/><figcaption>Jan Wildens: Jezus z u\u010dencema na poti v Emavs<\/figcaption><\/figure>\n\n\n\n<p class=\"has-text-align-center\"><em>Ni odlo\u010dilno, kako dolgo, kako va\u017eno in pomembno delo opravljamo,<br>ampak da opravljamo tisto, kar nam nebe\u0161ki O\u010de nalo\u017ei in uka\u017ee.<br>(Gregorij Ro\u017eman)<\/em><\/p>\n\n\n\n<p><\/p>\n\n\n\n<p>Teden molitve za duhovne poklice, ki bi se moral za\u010deti 26. aprila je prestavljen zaradi korona virusa. Slovesnost prvega svetega obhajila (17. maja) bo tudi prestavljena. Star\u0161i naj otroke nau\u010dijo predpisane molitve in z njimi delajo doma\u010do nalogo tudi za verouk. <br><a href=\"https:\/\/zupnija-menges.rkc.si\/index.php\/2020\/04\/26\/smarnice-2020\/\" target=\"_blank\" rel=\"noreferrer noopener\">\u0160marnice<\/a> boste lahko spremljali preko valov Radia Ognji\u0161\u010de ali preko interneta. Veliko duhovnikov ma\u0161o prena\u0161a preko Facebooka. Prihodnja nedelja bo 4. velikono\u010dna. Obisk bolnikov za prvi petek zaradi korona virusa odpade.<\/p>\n\n\n\n<figure class=\"wp-block-gallery columns-1 is-cropped wp-block-gallery-1 is-layout-flex\"><ul class=\"blocks-gallery-grid\"><li class=\"blocks-gallery-item\"><figure><img decoding=\"async\" loading=\"lazy\" width=\"791\" height=\"1024\" src=\"https:\/\/zupnija-menges.rkc.si\/wp-content\/uploads\/2020\/04\/ma\u0161e-15-21-791x1024.jpg\" alt=\"\" data-id=\"1165\" data-full-url=\"https:\/\/zupnija-menges.rkc.si\/wp-content\/uploads\/2020\/04\/ma\u0161e-15-21-scaled.jpg\" data-link=\"https:\/\/zupnija-menges.rkc.si\/?attachment_id=1165\" class=\"wp-image-1165\" srcset=\"https:\/\/zupnija-menges.rkc.si\/wp-content\/uploads\/2020\/04\/ma\u0161e-15-21-791x1024.jpg 791w, https:\/\/zupnija-menges.rkc.si\/wp-content\/uploads\/2020\/04\/ma\u0161e-15-21-232x300.jpg 232w, https:\/\/zupnija-menges.rkc.si\/wp-content\/uploads\/2020\/04\/ma\u0161e-15-21-768x994.jpg 768w, https:\/\/zupnija-menges.rkc.si\/wp-content\/uploads\/2020\/04\/ma\u0161e-15-21-1187x1536.jpg 1187w, https:\/\/zupnija-menges.rkc.si\/wp-content\/uploads\/2020\/04\/ma\u0161e-15-21-1583x2048.jpg 1583w, https:\/\/zupnija-menges.rkc.si\/wp-content\/uploads\/2020\/04\/ma\u0161e-15-21-830x1074.jpg 830w, https:\/\/zupnija-menges.rkc.si\/wp-content\/uploads\/2020\/04\/ma\u0161e-15-21-230x298.jpg 230w, https:\/\/zupnija-menges.rkc.si\/wp-content\/uploads\/2020\/04\/ma\u0161e-15-21-350x453.jpg 350w, https:\/\/zupnija-menges.rkc.si\/wp-content\/uploads\/2020\/04\/ma\u0161e-15-21-480x621.jpg 480w, https:\/\/zupnija-menges.rkc.si\/wp-content\/uploads\/2020\/04\/ma\u0161e-15-21-scaled.jpg 1978w\" sizes=\"(max-width: 791px) 100vw, 791px\" \/><\/figure><\/li><\/ul><\/figure>\n","protected":false},"excerpt":{"rendered":"<p>Ni odlo\u010dilno, kako dolgo, kako va\u017eno in pomembno delo opravljamo,ampak da opravljamo tisto, kar nam nebe\u0161ki O\u010de nalo\u017ei in uka\u017ee.(Gregorij Ro\u017eman) Teden molitve za duhovne poklice, ki bi se moral [&hellip;]<\/p>\n","protected":false},"author":2,"featured_media":1166,"comment_status":"closed","ping_status":"closed","sticky":false,"template":"","format":"standard","meta":[],"categories":[3],"tags":[],"yoast_head":"<!-- This site is optimized with the Yoast SEO plugin v20.5 - https:\/\/yoast.com\/wordpress\/plugins\/seo\/ -->\n<title>OZNANILA: tretja velikono\u010dna nedelja - \u017dupnija Menge\u0161<\/title>\n<meta name=\"robots\" content=\"index, follow, max-snippet:-1, max-image-preview:large, max-video-preview:-1\" \/>\n<link rel=\"canonical\" href=\"https:\/\/zupnija-menges.rkc.si\/index.php\/2020\/04\/26\/oznanila-tretja-velikonocna-nedelja\/\" \/>\n<meta property=\"og:locale\" content=\"sl_SI\" \/>\n<meta property=\"og:type\" content=\"article\" \/>\n<meta property=\"og:title\" content=\"OZNANILA: tretja velikono\u010dna nedelja - \u017dupnija Menge\u0161\" \/>\n<meta property=\"og:description\" content=\"Ni odlo\u010dilno, kako dolgo, kako va\u017eno in pomembno delo opravljamo,ampak da opravljamo tisto, kar nam nebe\u0161ki O\u010de nalo\u017ei in uka\u017ee.(Gregorij Ro\u017eman) Teden molitve za duhovne poklice, ki bi se moral [&hellip;]\" \/>\n<meta property=\"og:url\" content=\"https:\/\/zupnija-menges.rkc.si\/index.php\/2020\/04\/26\/oznanila-tretja-velikonocna-nedelja\/\" \/>\n<meta property=\"og:site_name\" content=\"\u017dupnija Menge\u0161\" \/>\n<meta property=\"article:published_time\" content=\"2020-04-26T07:40:42+00:00\" \/>\n<meta property=\"article:modified_time\" content=\"2020-05-02T20:31:52+00:00\" \/>\n<meta property=\"og:image\" content=\"https:\/\/zupnija-menges.rkc.si\/wp-content\/uploads\/2020\/04\/Jan_Wildens_Landscape_with_Christ_and_his_Disciples_on_the_Road_to_Emmaus-scaled-e1587884470883.jpg\" \/>\n\t<meta property=\"og:image:width\" content=\"413\" \/>\n\t<meta property=\"og:image:height\" content=\"300\" \/>\n\t<meta property=\"og:image:type\" content=\"image\/jpeg\" \/>\n<meta name=\"author\" content=\"\u017dupnija Menge\u0161\" \/>\n<meta name=\"twitter:card\" content=\"summary_large_image\" \/>\n<meta name=\"twitter:label1\" content=\"Written by\" \/>\n\t<meta name=\"twitter:data1\" content=\"\u017dupnija Menge\u0161\" \/>\n\t<meta name=\"twitter:label2\" content=\"Est. reading time\" \/>\n\t<meta name=\"twitter:data2\" content=\"1 minuta\" \/>\n<script type=\"application\/ld+json\" class=\"yoast-schema-graph\">{\"@context\":\"https:\/\/schema.org\",\"@graph\":[{\"@type\":\"WebPage\",\"@id\":\"https:\/\/zupnija-menges.rkc.si\/index.php\/2020\/04\/26\/oznanila-tretja-velikonocna-nedelja\/\",\"url\":\"https:\/\/zupnija-menges.rkc.si\/index.php\/2020\/04\/26\/oznanila-tretja-velikonocna-nedelja\/\",\"name\":\"OZNANILA: tretja velikono\u010dna nedelja - \u017dupnija Menge\u0161\",\"isPartOf\":{\"@id\":\"https:\/\/zupnija-menges.rkc.si\/#website\"},\"datePublished\":\"2020-04-26T07:40:42+00:00\",\"dateModified\":\"2020-05-02T20:31:52+00:00\",\"author\":{\"@id\":\"https:\/\/zupnija-menges.rkc.si\/#\/schema\/person\/30a6136b3e62fe0948bbeadab6a011c8\"},\"breadcrumb\":{\"@id\":\"https:\/\/zupnija-menges.rkc.si\/index.php\/2020\/04\/26\/oznanila-tretja-velikonocna-nedelja\/#breadcrumb\"},\"inLanguage\":\"sl-SI\",\"potentialAction\":[{\"@type\":\"ReadAction\",\"target\":[\"https:\/\/zupnija-menges.rkc.si\/index.php\/2020\/04\/26\/oznanila-tretja-velikonocna-nedelja\/\"]}]},{\"@type\":\"BreadcrumbList\",\"@id\":\"https:\/\/zupnija-menges.rkc.si\/index.php\/2020\/04\/26\/oznanila-tretja-velikonocna-nedelja\/#breadcrumb\",\"itemListElement\":[{\"@type\":\"ListItem\",\"position\":1,\"name\":\"Home\",\"item\":\"https:\/\/zupnija-menges.rkc.si\/\"},{\"@type\":\"ListItem\",\"position\":2,\"name\":\"OZNANILA: tretja velikono\u010dna nedelja\"}]},{\"@type\":\"WebSite\",\"@id\":\"https:\/\/zupnija-menges.rkc.si\/#website\",\"url\":\"https:\/\/zupnija-menges.rkc.si\/\",\"name\":\"\u017dupnija Menge\u0161\",\"description\":\"\",\"potentialAction\":[{\"@type\":\"SearchAction\",\"target\":{\"@type\":\"EntryPoint\",\"urlTemplate\":\"https:\/\/zupnija-menges.rkc.si\/?s={search_term_string}\"},\"query-input\":\"required name=search_term_string\"}],\"inLanguage\":\"sl-SI\"},{\"@type\":\"Person\",\"@id\":\"https:\/\/zupnija-menges.rkc.si\/#\/schema\/person\/30a6136b3e62fe0948bbeadab6a011c8\",\"name\":\"\u017dupnija Menge\u0161\",\"image\":{\"@type\":\"ImageObject\",\"inLanguage\":\"sl-SI\",\"@id\":\"https:\/\/zupnija-menges.rkc.si\/#\/schema\/person\/image\/\",\"url\":\"https:\/\/secure.gravatar.com\/avatar\/5ab28e97e020e17154731a602459bd9e?s=96&d=mm&r=g\",\"contentUrl\":\"https:\/\/secure.gravatar.com\/avatar\/5ab28e97e020e17154731a602459bd9e?s=96&d=mm&r=g\",\"caption\":\"\u017dupnija Menge\u0161\"},\"url\":\"https:\/\/zupnija-menges.rkc.si\/index.php\/author\/zumenges\/\"}]}<\/script>\n<!-- \/ Yoast SEO plugin. -->","yoast_head_json":{"title":"OZNANILA: tretja velikono\u010dna nedelja - \u017dupnija Menge\u0161","robots":{"index":"index","follow":"follow","max-snippet":"max-snippet:-1","max-image-preview":"max-image-preview:large","max-video-preview":"max-video-preview:-1"},"canonical":"https:\/\/zupnija-menges.rkc.si\/index.php\/2020\/04\/26\/oznanila-tretja-velikonocna-nedelja\/","og_locale":"sl_SI","og_type":"article","og_title":"OZNANILA: tretja velikono\u010dna nedelja - \u017dupnija Menge\u0161","og_description":"Ni odlo\u010dilno, kako dolgo, kako va\u017eno in pomembno delo opravljamo,ampak da opravljamo tisto, kar nam nebe\u0161ki O\u010de nalo\u017ei in uka\u017ee.(Gregorij Ro\u017eman) Teden molitve za duhovne poklice, ki bi se moral [&hellip;]","og_url":"https:\/\/zupnija-menges.rkc.si\/index.php\/2020\/04\/26\/oznanila-tretja-velikonocna-nedelja\/","og_site_name":"\u017dupnija Menge\u0161","article_published_time":"2020-04-26T07:40:42+00:00","article_modified_time":"2020-05-02T20:31:52+00:00","og_image":[{"width":413,"height":300,"url":"https:\/\/zupnija-menges.rkc.si\/wp-content\/uploads\/2020\/04\/Jan_Wildens_Landscape_with_Christ_and_his_Disciples_on_the_Road_to_Emmaus-scaled-e1587884470883.jpg","type":"image\/jpeg"}],"author":"\u017dupnija Menge\u0161","twitter_card":"summary_large_image","twitter_misc":{"Written by":"\u017dupnija Menge\u0161","Est. reading time":"1 minuta"},"schema":{"@context":"https:\/\/schema.org","@graph":[{"@type":"WebPage","@id":"https:\/\/zupnija-menges.rkc.si\/index.php\/2020\/04\/26\/oznanila-tretja-velikonocna-nedelja\/","url":"https:\/\/zupnija-menges.rkc.si\/index.php\/2020\/04\/26\/oznanila-tretja-velikonocna-nedelja\/","name":"OZNANILA: tretja velikono\u010dna nedelja - \u017dupnija Menge\u0161","isPartOf":{"@id":"https:\/\/zupnija-menges.rkc.si\/#website"},"datePublished":"2020-04-26T07:40:42+00:00","dateModified":"2020-05-02T20:31:52+00:00","author":{"@id":"https:\/\/zupnija-menges.rkc.si\/#\/schema\/person\/30a6136b3e62fe0948bbeadab6a011c8"},"breadcrumb":{"@id":"https:\/\/zupnija-menges.rkc.si\/index.php\/2020\/04\/26\/oznanila-tretja-velikonocna-nedelja\/#breadcrumb"},"inLanguage":"sl-SI","potentialAction":[{"@type":"ReadAction","target":["https:\/\/zupnija-menges.rkc.si\/index.php\/2020\/04\/26\/oznanila-tretja-velikonocna-nedelja\/"]}]},{"@type":"BreadcrumbList","@id":"https:\/\/zupnija-menges.rkc.si\/index.php\/2020\/04\/26\/oznanila-tretja-velikonocna-nedelja\/#breadcrumb","itemListElement":[{"@type":"ListItem","position":1,"name":"Home","item":"https:\/\/zupnija-menges.rkc.si\/"},{"@type":"ListItem","position":2,"name":"OZNANILA: tretja velikono\u010dna nedelja"}]},{"@type":"WebSite","@id":"https:\/\/zupnija-menges.rkc.si\/#website","url":"https:\/\/zupnija-menges.rkc.si\/","name":"\u017dupnija Menge\u0161","description":"","potentialAction":[{"@type":"SearchAction","target":{"@type":"EntryPoint","urlTemplate":"https:\/\/zupnija-menges.rkc.si\/?s={search_term_string}"},"query-input":"required name=search_term_string"}],"inLanguage":"sl-SI"},{"@type":"Person","@id":"https:\/\/zupnija-menges.rkc.si\/#\/schema\/person\/30a6136b3e62fe0948bbeadab6a011c8","name":"\u017dupnija Menge\u0161","image":{"@type":"ImageObject","inLanguage":"sl-SI","@id":"https:\/\/zupnija-menges.rkc.si\/#\/schema\/person\/image\/","url":"https:\/\/secure.gravatar.com\/avatar\/5ab28e97e020e17154731a602459bd9e?s=96&d=mm&r=g","contentUrl":"https:\/\/secure.gravatar.com\/avatar\/5ab28e97e020e17154731a602459bd9e?s=96&d=mm&r=g","caption":"\u017dupnija Menge\u0161"},"url":"https:\/\/zupnija-menges.rkc.si\/index.php\/author\/zumenges\/"}]}},"_links":{"self":[{"href":"https:\/\/zupnija-menges.rkc.si\/index.php\/wp-json\/wp\/v2\/posts\/1164"}],"collection":[{"href":"https:\/\/zupnija-menges.rkc.si\/index.php\/wp-json\/wp\/v2\/posts"}],"about":[{"href":"https:\/\/zupnija-menges.rkc.si\/index.php\/wp-json\/wp\/v2\/types\/post"}],"author":[{"embeddable":true,"href":"https:\/\/zupnija-menges.rkc.si\/index.php\/wp-json\/wp\/v2\/users\/2"}],"replies":[{"embeddable":true,"href":"https:\/\/zupnija-menges.rkc.si\/index.php\/wp-json\/wp\/v2\/comments?post=1164"}],"version-history":[{"count":3,"href":"https:\/\/zupnija-menges.rkc.si\/index.php\/wp-json\/wp\/v2\/posts\/1164\/revisions"}],"predecessor-version":[{"id":1175,"href":"https:\/\/zupnija-menges.rkc.si\/index.php\/wp-json\/wp\/v2\/posts\/1164\/revisions\/1175"}],"wp:featuredmedia":[{"embeddable":true,"href":"https:\/\/zupnija-menges.rkc.si\/index.php\/wp-json\/wp\/v2\/media\/1166"}],"wp:attachment":[{"href":"https:\/\/zupnija-menges.rkc.si\/index.php\/wp-json\/wp\/v2\/media?parent=1164"}],"wp:term":[{"taxonomy":"category","embeddable":true,"href":"https:\/\/zupnija-menges.rkc.si\/index.php\/wp-json\/wp\/v2\/categories?post=1164"},{"taxonomy":"post_tag","embeddable":true,"href":"https:\/\/zupnija-menges.rkc.si\/index.php\/wp-json\/wp\/v2\/tags?post=1164"}],"curies":[{"name":"wp","href":"https:\/\/api.w.org\/{rel}","templated":true}]}}