{"id":1034,"date":"2020-03-28T20:46:09","date_gmt":"2020-03-28T20:46:09","guid":{"rendered":"https:\/\/zupnija-menges.rkc.si\/?p=1034"},"modified":"2020-04-09T20:10:17","modified_gmt":"2020-04-09T20:10:17","slug":"praznovanje-cvetne-nedelje-v-casu-epidemije","status":"publish","type":"post","link":"https:\/\/zupnija-menges.rkc.si\/index.php\/2020\/03\/28\/praznovanje-cvetne-nedelje-v-casu-epidemije\/","title":{"rendered":"Praznovanje velikono\u010dnega tridnevja v \u010dasu epidemije"},"content":{"rendered":"<p>Slovenski \u0161kofje ordinariji so na 23. redni seji Stalnega sveta S\u0160K, ki je&nbsp;24. marca 2020 potekala po videokonferenci, sprejeli naslednja &nbsp;<a href=\"https:\/\/katoliska-cerkev.si\/media\/datoteke\/2019\/2020-094%20Navodila%20SSK%20VN%202020.pdf\" target=\"_blank\" rel=\"noopener noreferrer\">Navodila za obhajanje velikono\u010dnih praznikov v \u010dasu epidemije COVID-19<\/a><\/p>\n<p>&nbsp;<\/p>\n<p>V Meng\u0161u bo sveta ma\u0161a brez prisotnosti ob\u010destva ob 18.00. Po sveti ma\u0161i, ob 18.30, bo molitev&nbsp;za duhovne poklice. Molite doma v ta namen.<\/p>\n<p>V petek bo ob 15.00 kri\u017eev pot in ob 18.00 obredi&nbsp;velikega petka, oboje brez prisotnosti ob\u010destva.<\/p>\n<p>V soboto ob 15.00 bo blagoslov jedil in ob 20.00 velikono\u010dna vigilija, brez prisotnosti vernikov.<\/p>\n<p>Na veliko no\u010d ob 8.00 se bodo oglasili&nbsp;zvonovi, ki bodo vabili k velikono\u010dnemu zajtrku po domovih. Ob&nbsp;10.00 bo sveta ma\u0161a.<\/p>\n<p>&nbsp;<\/p>\n<h4>Obrede in svete ma\u0161e velikono\u010dnega tridnevja iz menge\u0161ke cerkve boste lahko spremljali preko spleta. Podrobnej\u0161e informacije, kako boste dostopali do prenosa bogoslu\u017eja, bodo pravo\u010dasno objavljene na \u017eupnijski spletni strani.<\/h4>\n<p>&nbsp;<\/p>\n<p>&nbsp;<\/p>\n<p><em>Fotografija: An\u017ee Hribar<\/em><\/p>\n<p>&nbsp;<\/p>\n","protected":false},"excerpt":{"rendered":"<p>Slovenski \u0161kofje ordinariji so na 23. redni seji Stalnega sveta S\u0160K, ki je&nbsp;24. marca 2020 potekala po videokonferenci, sprejeli naslednja &nbsp;Navodila za obhajanje velikono\u010dnih praznikov v \u010dasu epidemije COVID-19 &nbsp; [&hellip;]<\/p>\n","protected":false},"author":2,"featured_media":1075,"comment_status":"closed","ping_status":"closed","sticky":false,"template":"","format":"standard","meta":[],"categories":[6],"tags":[],"yoast_head":"<!-- This site is optimized with the Yoast SEO plugin v20.5 - https:\/\/yoast.com\/wordpress\/plugins\/seo\/ -->\n<title>Praznovanje velikono\u010dnega tridnevja v \u010dasu epidemije - \u017dupnija Menge\u0161<\/title>\n<meta name=\"robots\" content=\"index, follow, max-snippet:-1, max-image-preview:large, max-video-preview:-1\" \/>\n<link rel=\"canonical\" href=\"https:\/\/zupnija-menges.rkc.si\/index.php\/2020\/03\/28\/praznovanje-cvetne-nedelje-v-casu-epidemije\/\" \/>\n<meta property=\"og:locale\" content=\"sl_SI\" \/>\n<meta property=\"og:type\" content=\"article\" \/>\n<meta property=\"og:title\" content=\"Praznovanje velikono\u010dnega tridnevja v \u010dasu epidemije - \u017dupnija Menge\u0161\" \/>\n<meta property=\"og:description\" content=\"Slovenski \u0161kofje ordinariji so na 23. redni seji Stalnega sveta S\u0160K, ki je&nbsp;24. marca 2020 potekala po videokonferenci, sprejeli naslednja &nbsp;Navodila za obhajanje velikono\u010dnih praznikov v \u010dasu epidemije COVID-19 &nbsp; [&hellip;]\" \/>\n<meta property=\"og:url\" content=\"https:\/\/zupnija-menges.rkc.si\/index.php\/2020\/03\/28\/praznovanje-cvetne-nedelje-v-casu-epidemije\/\" \/>\n<meta property=\"og:site_name\" content=\"\u017dupnija Menge\u0161\" \/>\n<meta property=\"article:published_time\" content=\"2020-03-28T20:46:09+00:00\" \/>\n<meta property=\"article:modified_time\" content=\"2020-04-09T20:10:17+00:00\" \/>\n<meta property=\"og:image\" content=\"https:\/\/zupnija-menges.rkc.si\/wp-content\/uploads\/2020\/03\/DSC07527-e1586027667775.jpg\" \/>\n\t<meta property=\"og:image:width\" content=\"449\" \/>\n\t<meta property=\"og:image:height\" content=\"300\" \/>\n\t<meta property=\"og:image:type\" content=\"image\/jpeg\" \/>\n<meta name=\"author\" content=\"\u017dupnija Menge\u0161\" \/>\n<meta name=\"twitter:card\" content=\"summary_large_image\" \/>\n<meta name=\"twitter:label1\" content=\"Written by\" \/>\n\t<meta name=\"twitter:data1\" content=\"\u017dupnija Menge\u0161\" \/>\n\t<meta name=\"twitter:label2\" content=\"Est. reading time\" \/>\n\t<meta name=\"twitter:data2\" content=\"1 minuta\" \/>\n<script type=\"application\/ld+json\" class=\"yoast-schema-graph\">{\"@context\":\"https:\/\/schema.org\",\"@graph\":[{\"@type\":\"WebPage\",\"@id\":\"https:\/\/zupnija-menges.rkc.si\/index.php\/2020\/03\/28\/praznovanje-cvetne-nedelje-v-casu-epidemije\/\",\"url\":\"https:\/\/zupnija-menges.rkc.si\/index.php\/2020\/03\/28\/praznovanje-cvetne-nedelje-v-casu-epidemije\/\",\"name\":\"Praznovanje velikono\u010dnega tridnevja v \u010dasu epidemije - \u017dupnija Menge\u0161\",\"isPartOf\":{\"@id\":\"https:\/\/zupnija-menges.rkc.si\/#website\"},\"datePublished\":\"2020-03-28T20:46:09+00:00\",\"dateModified\":\"2020-04-09T20:10:17+00:00\",\"author\":{\"@id\":\"https:\/\/zupnija-menges.rkc.si\/#\/schema\/person\/30a6136b3e62fe0948bbeadab6a011c8\"},\"breadcrumb\":{\"@id\":\"https:\/\/zupnija-menges.rkc.si\/index.php\/2020\/03\/28\/praznovanje-cvetne-nedelje-v-casu-epidemije\/#breadcrumb\"},\"inLanguage\":\"sl-SI\",\"potentialAction\":[{\"@type\":\"ReadAction\",\"target\":[\"https:\/\/zupnija-menges.rkc.si\/index.php\/2020\/03\/28\/praznovanje-cvetne-nedelje-v-casu-epidemije\/\"]}]},{\"@type\":\"BreadcrumbList\",\"@id\":\"https:\/\/zupnija-menges.rkc.si\/index.php\/2020\/03\/28\/praznovanje-cvetne-nedelje-v-casu-epidemije\/#breadcrumb\",\"itemListElement\":[{\"@type\":\"ListItem\",\"position\":1,\"name\":\"Home\",\"item\":\"https:\/\/zupnija-menges.rkc.si\/\"},{\"@type\":\"ListItem\",\"position\":2,\"name\":\"Praznovanje velikono\u010dnega tridnevja v \u010dasu epidemije\"}]},{\"@type\":\"WebSite\",\"@id\":\"https:\/\/zupnija-menges.rkc.si\/#website\",\"url\":\"https:\/\/zupnija-menges.rkc.si\/\",\"name\":\"\u017dupnija Menge\u0161\",\"description\":\"\",\"potentialAction\":[{\"@type\":\"SearchAction\",\"target\":{\"@type\":\"EntryPoint\",\"urlTemplate\":\"https:\/\/zupnija-menges.rkc.si\/?s={search_term_string}\"},\"query-input\":\"required name=search_term_string\"}],\"inLanguage\":\"sl-SI\"},{\"@type\":\"Person\",\"@id\":\"https:\/\/zupnija-menges.rkc.si\/#\/schema\/person\/30a6136b3e62fe0948bbeadab6a011c8\",\"name\":\"\u017dupnija Menge\u0161\",\"image\":{\"@type\":\"ImageObject\",\"inLanguage\":\"sl-SI\",\"@id\":\"https:\/\/zupnija-menges.rkc.si\/#\/schema\/person\/image\/\",\"url\":\"https:\/\/secure.gravatar.com\/avatar\/5ab28e97e020e17154731a602459bd9e?s=96&d=mm&r=g\",\"contentUrl\":\"https:\/\/secure.gravatar.com\/avatar\/5ab28e97e020e17154731a602459bd9e?s=96&d=mm&r=g\",\"caption\":\"\u017dupnija Menge\u0161\"},\"url\":\"https:\/\/zupnija-menges.rkc.si\/index.php\/author\/zumenges\/\"}]}<\/script>\n<!-- \/ Yoast SEO plugin. -->","yoast_head_json":{"title":"Praznovanje velikono\u010dnega tridnevja v \u010dasu epidemije - \u017dupnija Menge\u0161","robots":{"index":"index","follow":"follow","max-snippet":"max-snippet:-1","max-image-preview":"max-image-preview:large","max-video-preview":"max-video-preview:-1"},"canonical":"https:\/\/zupnija-menges.rkc.si\/index.php\/2020\/03\/28\/praznovanje-cvetne-nedelje-v-casu-epidemije\/","og_locale":"sl_SI","og_type":"article","og_title":"Praznovanje velikono\u010dnega tridnevja v \u010dasu epidemije - \u017dupnija Menge\u0161","og_description":"Slovenski \u0161kofje ordinariji so na 23. redni seji Stalnega sveta S\u0160K, ki je&nbsp;24. marca 2020 potekala po videokonferenci, sprejeli naslednja &nbsp;Navodila za obhajanje velikono\u010dnih praznikov v \u010dasu epidemije COVID-19 &nbsp; [&hellip;]","og_url":"https:\/\/zupnija-menges.rkc.si\/index.php\/2020\/03\/28\/praznovanje-cvetne-nedelje-v-casu-epidemije\/","og_site_name":"\u017dupnija Menge\u0161","article_published_time":"2020-03-28T20:46:09+00:00","article_modified_time":"2020-04-09T20:10:17+00:00","og_image":[{"width":449,"height":300,"url":"https:\/\/zupnija-menges.rkc.si\/wp-content\/uploads\/2020\/03\/DSC07527-e1586027667775.jpg","type":"image\/jpeg"}],"author":"\u017dupnija Menge\u0161","twitter_card":"summary_large_image","twitter_misc":{"Written by":"\u017dupnija Menge\u0161","Est. reading time":"1 minuta"},"schema":{"@context":"https:\/\/schema.org","@graph":[{"@type":"WebPage","@id":"https:\/\/zupnija-menges.rkc.si\/index.php\/2020\/03\/28\/praznovanje-cvetne-nedelje-v-casu-epidemije\/","url":"https:\/\/zupnija-menges.rkc.si\/index.php\/2020\/03\/28\/praznovanje-cvetne-nedelje-v-casu-epidemije\/","name":"Praznovanje velikono\u010dnega tridnevja v \u010dasu epidemije - \u017dupnija Menge\u0161","isPartOf":{"@id":"https:\/\/zupnija-menges.rkc.si\/#website"},"datePublished":"2020-03-28T20:46:09+00:00","dateModified":"2020-04-09T20:10:17+00:00","author":{"@id":"https:\/\/zupnija-menges.rkc.si\/#\/schema\/person\/30a6136b3e62fe0948bbeadab6a011c8"},"breadcrumb":{"@id":"https:\/\/zupnija-menges.rkc.si\/index.php\/2020\/03\/28\/praznovanje-cvetne-nedelje-v-casu-epidemije\/#breadcrumb"},"inLanguage":"sl-SI","potentialAction":[{"@type":"ReadAction","target":["https:\/\/zupnija-menges.rkc.si\/index.php\/2020\/03\/28\/praznovanje-cvetne-nedelje-v-casu-epidemije\/"]}]},{"@type":"BreadcrumbList","@id":"https:\/\/zupnija-menges.rkc.si\/index.php\/2020\/03\/28\/praznovanje-cvetne-nedelje-v-casu-epidemije\/#breadcrumb","itemListElement":[{"@type":"ListItem","position":1,"name":"Home","item":"https:\/\/zupnija-menges.rkc.si\/"},{"@type":"ListItem","position":2,"name":"Praznovanje velikono\u010dnega tridnevja v \u010dasu epidemije"}]},{"@type":"WebSite","@id":"https:\/\/zupnija-menges.rkc.si\/#website","url":"https:\/\/zupnija-menges.rkc.si\/","name":"\u017dupnija Menge\u0161","description":"","potentialAction":[{"@type":"SearchAction","target":{"@type":"EntryPoint","urlTemplate":"https:\/\/zupnija-menges.rkc.si\/?s={search_term_string}"},"query-input":"required name=search_term_string"}],"inLanguage":"sl-SI"},{"@type":"Person","@id":"https:\/\/zupnija-menges.rkc.si\/#\/schema\/person\/30a6136b3e62fe0948bbeadab6a011c8","name":"\u017dupnija Menge\u0161","image":{"@type":"ImageObject","inLanguage":"sl-SI","@id":"https:\/\/zupnija-menges.rkc.si\/#\/schema\/person\/image\/","url":"https:\/\/secure.gravatar.com\/avatar\/5ab28e97e020e17154731a602459bd9e?s=96&d=mm&r=g","contentUrl":"https:\/\/secure.gravatar.com\/avatar\/5ab28e97e020e17154731a602459bd9e?s=96&d=mm&r=g","caption":"\u017dupnija Menge\u0161"},"url":"https:\/\/zupnija-menges.rkc.si\/index.php\/author\/zumenges\/"}]}},"_links":{"self":[{"href":"https:\/\/zupnija-menges.rkc.si\/index.php\/wp-json\/wp\/v2\/posts\/1034"}],"collection":[{"href":"https:\/\/zupnija-menges.rkc.si\/index.php\/wp-json\/wp\/v2\/posts"}],"about":[{"href":"https:\/\/zupnija-menges.rkc.si\/index.php\/wp-json\/wp\/v2\/types\/post"}],"author":[{"embeddable":true,"href":"https:\/\/zupnija-menges.rkc.si\/index.php\/wp-json\/wp\/v2\/users\/2"}],"replies":[{"embeddable":true,"href":"https:\/\/zupnija-menges.rkc.si\/index.php\/wp-json\/wp\/v2\/comments?post=1034"}],"version-history":[{"count":7,"href":"https:\/\/zupnija-menges.rkc.si\/index.php\/wp-json\/wp\/v2\/posts\/1034\/revisions"}],"predecessor-version":[{"id":1120,"href":"https:\/\/zupnija-menges.rkc.si\/index.php\/wp-json\/wp\/v2\/posts\/1034\/revisions\/1120"}],"wp:featuredmedia":[{"embeddable":true,"href":"https:\/\/zupnija-menges.rkc.si\/index.php\/wp-json\/wp\/v2\/media\/1075"}],"wp:attachment":[{"href":"https:\/\/zupnija-menges.rkc.si\/index.php\/wp-json\/wp\/v2\/media?parent=1034"}],"wp:term":[{"taxonomy":"category","embeddable":true,"href":"https:\/\/zupnija-menges.rkc.si\/index.php\/wp-json\/wp\/v2\/categories?post=1034"},{"taxonomy":"post_tag","embeddable":true,"href":"https:\/\/zupnija-menges.rkc.si\/index.php\/wp-json\/wp\/v2\/tags?post=1034"}],"curies":[{"name":"wp","href":"https:\/\/api.w.org\/{rel}","templated":true}]}}