{"id":1030,"date":"2020-03-28T23:30:46","date_gmt":"2020-03-28T23:30:46","guid":{"rendered":"https:\/\/zupnija-menges.rkc.si\/?p=1030"},"modified":"2020-04-04T18:52:21","modified_gmt":"2020-04-04T18:52:21","slug":"tiha-nedelja","status":"publish","type":"post","link":"https:\/\/zupnija-menges.rkc.si\/index.php\/2020\/03\/28\/tiha-nedelja\/","title":{"rendered":"Tiha nedelja"},"content":{"rendered":"<p>Iz\u0161la je nova \u0161tevilka Dru\u017eine. V njej je intervju z novim generalnim\u00a0tajnikom Slovenske karitas Petrom Toma\u017ei\u010dem. Nose\u010dnost v \u010dasu\u00a0COVID-19.<\/p>\n<p>Iz\u0161la je nova \u0161tevilka Ognji\u0161\u010da. V njem pi\u0161e, zakaj hren pe\u010de. Rafaelo 500 let po smrti.<\/p>\n<p>Od 29. marca do 4. aprila bo potekal radijski misijon na radiu Ognji\u0161\u010de. Vabljeni\u00a0k poslu\u0161anju.<\/p>\n<p>Samoizolacija se nadaljuje. \u010ce bi bilo \u017eivljenje normalno, bi v soboto\u00a0vpisoval svete ma\u0161e za maj in junij. Tako za svete ma\u0161e, ki jih z<br \/>\ngospodom \u0160tefanom ma\u0161ujeva zasebno, lahko oddaste v po\u0161tni<br \/>\nnabiralnik. V kuverto napi\u0161ete namen in datum, kdaj bi radi imeli<br \/>\nsveto ma\u0161o, ter telefonsko \u0161tevilko, da vam nazaj sporo\u010dim, da sem prejel va\u0161e\u00a0sporo\u010dilo in dar za sveto ma\u0161o, ki je priporo\u010den 20 \u20ac. ter tudi povem,<br \/>\nali je \u017eeljen datum \u0161e prost.<\/p>\n<p>Tako kot za \u0161olo, tudi za verouk doma\u00a0predelajte snov.<\/p>\n<p>V nedeljo bo cvetna nedelja. \u0160kofje so v torek 24. marca po\u00a0videokonferenci imeli 23. redno sejo, na kateri so sprejeli navodila za\u00a0obhajanje velikono\u010dnih praznikov. To si lahko ogledate na spletni\u00a0strani Slovenske \u0161kofovske konference in \u017eupnije Menge\u0161.<\/p>\n<p>Na cvetno nedeljo bo v Meng\u0161u sveta ma\u0161a ob 10h v zaklenjeni\u00a0\u017eupnijski cerkvi brez navzo\u010dnosti vernikov. Verniki doma pripravite\u00a0zelenje z vrtov ali butare in jih blagoslovite z blagoslovljeno vodo.<\/p>\n<p>Vabljeni k ogledu svete ma\u0161e v nedeljo ob 10.00 na TV SLO 2 in\u00a0tedenskega nagovora nad\u0161kofa Zoreta na TV SLO 1 ob 11.30.<\/p>\n<p>Tudi vsak dan med tednom so svete ma\u0161e po radiu Ognji\u0161\u010de ob 19.00.\u00a0Pa tudi nekatere \u017eupnije predvajajo svete ma\u0161e preko WWW ali\u00a0FACEBOOK-a.<\/p>\n<p>Sedaj je \u010das, da naredimo vsaj nekaj tistega, \u010desar zaradi hitrega tempa<br \/>\n\u017eivljenja \u010dez leto ne zmoremo.<\/p>\n<p>Misel: &#8220;Poni\u017een \u010dlovek se ne boji neuspeha. Dejansko se ne boji\u00a0ni\u010desar, niti sebe, kajti popolna poni\u017enost vklju\u010duje popolno zaupanje\u00a0v mo\u010d Boga, pred katerim nobena druga mo\u010d ni\u010d ne pomeni in za\u00a0katerega nobena stvar ni ovira. Poni\u017enost je najzanesljivej\u0161e\u00a0znamenje mo\u010di.&#8221; (Tomas Merton)<\/p>\n<p>Ma\u0161ni nameni:<br \/>\n<img decoding=\"async\" loading=\"lazy\" class=\"alignleft size-large wp-image-1031\" src=\"https:\/\/zupnija-menges.rkc.si\/wp-content\/uploads\/2020\/03\/ma\u0161e-12-20-791x1024.jpg\" alt=\"\" width=\"791\" height=\"1024\" srcset=\"https:\/\/zupnija-menges.rkc.si\/wp-content\/uploads\/2020\/03\/ma\u0161e-12-20-791x1024.jpg 791w, https:\/\/zupnija-menges.rkc.si\/wp-content\/uploads\/2020\/03\/ma\u0161e-12-20-232x300.jpg 232w, https:\/\/zupnija-menges.rkc.si\/wp-content\/uploads\/2020\/03\/ma\u0161e-12-20-768x994.jpg 768w, https:\/\/zupnija-menges.rkc.si\/wp-content\/uploads\/2020\/03\/ma\u0161e-12-20-830x1074.jpg 830w, https:\/\/zupnija-menges.rkc.si\/wp-content\/uploads\/2020\/03\/ma\u0161e-12-20-230x298.jpg 230w, https:\/\/zupnija-menges.rkc.si\/wp-content\/uploads\/2020\/03\/ma\u0161e-12-20-350x453.jpg 350w, https:\/\/zupnija-menges.rkc.si\/wp-content\/uploads\/2020\/03\/ma\u0161e-12-20-480x621.jpg 480w, https:\/\/zupnija-menges.rkc.si\/wp-content\/uploads\/2020\/03\/ma\u0161e-12-20.jpg 1989w\" sizes=\"(max-width: 791px) 100vw, 791px\" \/><\/p>\n","protected":false},"excerpt":{"rendered":"<p>Iz\u0161la je nova \u0161tevilka Dru\u017eine. V njej je intervju z novim generalnim\u00a0tajnikom Slovenske karitas Petrom Toma\u017ei\u010dem. Nose\u010dnost v \u010dasu\u00a0COVID-19. Iz\u0161la je nova \u0161tevilka Ognji\u0161\u010da. V njem pi\u0161e, zakaj hren pe\u010de. [&hellip;]<\/p>\n","protected":false},"author":2,"featured_media":1032,"comment_status":"closed","ping_status":"closed","sticky":false,"template":"","format":"standard","meta":[],"categories":[3],"tags":[],"yoast_head":"<!-- This site is optimized with the Yoast SEO plugin v20.5 - https:\/\/yoast.com\/wordpress\/plugins\/seo\/ -->\n<title>Tiha nedelja - \u017dupnija Menge\u0161<\/title>\n<meta name=\"robots\" content=\"index, follow, max-snippet:-1, max-image-preview:large, max-video-preview:-1\" \/>\n<link rel=\"canonical\" href=\"https:\/\/zupnija-menges.rkc.si\/index.php\/2020\/03\/28\/tiha-nedelja\/\" \/>\n<meta property=\"og:locale\" content=\"sl_SI\" \/>\n<meta property=\"og:type\" content=\"article\" \/>\n<meta property=\"og:title\" content=\"Tiha nedelja - \u017dupnija Menge\u0161\" \/>\n<meta property=\"og:description\" content=\"Iz\u0161la je nova \u0161tevilka Dru\u017eine. V njej je intervju z novim generalnim\u00a0tajnikom Slovenske karitas Petrom Toma\u017ei\u010dem. Nose\u010dnost v \u010dasu\u00a0COVID-19. Iz\u0161la je nova \u0161tevilka Ognji\u0161\u010da. V njem pi\u0161e, zakaj hren pe\u010de. [&hellip;]\" \/>\n<meta property=\"og:url\" content=\"https:\/\/zupnija-menges.rkc.si\/index.php\/2020\/03\/28\/tiha-nedelja\/\" \/>\n<meta property=\"og:site_name\" content=\"\u017dupnija Menge\u0161\" \/>\n<meta property=\"article:published_time\" content=\"2020-03-28T23:30:46+00:00\" \/>\n<meta property=\"article:modified_time\" content=\"2020-04-04T18:52:21+00:00\" \/>\n<meta property=\"og:image\" content=\"https:\/\/zupnija-menges.rkc.si\/wp-content\/uploads\/2020\/03\/Lazar_St._Wolfgang_kath._Pfarrkirche_Pacher-Altar_Lazarus_01-e1585426765326.jpg\" \/>\n\t<meta property=\"og:image:width\" content=\"300\" \/>\n\t<meta property=\"og:image:height\" content=\"363\" \/>\n\t<meta property=\"og:image:type\" content=\"image\/jpeg\" \/>\n<meta name=\"author\" content=\"\u017dupnija Menge\u0161\" \/>\n<meta name=\"twitter:card\" content=\"summary_large_image\" \/>\n<meta name=\"twitter:label1\" content=\"Written by\" \/>\n\t<meta name=\"twitter:data1\" content=\"\u017dupnija Menge\u0161\" \/>\n\t<meta name=\"twitter:label2\" content=\"Est. reading time\" \/>\n\t<meta name=\"twitter:data2\" content=\"2 minuti\" \/>\n<script type=\"application\/ld+json\" class=\"yoast-schema-graph\">{\"@context\":\"https:\/\/schema.org\",\"@graph\":[{\"@type\":\"WebPage\",\"@id\":\"https:\/\/zupnija-menges.rkc.si\/index.php\/2020\/03\/28\/tiha-nedelja\/\",\"url\":\"https:\/\/zupnija-menges.rkc.si\/index.php\/2020\/03\/28\/tiha-nedelja\/\",\"name\":\"Tiha nedelja - \u017dupnija Menge\u0161\",\"isPartOf\":{\"@id\":\"https:\/\/zupnija-menges.rkc.si\/#website\"},\"datePublished\":\"2020-03-28T23:30:46+00:00\",\"dateModified\":\"2020-04-04T18:52:21+00:00\",\"author\":{\"@id\":\"https:\/\/zupnija-menges.rkc.si\/#\/schema\/person\/30a6136b3e62fe0948bbeadab6a011c8\"},\"breadcrumb\":{\"@id\":\"https:\/\/zupnija-menges.rkc.si\/index.php\/2020\/03\/28\/tiha-nedelja\/#breadcrumb\"},\"inLanguage\":\"sl-SI\",\"potentialAction\":[{\"@type\":\"ReadAction\",\"target\":[\"https:\/\/zupnija-menges.rkc.si\/index.php\/2020\/03\/28\/tiha-nedelja\/\"]}]},{\"@type\":\"BreadcrumbList\",\"@id\":\"https:\/\/zupnija-menges.rkc.si\/index.php\/2020\/03\/28\/tiha-nedelja\/#breadcrumb\",\"itemListElement\":[{\"@type\":\"ListItem\",\"position\":1,\"name\":\"Home\",\"item\":\"https:\/\/zupnija-menges.rkc.si\/\"},{\"@type\":\"ListItem\",\"position\":2,\"name\":\"Tiha nedelja\"}]},{\"@type\":\"WebSite\",\"@id\":\"https:\/\/zupnija-menges.rkc.si\/#website\",\"url\":\"https:\/\/zupnija-menges.rkc.si\/\",\"name\":\"\u017dupnija Menge\u0161\",\"description\":\"\",\"potentialAction\":[{\"@type\":\"SearchAction\",\"target\":{\"@type\":\"EntryPoint\",\"urlTemplate\":\"https:\/\/zupnija-menges.rkc.si\/?s={search_term_string}\"},\"query-input\":\"required name=search_term_string\"}],\"inLanguage\":\"sl-SI\"},{\"@type\":\"Person\",\"@id\":\"https:\/\/zupnija-menges.rkc.si\/#\/schema\/person\/30a6136b3e62fe0948bbeadab6a011c8\",\"name\":\"\u017dupnija Menge\u0161\",\"image\":{\"@type\":\"ImageObject\",\"inLanguage\":\"sl-SI\",\"@id\":\"https:\/\/zupnija-menges.rkc.si\/#\/schema\/person\/image\/\",\"url\":\"https:\/\/secure.gravatar.com\/avatar\/5ab28e97e020e17154731a602459bd9e?s=96&d=mm&r=g\",\"contentUrl\":\"https:\/\/secure.gravatar.com\/avatar\/5ab28e97e020e17154731a602459bd9e?s=96&d=mm&r=g\",\"caption\":\"\u017dupnija Menge\u0161\"},\"url\":\"https:\/\/zupnija-menges.rkc.si\/index.php\/author\/zumenges\/\"}]}<\/script>\n<!-- \/ Yoast SEO plugin. -->","yoast_head_json":{"title":"Tiha nedelja - \u017dupnija Menge\u0161","robots":{"index":"index","follow":"follow","max-snippet":"max-snippet:-1","max-image-preview":"max-image-preview:large","max-video-preview":"max-video-preview:-1"},"canonical":"https:\/\/zupnija-menges.rkc.si\/index.php\/2020\/03\/28\/tiha-nedelja\/","og_locale":"sl_SI","og_type":"article","og_title":"Tiha nedelja - \u017dupnija Menge\u0161","og_description":"Iz\u0161la je nova \u0161tevilka Dru\u017eine. V njej je intervju z novim generalnim\u00a0tajnikom Slovenske karitas Petrom Toma\u017ei\u010dem. Nose\u010dnost v \u010dasu\u00a0COVID-19. Iz\u0161la je nova \u0161tevilka Ognji\u0161\u010da. V njem pi\u0161e, zakaj hren pe\u010de. [&hellip;]","og_url":"https:\/\/zupnija-menges.rkc.si\/index.php\/2020\/03\/28\/tiha-nedelja\/","og_site_name":"\u017dupnija Menge\u0161","article_published_time":"2020-03-28T23:30:46+00:00","article_modified_time":"2020-04-04T18:52:21+00:00","og_image":[{"width":300,"height":363,"url":"https:\/\/zupnija-menges.rkc.si\/wp-content\/uploads\/2020\/03\/Lazar_St._Wolfgang_kath._Pfarrkirche_Pacher-Altar_Lazarus_01-e1585426765326.jpg","type":"image\/jpeg"}],"author":"\u017dupnija Menge\u0161","twitter_card":"summary_large_image","twitter_misc":{"Written by":"\u017dupnija Menge\u0161","Est. reading time":"2 minuti"},"schema":{"@context":"https:\/\/schema.org","@graph":[{"@type":"WebPage","@id":"https:\/\/zupnija-menges.rkc.si\/index.php\/2020\/03\/28\/tiha-nedelja\/","url":"https:\/\/zupnija-menges.rkc.si\/index.php\/2020\/03\/28\/tiha-nedelja\/","name":"Tiha nedelja - \u017dupnija Menge\u0161","isPartOf":{"@id":"https:\/\/zupnija-menges.rkc.si\/#website"},"datePublished":"2020-03-28T23:30:46+00:00","dateModified":"2020-04-04T18:52:21+00:00","author":{"@id":"https:\/\/zupnija-menges.rkc.si\/#\/schema\/person\/30a6136b3e62fe0948bbeadab6a011c8"},"breadcrumb":{"@id":"https:\/\/zupnija-menges.rkc.si\/index.php\/2020\/03\/28\/tiha-nedelja\/#breadcrumb"},"inLanguage":"sl-SI","potentialAction":[{"@type":"ReadAction","target":["https:\/\/zupnija-menges.rkc.si\/index.php\/2020\/03\/28\/tiha-nedelja\/"]}]},{"@type":"BreadcrumbList","@id":"https:\/\/zupnija-menges.rkc.si\/index.php\/2020\/03\/28\/tiha-nedelja\/#breadcrumb","itemListElement":[{"@type":"ListItem","position":1,"name":"Home","item":"https:\/\/zupnija-menges.rkc.si\/"},{"@type":"ListItem","position":2,"name":"Tiha nedelja"}]},{"@type":"WebSite","@id":"https:\/\/zupnija-menges.rkc.si\/#website","url":"https:\/\/zupnija-menges.rkc.si\/","name":"\u017dupnija Menge\u0161","description":"","potentialAction":[{"@type":"SearchAction","target":{"@type":"EntryPoint","urlTemplate":"https:\/\/zupnija-menges.rkc.si\/?s={search_term_string}"},"query-input":"required name=search_term_string"}],"inLanguage":"sl-SI"},{"@type":"Person","@id":"https:\/\/zupnija-menges.rkc.si\/#\/schema\/person\/30a6136b3e62fe0948bbeadab6a011c8","name":"\u017dupnija Menge\u0161","image":{"@type":"ImageObject","inLanguage":"sl-SI","@id":"https:\/\/zupnija-menges.rkc.si\/#\/schema\/person\/image\/","url":"https:\/\/secure.gravatar.com\/avatar\/5ab28e97e020e17154731a602459bd9e?s=96&d=mm&r=g","contentUrl":"https:\/\/secure.gravatar.com\/avatar\/5ab28e97e020e17154731a602459bd9e?s=96&d=mm&r=g","caption":"\u017dupnija Menge\u0161"},"url":"https:\/\/zupnija-menges.rkc.si\/index.php\/author\/zumenges\/"}]}},"_links":{"self":[{"href":"https:\/\/zupnija-menges.rkc.si\/index.php\/wp-json\/wp\/v2\/posts\/1030"}],"collection":[{"href":"https:\/\/zupnija-menges.rkc.si\/index.php\/wp-json\/wp\/v2\/posts"}],"about":[{"href":"https:\/\/zupnija-menges.rkc.si\/index.php\/wp-json\/wp\/v2\/types\/post"}],"author":[{"embeddable":true,"href":"https:\/\/zupnija-menges.rkc.si\/index.php\/wp-json\/wp\/v2\/users\/2"}],"replies":[{"embeddable":true,"href":"https:\/\/zupnija-menges.rkc.si\/index.php\/wp-json\/wp\/v2\/comments?post=1030"}],"version-history":[{"count":1,"href":"https:\/\/zupnija-menges.rkc.si\/index.php\/wp-json\/wp\/v2\/posts\/1030\/revisions"}],"predecessor-version":[{"id":1033,"href":"https:\/\/zupnija-menges.rkc.si\/index.php\/wp-json\/wp\/v2\/posts\/1030\/revisions\/1033"}],"wp:featuredmedia":[{"embeddable":true,"href":"https:\/\/zupnija-menges.rkc.si\/index.php\/wp-json\/wp\/v2\/media\/1032"}],"wp:attachment":[{"href":"https:\/\/zupnija-menges.rkc.si\/index.php\/wp-json\/wp\/v2\/media?parent=1030"}],"wp:term":[{"taxonomy":"category","embeddable":true,"href":"https:\/\/zupnija-menges.rkc.si\/index.php\/wp-json\/wp\/v2\/categories?post=1030"},{"taxonomy":"post_tag","embeddable":true,"href":"https:\/\/zupnija-menges.rkc.si\/index.php\/wp-json\/wp\/v2\/tags?post=1030"}],"curies":[{"name":"wp","href":"https:\/\/api.w.org\/{rel}","templated":true}]}}