{"id":1022,"date":"2020-03-22T06:51:11","date_gmt":"2020-03-22T06:51:11","guid":{"rendered":"https:\/\/zupnija-menges.rkc.si\/?p=1022"},"modified":"2020-03-28T21:05:03","modified_gmt":"2020-03-28T21:05:03","slug":"cetrta-postna-nedelja","status":"publish","type":"post","link":"https:\/\/zupnija-menges.rkc.si\/index.php\/2020\/03\/22\/cetrta-postna-nedelja\/","title":{"rendered":"\u010cetrta postna nedelja"},"content":{"rendered":"<p>Iz\u0161la je nova \u0161tevilka Dru\u017eine. V njej pi\u0161e kako, je koronavirus\u00a0povezal svet. Duhovne spodbude v \u010dasu izrednih ukrepov.\u00a0Pape\u017e pe\u0161 romal za konec pandemije. \u0160kofje spodbujajo k\u00a0solidarnosti in odgovornemu ravnanju.<\/p>\n<p>V tem \u010dasu, ko se zahteva samoizolacija, v \u017eupni\u0161\u010du ni uradnih ur.<br \/>\nDosegljiv sem po telefonu (040-200-367) ali po elektronski po\u0161ti\u00a0(marko.kosir@rkc.si).<\/p>\n<p>Umrla sta: Ivana Lukan r. Ko\u017eelj s Pre\u0161ernove ulice. Pogreb\u00a0pokojne v soboto 21.3. ob 12.30 uri.<br \/>\n\u017dibert Stanislav iz Stare\u00a0poti. Pogreb bo v ponedeljek 23.3. ob 12.00 uri.<br \/>\nGospod, daj jima ve\u010dni mir in pokoj. Ve\u010dna lu\u010d naj jima sveti. Naj po\u010divata\u00a0v miru.<\/p>\n<p>Ker velja uredba o prepovedi zbiranja ljudi na javnih mestih\u00a0so odslej do preklica pogrebi le v dru\u017einskem krogu z malo\u00a0udele\u017eenci.<br \/>\nBodimo povezani v molitvi, pa seveda preko sodobnih\u00a0elektronskih omre\u017eij.<\/p>\n<p>Vabljeni k <a href=\"https:\/\/katoliska-cerkev.si\/spremljanje-svetih-mas-preko-spleta-radia-in-televizije\" target=\"_blank\" rel=\"noopener\">spremljanju svetih ma\u0161<\/a> na Radiu Ognji\u0161\u010de vsak ve\u010der\u00a0ob 19.00 uri , na TVS2 ob nedeljah ob 10.00 uri ali na\u00a0programu Eksodus VSAK DAN. Pa tudi mnoge \u017eupnije po Sloveniji so objavile svoje ma\u0161e preko FACEBOOKA ali\u00a0svetovnega spleta.<\/p>\n<p>Slovenske redovnice in redovniki so na voljo za <a href=\"http:\/\/korus.rkc.si\/index.php\/content\/display\/526\" target=\"_blank\" rel=\"noopener\">duhovni pogovor<\/a> po telefonu.<\/p>\n<p>Otroci imajo \u0161olski pouk na daljavo. tudi verou\u010dno snov naj\u00a0predelajo skupaj s star\u0161i, vsak teden eno lekcijo. Katehetski\u00a0urad preko svetovnega spleta tudi <a href=\"http:\/\/sku.rkc.si\/2020\/03\/21\/4-postna-nedelja\/\" target=\"_blank\" rel=\"noopener\">pripravlja gradiva za\u00a0verouk<\/a>. Obi\u0161\u010dite lahko tudi njihovo spletno stran.<\/p>\n<p>&nbsp;<\/p>\n<p>Pogum vse ljudstvo v de\u017eeli. (primerjaj Agej 2,4)<\/p>\n<p>&nbsp;<\/p>\n<p>Ma\u0161ni nameni:<br \/>\n<img decoding=\"async\" loading=\"lazy\" class=\"alignleft size-large wp-image-1023\" src=\"https:\/\/zupnija-menges.rkc.si\/wp-content\/uploads\/2020\/03\/ma\u0161e-11-20-791x1024.jpg\" alt=\"\" width=\"791\" height=\"1024\" srcset=\"https:\/\/zupnija-menges.rkc.si\/wp-content\/uploads\/2020\/03\/ma\u0161e-11-20-791x1024.jpg 791w, https:\/\/zupnija-menges.rkc.si\/wp-content\/uploads\/2020\/03\/ma\u0161e-11-20-232x300.jpg 232w, https:\/\/zupnija-menges.rkc.si\/wp-content\/uploads\/2020\/03\/ma\u0161e-11-20-768x994.jpg 768w, https:\/\/zupnija-menges.rkc.si\/wp-content\/uploads\/2020\/03\/ma\u0161e-11-20-830x1074.jpg 830w, https:\/\/zupnija-menges.rkc.si\/wp-content\/uploads\/2020\/03\/ma\u0161e-11-20-230x298.jpg 230w, https:\/\/zupnija-menges.rkc.si\/wp-content\/uploads\/2020\/03\/ma\u0161e-11-20-350x453.jpg 350w, https:\/\/zupnija-menges.rkc.si\/wp-content\/uploads\/2020\/03\/ma\u0161e-11-20-480x621.jpg 480w, https:\/\/zupnija-menges.rkc.si\/wp-content\/uploads\/2020\/03\/ma\u0161e-11-20.jpg 1989w\" sizes=\"(max-width: 791px) 100vw, 791px\" \/><\/p>\n","protected":false},"excerpt":{"rendered":"<p>Iz\u0161la je nova \u0161tevilka Dru\u017eine. V njej pi\u0161e kako, je koronavirus\u00a0povezal svet. Duhovne spodbude v \u010dasu izrednih ukrepov.\u00a0Pape\u017e pe\u0161 romal za konec pandemije. \u0160kofje spodbujajo k\u00a0solidarnosti in odgovornemu ravnanju. V [&hellip;]<\/p>\n","protected":false},"author":2,"featured_media":661,"comment_status":"closed","ping_status":"closed","sticky":false,"template":"","format":"standard","meta":[],"categories":[3],"tags":[],"yoast_head":"<!-- This site is optimized with the Yoast SEO plugin v20.5 - https:\/\/yoast.com\/wordpress\/plugins\/seo\/ -->\n<title>\u010cetrta postna nedelja - \u017dupnija Menge\u0161<\/title>\n<meta name=\"robots\" content=\"index, follow, max-snippet:-1, max-image-preview:large, max-video-preview:-1\" \/>\n<link rel=\"canonical\" href=\"https:\/\/zupnija-menges.rkc.si\/index.php\/2020\/03\/22\/cetrta-postna-nedelja\/\" \/>\n<meta property=\"og:locale\" content=\"sl_SI\" \/>\n<meta property=\"og:type\" content=\"article\" \/>\n<meta property=\"og:title\" content=\"\u010cetrta postna nedelja - \u017dupnija Menge\u0161\" \/>\n<meta property=\"og:description\" content=\"Iz\u0161la je nova \u0161tevilka Dru\u017eine. V njej pi\u0161e kako, je koronavirus\u00a0povezal svet. Duhovne spodbude v \u010dasu izrednih ukrepov.\u00a0Pape\u017e pe\u0161 romal za konec pandemije. \u0160kofje spodbujajo k\u00a0solidarnosti in odgovornemu ravnanju. V [&hellip;]\" \/>\n<meta property=\"og:url\" content=\"https:\/\/zupnija-menges.rkc.si\/index.php\/2020\/03\/22\/cetrta-postna-nedelja\/\" \/>\n<meta property=\"og:site_name\" content=\"\u017dupnija Menge\u0161\" \/>\n<meta property=\"article:published_time\" content=\"2020-03-22T06:51:11+00:00\" \/>\n<meta property=\"article:modified_time\" content=\"2020-03-28T21:05:03+00:00\" \/>\n<meta property=\"og:image\" content=\"https:\/\/zupnija-menges.rkc.si\/wp-content\/uploads\/2019\/03\/638px-Guido_Reni_-_Saint_Joseph_and_the_Christ_Child_-_Google_Art_Project-e1552944763249.jpg\" \/>\n\t<meta property=\"og:image:width\" content=\"300\" \/>\n\t<meta property=\"og:image:height\" content=\"361\" \/>\n\t<meta property=\"og:image:type\" content=\"image\/jpeg\" \/>\n<meta name=\"author\" content=\"\u017dupnija Menge\u0161\" \/>\n<meta name=\"twitter:card\" content=\"summary_large_image\" \/>\n<meta name=\"twitter:label1\" content=\"Written by\" \/>\n\t<meta name=\"twitter:data1\" content=\"\u017dupnija Menge\u0161\" \/>\n\t<meta name=\"twitter:label2\" content=\"Est. reading time\" \/>\n\t<meta name=\"twitter:data2\" content=\"1 minuta\" \/>\n<script type=\"application\/ld+json\" class=\"yoast-schema-graph\">{\"@context\":\"https:\/\/schema.org\",\"@graph\":[{\"@type\":\"WebPage\",\"@id\":\"https:\/\/zupnija-menges.rkc.si\/index.php\/2020\/03\/22\/cetrta-postna-nedelja\/\",\"url\":\"https:\/\/zupnija-menges.rkc.si\/index.php\/2020\/03\/22\/cetrta-postna-nedelja\/\",\"name\":\"\u010cetrta postna nedelja - \u017dupnija Menge\u0161\",\"isPartOf\":{\"@id\":\"https:\/\/zupnija-menges.rkc.si\/#website\"},\"datePublished\":\"2020-03-22T06:51:11+00:00\",\"dateModified\":\"2020-03-28T21:05:03+00:00\",\"author\":{\"@id\":\"https:\/\/zupnija-menges.rkc.si\/#\/schema\/person\/30a6136b3e62fe0948bbeadab6a011c8\"},\"breadcrumb\":{\"@id\":\"https:\/\/zupnija-menges.rkc.si\/index.php\/2020\/03\/22\/cetrta-postna-nedelja\/#breadcrumb\"},\"inLanguage\":\"sl-SI\",\"potentialAction\":[{\"@type\":\"ReadAction\",\"target\":[\"https:\/\/zupnija-menges.rkc.si\/index.php\/2020\/03\/22\/cetrta-postna-nedelja\/\"]}]},{\"@type\":\"BreadcrumbList\",\"@id\":\"https:\/\/zupnija-menges.rkc.si\/index.php\/2020\/03\/22\/cetrta-postna-nedelja\/#breadcrumb\",\"itemListElement\":[{\"@type\":\"ListItem\",\"position\":1,\"name\":\"Home\",\"item\":\"https:\/\/zupnija-menges.rkc.si\/\"},{\"@type\":\"ListItem\",\"position\":2,\"name\":\"\u010cetrta postna nedelja\"}]},{\"@type\":\"WebSite\",\"@id\":\"https:\/\/zupnija-menges.rkc.si\/#website\",\"url\":\"https:\/\/zupnija-menges.rkc.si\/\",\"name\":\"\u017dupnija Menge\u0161\",\"description\":\"\",\"potentialAction\":[{\"@type\":\"SearchAction\",\"target\":{\"@type\":\"EntryPoint\",\"urlTemplate\":\"https:\/\/zupnija-menges.rkc.si\/?s={search_term_string}\"},\"query-input\":\"required name=search_term_string\"}],\"inLanguage\":\"sl-SI\"},{\"@type\":\"Person\",\"@id\":\"https:\/\/zupnija-menges.rkc.si\/#\/schema\/person\/30a6136b3e62fe0948bbeadab6a011c8\",\"name\":\"\u017dupnija Menge\u0161\",\"image\":{\"@type\":\"ImageObject\",\"inLanguage\":\"sl-SI\",\"@id\":\"https:\/\/zupnija-menges.rkc.si\/#\/schema\/person\/image\/\",\"url\":\"https:\/\/secure.gravatar.com\/avatar\/5ab28e97e020e17154731a602459bd9e?s=96&d=mm&r=g\",\"contentUrl\":\"https:\/\/secure.gravatar.com\/avatar\/5ab28e97e020e17154731a602459bd9e?s=96&d=mm&r=g\",\"caption\":\"\u017dupnija Menge\u0161\"},\"url\":\"https:\/\/zupnija-menges.rkc.si\/index.php\/author\/zumenges\/\"}]}<\/script>\n<!-- \/ Yoast SEO plugin. -->","yoast_head_json":{"title":"\u010cetrta postna nedelja - \u017dupnija Menge\u0161","robots":{"index":"index","follow":"follow","max-snippet":"max-snippet:-1","max-image-preview":"max-image-preview:large","max-video-preview":"max-video-preview:-1"},"canonical":"https:\/\/zupnija-menges.rkc.si\/index.php\/2020\/03\/22\/cetrta-postna-nedelja\/","og_locale":"sl_SI","og_type":"article","og_title":"\u010cetrta postna nedelja - \u017dupnija Menge\u0161","og_description":"Iz\u0161la je nova \u0161tevilka Dru\u017eine. V njej pi\u0161e kako, je koronavirus\u00a0povezal svet. Duhovne spodbude v \u010dasu izrednih ukrepov.\u00a0Pape\u017e pe\u0161 romal za konec pandemije. \u0160kofje spodbujajo k\u00a0solidarnosti in odgovornemu ravnanju. V [&hellip;]","og_url":"https:\/\/zupnija-menges.rkc.si\/index.php\/2020\/03\/22\/cetrta-postna-nedelja\/","og_site_name":"\u017dupnija Menge\u0161","article_published_time":"2020-03-22T06:51:11+00:00","article_modified_time":"2020-03-28T21:05:03+00:00","og_image":[{"width":300,"height":361,"url":"https:\/\/zupnija-menges.rkc.si\/wp-content\/uploads\/2019\/03\/638px-Guido_Reni_-_Saint_Joseph_and_the_Christ_Child_-_Google_Art_Project-e1552944763249.jpg","type":"image\/jpeg"}],"author":"\u017dupnija Menge\u0161","twitter_card":"summary_large_image","twitter_misc":{"Written by":"\u017dupnija Menge\u0161","Est. reading time":"1 minuta"},"schema":{"@context":"https:\/\/schema.org","@graph":[{"@type":"WebPage","@id":"https:\/\/zupnija-menges.rkc.si\/index.php\/2020\/03\/22\/cetrta-postna-nedelja\/","url":"https:\/\/zupnija-menges.rkc.si\/index.php\/2020\/03\/22\/cetrta-postna-nedelja\/","name":"\u010cetrta postna nedelja - \u017dupnija Menge\u0161","isPartOf":{"@id":"https:\/\/zupnija-menges.rkc.si\/#website"},"datePublished":"2020-03-22T06:51:11+00:00","dateModified":"2020-03-28T21:05:03+00:00","author":{"@id":"https:\/\/zupnija-menges.rkc.si\/#\/schema\/person\/30a6136b3e62fe0948bbeadab6a011c8"},"breadcrumb":{"@id":"https:\/\/zupnija-menges.rkc.si\/index.php\/2020\/03\/22\/cetrta-postna-nedelja\/#breadcrumb"},"inLanguage":"sl-SI","potentialAction":[{"@type":"ReadAction","target":["https:\/\/zupnija-menges.rkc.si\/index.php\/2020\/03\/22\/cetrta-postna-nedelja\/"]}]},{"@type":"BreadcrumbList","@id":"https:\/\/zupnija-menges.rkc.si\/index.php\/2020\/03\/22\/cetrta-postna-nedelja\/#breadcrumb","itemListElement":[{"@type":"ListItem","position":1,"name":"Home","item":"https:\/\/zupnija-menges.rkc.si\/"},{"@type":"ListItem","position":2,"name":"\u010cetrta postna nedelja"}]},{"@type":"WebSite","@id":"https:\/\/zupnija-menges.rkc.si\/#website","url":"https:\/\/zupnija-menges.rkc.si\/","name":"\u017dupnija Menge\u0161","description":"","potentialAction":[{"@type":"SearchAction","target":{"@type":"EntryPoint","urlTemplate":"https:\/\/zupnija-menges.rkc.si\/?s={search_term_string}"},"query-input":"required name=search_term_string"}],"inLanguage":"sl-SI"},{"@type":"Person","@id":"https:\/\/zupnija-menges.rkc.si\/#\/schema\/person\/30a6136b3e62fe0948bbeadab6a011c8","name":"\u017dupnija Menge\u0161","image":{"@type":"ImageObject","inLanguage":"sl-SI","@id":"https:\/\/zupnija-menges.rkc.si\/#\/schema\/person\/image\/","url":"https:\/\/secure.gravatar.com\/avatar\/5ab28e97e020e17154731a602459bd9e?s=96&d=mm&r=g","contentUrl":"https:\/\/secure.gravatar.com\/avatar\/5ab28e97e020e17154731a602459bd9e?s=96&d=mm&r=g","caption":"\u017dupnija Menge\u0161"},"url":"https:\/\/zupnija-menges.rkc.si\/index.php\/author\/zumenges\/"}]}},"_links":{"self":[{"href":"https:\/\/zupnija-menges.rkc.si\/index.php\/wp-json\/wp\/v2\/posts\/1022"}],"collection":[{"href":"https:\/\/zupnija-menges.rkc.si\/index.php\/wp-json\/wp\/v2\/posts"}],"about":[{"href":"https:\/\/zupnija-menges.rkc.si\/index.php\/wp-json\/wp\/v2\/types\/post"}],"author":[{"embeddable":true,"href":"https:\/\/zupnija-menges.rkc.si\/index.php\/wp-json\/wp\/v2\/users\/2"}],"replies":[{"embeddable":true,"href":"https:\/\/zupnija-menges.rkc.si\/index.php\/wp-json\/wp\/v2\/comments?post=1022"}],"version-history":[{"count":1,"href":"https:\/\/zupnija-menges.rkc.si\/index.php\/wp-json\/wp\/v2\/posts\/1022\/revisions"}],"predecessor-version":[{"id":1024,"href":"https:\/\/zupnija-menges.rkc.si\/index.php\/wp-json\/wp\/v2\/posts\/1022\/revisions\/1024"}],"wp:featuredmedia":[{"embeddable":true,"href":"https:\/\/zupnija-menges.rkc.si\/index.php\/wp-json\/wp\/v2\/media\/661"}],"wp:attachment":[{"href":"https:\/\/zupnija-menges.rkc.si\/index.php\/wp-json\/wp\/v2\/media?parent=1022"}],"wp:term":[{"taxonomy":"category","embeddable":true,"href":"https:\/\/zupnija-menges.rkc.si\/index.php\/wp-json\/wp\/v2\/categories?post=1022"},{"taxonomy":"post_tag","embeddable":true,"href":"https:\/\/zupnija-menges.rkc.si\/index.php\/wp-json\/wp\/v2\/tags?post=1022"}],"curies":[{"name":"wp","href":"https:\/\/api.w.org\/{rel}","templated":true}]}}